{"id":14275,"date":"2023-08-24T11:43:22","date_gmt":"2023-08-24T08:43:22","guid":{"rendered":"https:\/\/marmarayerelhizmet.com\/?p=14275"},"modified":"2023-08-24T11:43:22","modified_gmt":"2023-08-24T08:43:22","slug":"orman-yangini-kontrol-altinda","status":"publish","type":"post","link":"https:\/\/marmarayerelhizmet.com\/index.php\/2023\/08\/24\/orman-yangini-kontrol-altinda\/","title":{"rendered":"Orman Yang\u0131n\u0131 Kontrol Alt\u0131nda"},"content":{"rendered":"<p><strong><span style=\"font-family: arial, helvetica, sans-serif; font-size: 14px;\">Tar\u0131m ve Orman Bakan\u0131 \u0130brahim Yumakl\u0131, \u00c7anakkale&#8217;deki orman yang\u0131n\u0131n\u0131n 48 saat dolmadan kontrol alt\u0131na al\u0131nd\u0131\u011f\u0131n\u0131 belirterek, &#8220;Yang\u0131n s\u00f6nd\u00fcrme \u00e7al\u0131\u015fmas\u0131na 10 u\u00e7ak, 38 helikopter, 3 bin 174 personel, 790 kara arac\u0131 yang\u0131n s\u00f6nd\u00fcrme \u00e7al\u0131\u015fmalar\u0131na kat\u0131ld\u0131. Hava ta\u015f\u0131tlar\u0131m\u0131z 2828 sortu yapt\u0131, 9 bin tona yak\u0131n su kulland\u0131. \u0130HA&#8217;lar da yang\u0131n noktalar\u0131n\u0131n tespit ve m\u00fcdahalede \u00e7ok \u00f6nemli g\u00f6rev yapt\u0131. Yang\u0131n yerle\u015fim yerine yak\u0131n bir araziden \u00e7\u0131kt\u0131, sebebini kolluk kuvveti arkada\u015flar\u0131m\u0131z ara\u015ft\u0131r\u0131yor&#8221; dedi.<br \/>\n<\/span><\/strong><br \/>\n<span style=\"font-family: arial, helvetica, sans-serif; font-size: 14px;\">Bakan Yumakl\u0131, \u00c7anakkale yang\u0131n\u0131na ili\u015fkin bas\u0131n toplant\u0131s\u0131nda son durumu payla\u015ft\u0131.<\/span><br \/>\n<span style=\"font-family: arial, helvetica, sans-serif; font-size: 14px;\">Bakan Yumakl\u0131, Orman Te\u015fkilat\u0131, AFAD\u2019\u0131n koordinasyonunda di\u011fer t\u00fcm kurumlar, STK\u2019lar, g\u00f6n\u00fcll\u00fcler, \u00c7anakkale ve T\u00fcrk Milleti&#8217;nin eme\u011fi, duas\u0131 ve deste\u011fiyle 48 saat dolmadan orman yang\u0131n\u0131n\u0131n\u0131 kontrol alt\u0131na ald\u0131klar\u0131n\u0131 belirterek, &#8220;\u00c7anakkale Ruhu\u2019nu bir kez daha b\u00fct\u00fcn T\u00fcrkiye\u2019ye g\u00f6steren \u00e7al\u0131\u015fanlara te\u015fekk\u00fcr ediyorum. 7 vatanda\u015f\u0131m\u0131z\u0131n m\u00fc\u015fahade alt\u0131nda oldu\u011funu ifade etmek istiyorum. Bu vatanda\u015flar\u0131m\u0131z\u0131n kronik rahats\u0131zl\u0131\u011f\u0131 vard\u0131. 1 g\u00f6n\u00fcll\u00fcm\u00fczde hayati tehlike olmayan yaralanma s\u00f6zkonusu idi. Herhangi bir tehlike ve sorun olu\u015fturacak durum yok. Elbette can kayb\u0131m\u0131z\u0131n olmamas\u0131 bizi son derece mutlu etti. Etkilenen alanda etkilenen canl\u0131lar i\u00e7in i\u00e7imiz ac\u0131d\u0131. Bizim d\u00fcnyay\u0131 birlikte payla\u015ft\u0131\u011f\u0131m\u0131z canl\u0131lar\u0131n bu yang\u0131ndan yo\u011fun \u015fekilde etkilenmesi s\u00f6zkonusu. D\u00fcn ak\u015fam itibariyle bizi \u00e7ok yordu\u011funu s\u00f6yledi\u011fimiz b\u00f6l\u00fcm de olmak \u00fczere yang\u0131ndan etkilenenen alanla ilgili \u00e7al\u0131\u015fma yapt\u0131k. Yang\u0131ndan etkilenen alan, tamamen hasar de\u011fil. 2650 hektarl\u0131k ormanl\u0131k alan, 1430 hektarl\u0131k tar\u0131m ve di\u011fer alanlar olmak \u00fczere 4 bin 80 hektar\u0131n etkilenmesi s\u00f6z konusu. Yap\u0131lacak incelemelerden sonra bu etkinin ne kadar hasara d\u00f6n\u00fc\u015ft\u00fc\u011f\u00fcn\u00fc tespit edece\u011fiz. Etkilenen alan\u0131n toplam b\u00fcy\u00fckl\u00fc\u011f\u00fc bu kadar. 7 ev hasarl\u0131. Bunlardan 3\u2019\u00fc kullan\u0131lmayan evdi. 29 ah\u0131r ve a\u011f\u0131l benzeri yap\u0131 hasarland\u0131. Baz\u0131 sebze meyve bah\u00e7eleri etkilendi. Arkada\u015flar\u0131m\u0131z \u00e7al\u0131\u015fmalar\u0131n\u0131 s\u00fcrd\u00fcr\u00fcyorlar&#8221; dedi.<\/span><br \/>\n<span style=\"font-family: arial, helvetica, sans-serif; font-size: 14px;\">Yang\u0131n s\u00f6nd\u00fcrme \u00e7al\u0131\u015fmalar\u0131na 10 u\u00e7ak, 38 helikopterin kat\u0131ld\u0131\u011f\u0131n\u0131 hat\u0131rlatan Bakan Yumakl\u0131 s\u00f6zlerini \u015f\u00f6yle s\u00fcrd\u00fcrd\u00fc: &#8220;Bizden desteklerini esirgemeyen \u0130\u00e7i\u015fleri ve Milli Savunma Bakanl\u0131\u011f\u0131m\u0131za \u00e7ok te\u015fekk\u00fcr ederim. 503 saat hava ara\u00e7lar\u0131 u\u00e7u\u015f yapt\u0131, 2828 sorti yapt\u0131. 9 bin tona yak\u0131n suyu da yang\u0131n alan\u0131nda kulland\u0131. \u0130nsans\u0131z hava ara\u00e7lar\u0131 ki sadece d\u00fcnyada iki \u00fclke kullan\u0131yor, bir tanesi biziz. Bizim g\u00f6z\u00fcm\u00fcz kula\u011f\u0131m\u0131z. Onlar bizim yang\u0131nla m\u00fccadelemizin en \u00f6nemli unsuru. Onlardan ald\u0131\u011f\u0131m\u0131z anl\u0131k g\u00f6r\u00fcnt\u00fcleri, sahadaki arkada\u015flarla payla\u015farak yang\u0131na hangi alanlarda m\u00fcdahale etmesi gerekti\u011fini iletiyoruz. 24 saat boyunca da \u0130HA\u2019lar havadayd\u0131. Onlar\u0131n g\u00f6r\u00fcnt\u00fcleri m\u00fccadelede \u00e7ok \u00f6nemli unsur oldu. 790 kara arac\u0131, b\u00fcy\u00fck k\u0131sm\u0131 araz\u00f6z, i\u015f makinesi, dozerler kullan\u0131ld\u0131. 3174 personel de Orman Genel M\u00fcd\u00fcrl\u00fc\u011f\u00fc ba\u015fta, di\u011fer kurumlar\u0131n \u00e7al\u0131\u015fanlar\u0131yla sahada m\u00fccadele etti<\/span><br \/>\n<span style=\"font-family: arial, helvetica, sans-serif; font-size: 14px;\">Ben bir kez daha ba\u015fta orman\u0131n kahramanlar\u0131 olmak \u00fczere, kamu kurumlar\u0131n\u0131n b\u00fct\u00fcn personelleri, sivil toplum kurulu\u015flar\u0131na, \u00c7anakkale halk\u0131na dayan\u0131\u015fmalar\u0131ndan dolay\u0131 te\u015fekk\u00fcr etmek istiyorum. \u00c7anakkale \u00c7an karayolu ula\u015f\u0131ma a\u00e7\u0131ld\u0131. Ayn\u0131 zamanda bo\u011faz trafi\u011fi de tek y\u00f6nl\u00fc ula\u015f\u0131ma a\u00e7\u0131lm\u0131\u015f olacak. Bizim helikopterlerimizin so\u011futma \u00e7al\u0131\u015fmalar\u0131 devam edecek. Sahay\u0131, di\u011fer kara ekipleriyle birlikte so\u011futacaklar. Eski\u015fehir\u2019de d\u00fcn ak\u015fam \u00e7\u0131kan yang\u0131n da yine yakla\u015f\u0131k 260 hektarl\u0131k orman\u0131 etkilemi\u015fti. Oradaki arkada\u015flarla yo\u011fun m\u00fccadeleden sonra kontrol alt\u0131na ald\u0131lar. An itibariyle aktif yang\u0131n s\u00f6z konusu de\u011fil. Ben s\u00fcreci ba\u015flang\u0131\u00e7tan itibaren yak\u0131ndan takip eden bize cesaret ve moral veren Say\u0131n Cumhurba\u015fkan\u0131m\u0131za \u015f\u00fckranlar\u0131m\u0131 arz ediyorum. Rabbim \u00fclkemizi her t\u00fcrl\u00fc afetten, her t\u00fcrl\u00fc kaza,beladan muhafaza etsin. Yang\u0131n yerle\u015fim yerine yak\u0131n bir araziden \u00e7\u0131kt\u0131, sebebini kolluk kuvveti arkada\u015flar\u0131m\u0131z ara\u015ft\u0131r\u0131yorlar&#8221;<\/span><\/p>\n","protected":false},"excerpt":{"rendered":"<p>Tar\u0131m ve Orman Bakan\u0131 \u0130brahim Yumakl\u0131, \u00c7anakkale&#8217;deki orman yang\u0131n\u0131n\u0131n 48 saat dolmadan kontrol alt\u0131na al\u0131nd\u0131\u011f\u0131n\u0131 belirterek, &#8220;Yang\u0131n s\u00f6nd\u00fcrme \u00e7al\u0131\u015fmas\u0131na 10<\/p>\n","protected":false},"author":3,"featured_media":14277,"comment_status":"open","ping_status":"open","sticky":false,"template":"","format":"standard","meta":{"colormag_page_container_layout":"default_layout","colormag_page_sidebar_layout":"default_layout","footnotes":""},"categories":[1,5],"tags":[],"class_list":["post-14275","post","type-post","status-publish","format-standard","has-post-thumbnail","hentry","category-genel","category-gundem"],"_links":{"self":[{"href":"https:\/\/marmarayerelhizmet.com\/index.php\/wp-json\/wp\/v2\/posts\/14275","targetHints":{"allow":["GET"]}}],"collection":[{"href":"https:\/\/marmarayerelhizmet.com\/index.php\/wp-json\/wp\/v2\/posts"}],"about":[{"href":"https:\/\/marmarayerelhizmet.com\/index.php\/wp-json\/wp\/v2\/types\/post"}],"author":[{"embeddable":true,"href":"https:\/\/marmarayerelhizmet.com\/index.php\/wp-json\/wp\/v2\/users\/3"}],"replies":[{"embeddable":true,"href":"https:\/\/marmarayerelhizmet.com\/index.php\/wp-json\/wp\/v2\/comments?post=14275"}],"version-history":[{"count":0,"href":"https:\/\/marmarayerelhizmet.com\/index.php\/wp-json\/wp\/v2\/posts\/14275\/revisions"}],"wp:featuredmedia":[{"embeddable":true,"href":"https:\/\/marmarayerelhizmet.com\/index.php\/wp-json\/wp\/v2\/media\/14277"}],"wp:attachment":[{"href":"https:\/\/marmarayerelhizmet.com\/index.php\/wp-json\/wp\/v2\/media?parent=14275"}],"wp:term":[{"taxonomy":"category","embeddable":true,"href":"https:\/\/marmarayerelhizmet.com\/index.php\/wp-json\/wp\/v2\/categories?post=14275"},{"taxonomy":"post_tag","embeddable":true,"href":"https:\/\/marmarayerelhizmet.com\/index.php\/wp-json\/wp\/v2\/tags?post=14275"}],"curies":[{"name":"wp","href":"https:\/\/api.w.org\/{rel}","templated":true}]}}