{"id":14271,"date":"2023-08-24T11:40:07","date_gmt":"2023-08-24T08:40:07","guid":{"rendered":"https:\/\/marmarayerelhizmet.com\/?p=14271"},"modified":"2023-08-24T11:40:07","modified_gmt":"2023-08-24T08:40:07","slug":"turkiyenin-gelecegi-geste","status":"publish","type":"post","link":"https:\/\/marmarayerelhizmet.com\/index.php\/2023\/08\/24\/turkiyenin-gelecegi-geste\/","title":{"rendered":"T\u00fcrkiye\u2019nin Gelece\u011fi GES\u2019te"},"content":{"rendered":"<p><strong><span style=\"font-family: arial, helvetica, sans-serif; font-size: 14px;\">Otomobilden, savunma sanayiine, rayl\u0131 sistemlerden helikopter ve u\u00e7aklara kadar \u201cyerli ve milli \u00fcretim\u201d odakl\u0131 haraket eden T\u00fcrkiye, enerji \u00fcretimini de ba\u015fta G\u00fcne\u015f Enerjisi Santralleri (GES) yani yenilenebilir, do\u011fa dostu ve temiz enerji kaynaklardan sa\u011flamay\u0131 hedefliyor.<\/span><\/strong><\/p>\n<p><span style=\"font-family: arial, helvetica, sans-serif; font-size: 14px;\">G\u00fcne\u015f Enerji Santralleri de (GES) hem kolay kurulum, hem uzun s\u00fcre kullan\u0131m hem de maliyet ac\u0131s\u0131ndan en \u00e7ok tercih edilen sistemlerin ba\u015f\u0131nda geliyor. T\u00fcrkiye&#8217;nin yenilenebilir enerji ile ilgili \u015firketlerinden Lotus Enerji A.\u015e Y\u00f6netim Kurulu Ba\u015fkan\u0131 Ey\u00fcp K\u00f6kl\u00fc, g\u00fcn\u00fcm\u00fczde GES ve di\u011fer yenilenebilir enerji yat\u0131r\u0131mlar\u0131n\u0131n ciddi oranda artmaya ba\u015flad\u0131\u011f\u0131n\u0131 s\u00f6yledi. Fosil yak\u0131t\u0131n hem iyice azald\u0131\u011f\u0131n\u0131 hem de \u00e7ok pahal\u0131 hale geldi\u011fini, gaz\u0131n da sava\u015flar ve kar\u0131\u015f\u0131kl\u0131klar nedeniyle bir noktadan ba\u015fka bir noktaya aktar\u0131lmas\u0131 noktas\u0131nda s\u0131k\u0131nt\u0131lar ya\u015fand\u0131\u011f\u0131n\u0131 vurgulayan Ey\u00fcp K\u00f6kl\u00fc bunun do\u011fal sonucu olarak da pek \u00e7ok b\u00fcy\u00fck firman\u0131n GES\u2019e y\u00f6neldi\u011fini belirtti.<\/span><\/p>\n<p><strong><span style=\"font-family: arial, helvetica, sans-serif; font-size: 14px;\">Minimum maliyet maksimum fayda<\/span><\/strong><br \/>\n<span style=\"font-family: arial, helvetica, sans-serif; font-size: 14px;\">Teknolojinin geli\u015fmeye ba\u015flamas\u0131yla birlikte GES \u00fcr\u00fcnlerinin de geli\u015fti\u011fini ve daha fonksiyonel hale geldi\u011fini ifade eden K\u00f6kl\u00fc, art\u0131k \u00e7ok k\u00fc\u00e7\u00fck alanlara dahi GES\u2019ler kurulabildi\u011fine i\u015faret etti. Art\u0131k fabrikalar\u0131n\u0131n \u00e7at\u0131lar\u0131n\u0131n, bah\u00e7elerinin birer GES \u00fcretim merkezine d\u00f6n\u00fc\u015ft\u00fcr\u00fcld\u00fc\u011f\u00fcn\u00fc vurgulayan K\u00f6kl\u00fc, \u201cGES i\u00e7in illa devasa alanlar gerekmiyor. At\u0131l olarak d\u00fc\u015f\u00fcn\u00fclen her alan GES \u00fcretim merkezi haline d\u00f6n\u00fc\u015ft\u00fcr\u00fclebilir. B\u00fcy\u00fck konut siteleri, orta ve k\u00fc\u00e7\u00fck \u00f6l\u00e7ekli i\u015fletmelerin \u00e7at\u0131lar\u0131 da elektrik \u00fcretimi i\u00e7in olduk\u00e7a uygun alanlar. Ayr\u0131ca GES \u00f6yle san\u0131ld\u0131\u011f\u0131 kadar pahal\u0131 bir yat\u0131r\u0131m de\u011fil. Yani GES\u2019lerlerden minimum maliyet maksimum fayda sa\u011flanabiliyor\u201d dedi.<\/span><\/p>\n<p><strong><span style=\"font-family: arial, helvetica, sans-serif; font-size: 14px;\">GES yat\u0131r\u0131mlar\u0131 her ge\u00e7en g\u00fcn art\u0131yor<\/span><\/strong><br \/>\n<span style=\"font-family: arial, helvetica, sans-serif; font-size: 14px;\">Bir GES yat\u0131r\u0131m\u0131n\u0131n kendisini 5 y\u0131lda amorti etti\u011fini, iyi ve do\u011fru kullan\u0131m halinde en az neredeyse s\u0131f\u0131r maliyetle enerji sa\u011flanabildi\u011fini anlatan Ey\u00fcp K\u00f6kl\u00fc, \u201cD\u00fcnya art\u0131k yenilenebilir enerji kaynaklar\u0131na y\u00f6neldi. T\u00fcrkiye\u2019de de bu y\u00f6ne ciddi bir e\u011filim var. R\u00fczgar enerjisi, hidro elektrik santralleri de var ama GES \u00e7ok daha az maliyetli ve kullan\u0131\u015fl\u0131. Ayr\u0131ca kullan\u0131m alan\u0131 olduk\u00e7a geni\u015f. T\u00fcrkiye\u2019de ciddi manada GES yat\u0131r\u0131m yap\u0131l\u0131yor. En \u00f6nemlisi de GES ve yenilenebilir enerji santralleri sayesinde T\u00fcrkiye\u2019nin milyarlarca dolar\u0131 kasas\u0131nda kal\u0131yor. H\u00fck\u00fcmetimiz de GES yat\u0131r\u0131mlar\u0131na ciddi manada destek veriyor\u201d diye konu\u015ftu.<\/span><\/p>\n<p><strong><span style=\"font-family: arial, helvetica, sans-serif; font-size: 14px;\">Yerlilik oran\u0131m\u0131z y\u00fczde y\u00fczde 58,2<\/span><\/strong><br \/>\n<span style=\"font-family: arial, helvetica, sans-serif; font-size: 14px;\">Lotus Enerji olarak piyasada 5 y\u0131ldan beri hizmet verdiklerini vurgulayan K\u00f6kl\u00fc, \u015f\u00f6yle devam etti: \u201cT\u00fcrkiye\u2019nin gelece\u011fi GES\u2019te. Firma olarak biz de bunu g\u00f6rd\u00fc\u011f\u00fcm\u00fcz i\u00e7in ciddi anlamda yat\u0131r\u0131m yapt\u0131k. Bursa, Bilecik, Afyonkarahisar, Yozgat ve K\u00fctahya\u2019da yat\u0131r\u0131mlar\u0131m\u0131z var. Ayr\u0131ca santrallerimizde kulland\u0131\u011f\u0131m\u0131z panel ve di\u011fer malzemelerin yerlilik oran\u0131 y\u00fczde y\u00fczde 58,2. Bu da olduk\u00e7a iyi bir rakam. Yani firma olarak \u00fclkemiz kaynaklar\u0131n\u0131n yine \u00fclkemizde kalmas\u0131 i\u00e7in yo\u011fun \u00e7aba sarf ediyoruz. \u00d6n\u00fcm\u00fczdeki s\u00fcre\u00e7te GES ve yenilenebilir enerjiye olan ilginin daha da artaca\u011f\u0131n\u0131 bildi\u011fimiz i\u00e7in yat\u0131r\u0131mlar\u0131m\u0131z\u0131 ona g\u00f6re artt\u0131r\u0131yoruz.\u201d<\/span><\/p>\n<p><span style=\"font-family: arial, helvetica, sans-serif; font-size: 14px;\">Bir GES yat\u0131r\u0131m\u0131n\u0131n ekonomik \u00f6mr\u00fcn\u00fcn ez az 20-25 y\u0131l olmas\u0131 gerekti\u011fine i\u015faret eden K\u00f6kl\u00fc, \u201cGES zaten kendisini k\u0131sa s\u00fcrede amorti eden bir yat\u0131r\u0131m. O nedenle yat\u0131r\u0131m s\u00fcrecinde \u2018maliyet\u2019 de\u011fil verim \u2018maksimum\u2019 verim \u00f6n planda olmal\u0131. Aksi halde \u2018santrali uzuca mal ettim\u2019 derken tesisin arzu edilenin \u00e7ok alt\u0131nda \u00fcretim yapmas\u0131 ka\u00e7\u0131n\u0131lmaz olur\u201d diyerek s\u00f6zlerini tamamlad\u0131.<\/span><\/p>\n","protected":false},"excerpt":{"rendered":"<p>Otomobilden, savunma sanayiine, rayl\u0131 sistemlerden helikopter ve u\u00e7aklara kadar \u201cyerli ve milli \u00fcretim\u201d odakl\u0131 haraket eden T\u00fcrkiye, enerji \u00fcretimini de<\/p>\n","protected":false},"author":3,"featured_media":14273,"comment_status":"open","ping_status":"open","sticky":false,"template":"","format":"standard","meta":{"colormag_page_container_layout":"default_layout","colormag_page_sidebar_layout":"default_layout","footnotes":""},"categories":[1,5],"tags":[],"class_list":["post-14271","post","type-post","status-publish","format-standard","has-post-thumbnail","hentry","category-genel","category-gundem"],"_links":{"self":[{"href":"https:\/\/marmarayerelhizmet.com\/index.php\/wp-json\/wp\/v2\/posts\/14271","targetHints":{"allow":["GET"]}}],"collection":[{"href":"https:\/\/marmarayerelhizmet.com\/index.php\/wp-json\/wp\/v2\/posts"}],"about":[{"href":"https:\/\/marmarayerelhizmet.com\/index.php\/wp-json\/wp\/v2\/types\/post"}],"author":[{"embeddable":true,"href":"https:\/\/marmarayerelhizmet.com\/index.php\/wp-json\/wp\/v2\/users\/3"}],"replies":[{"embeddable":true,"href":"https:\/\/marmarayerelhizmet.com\/index.php\/wp-json\/wp\/v2\/comments?post=14271"}],"version-history":[{"count":0,"href":"https:\/\/marmarayerelhizmet.com\/index.php\/wp-json\/wp\/v2\/posts\/14271\/revisions"}],"wp:featuredmedia":[{"embeddable":true,"href":"https:\/\/marmarayerelhizmet.com\/index.php\/wp-json\/wp\/v2\/media\/14273"}],"wp:attachment":[{"href":"https:\/\/marmarayerelhizmet.com\/index.php\/wp-json\/wp\/v2\/media?parent=14271"}],"wp:term":[{"taxonomy":"category","embeddable":true,"href":"https:\/\/marmarayerelhizmet.com\/index.php\/wp-json\/wp\/v2\/categories?post=14271"},{"taxonomy":"post_tag","embeddable":true,"href":"https:\/\/marmarayerelhizmet.com\/index.php\/wp-json\/wp\/v2\/tags?post=14271"}],"curies":[{"name":"wp","href":"https:\/\/api.w.org\/{rel}","templated":true}]}}