{"id":14267,"date":"2023-08-24T10:51:39","date_gmt":"2023-08-24T07:51:39","guid":{"rendered":"https:\/\/marmarayerelhizmet.com\/?p=14267"},"modified":"2023-08-24T10:51:39","modified_gmt":"2023-08-24T07:51:39","slug":"barajlarda-buharlasma-tehlikesi","status":"publish","type":"post","link":"https:\/\/marmarayerelhizmet.com\/index.php\/2023\/08\/24\/barajlarda-buharlasma-tehlikesi\/","title":{"rendered":"Barajlarda Buharla\u015fma Tehlikesi"},"content":{"rendered":"<p><strong><span style=\"font-family: arial, helvetica, sans-serif; font-size: 14px;\">\u0130stanbul\u2019da yaz aylar\u0131nda mevsim normallerinin \u00fczerine \u00e7\u0131kan s\u0131cakl\u0131k nedeniyle mega kentteki barajlarda bulunan su buharla\u015f\u0131yor. Sazl\u0131bosna Baraj\u0131 \u00e7evresinde olu\u015fan s\u0131cak hava dalgas\u0131 kameraya \u00e7ekilen g\u00f6r\u00fcnt\u00fclere yans\u0131d\u0131.<br \/>\n<\/span><\/strong><br \/>\n<span style=\"font-family: arial, helvetica, sans-serif; font-size: 14px;\">\u0130stanbul Su Ve Kanalizasyon \u0130daresi (\u0130SK\u0130) verilerine g\u00f6re \u015fehirdeki barajlar\u0131n genel doluluk oran\u0131 son 9 y\u0131l\u0131n en d\u00fc\u015f\u00fck seviyesine gerileyerek y\u00fczde 31.25 oldu. Ya\u011f\u0131\u015fs\u0131z ge\u00e7en yaz aylar\u0131 nedeniyle kurakl\u0131k tehlikesi ile kar\u015f\u0131 kar\u015f\u0131ya kalan barajlarda hava s\u0131cakl\u0131klar\u0131 nedeniyle rekor buharla\u015fma olmas\u0131 bekleniyor. Uzmanlara g\u00f6re s\u0131cak hava ve y\u00fcksek nem nedeniyle \u0130stanbul\u2019da her g\u00fcn on binlerce ton baraj suyu buharla\u015f\u0131yor. Sazl\u0131dere Baraj\u0131\u2019nda kaydedilen g\u00f6r\u00fcnt\u00fclerde ise s\u0131cak hava dalgas\u0131n\u0131n nas\u0131l etkili oldu\u011fu kamerada \u00e7ekilen g\u00f6r\u00fcnt\u00fclere yans\u0131d\u0131. Baraj \u00e7evresinde d\u00fc\u015fen su seviyesi nedeniyle dipte kalan at\u0131klar g\u00fcn y\u00fcz\u00fcne \u00e7\u0131k\u0131yor. Plastik at\u0131klar, cam \u015fi\u015feleri, araba lastikleri ile dolan g\u00f6l\u00fcn \u00e7evresi i\u00e7in herhangi bir temizleme \u00e7al\u0131\u015fmalar\u0131 yap\u0131lm\u0131yor. \u0130stanbul&#8217;un su ihtiyac\u0131n\u0131 kar\u015f\u0131layan barajlar\u0131n doluluk oranlar\u0131 \u0130SK\u0130 verilerine g\u00f6re en d\u00fc\u015f\u00fck Papu\u00e7dere y\u00fczde 4.18 seviyesinde ve Kazandere ise y\u00fczde 9.42 seviyesinde. Doluluk oran\u0131 y\u00fczde 10.66 seviyesine gerileyen B\u00fcy\u00fck\u00e7ekmece Baraj\u0131n\u0131 doluluk oran\u0131 y\u00fczde 15.4 seviyesine d\u00fc\u015fen Sazl\u0131dere Baraj\u0131 takip ediyor. Alibey Baraj\u0131nda y\u00fczde 13.95 seviyelerine kadar d\u00fc\u015fen doluluk oran\u0131n\u0131 Istrancalar Baraj\u0131 y\u00fczde 18.27 ile takip ediyor. Terkos Baraj\u0131\u2019nda y\u00fczde 17.52 oran\u0131na kadar su seviyesi geriledi. Elmal\u0131 Baraj\u0131nda doluluk y\u00fczde 21.48 oran\u0131na d\u00fc\u015ft\u00fc\u011f\u00fc belirlendi. Darl\u0131k Baraj\u0131\u2019nda ise y\u00fczde 46.06 seviyesine kadar d\u00fc\u015ft\u00fc. \u0130stanbul\u2019un y\u00fczde 50 seviyesini ge\u00e7en tek baraj\u0131 olan \u00d6merli Baraj\u0131nda ise doluluk y\u00fczde 64.54 olarak \u00f6l\u00e7\u00fcld\u00fc.<\/span><\/p>\n","protected":false},"excerpt":{"rendered":"<p>\u0130stanbul\u2019da yaz aylar\u0131nda mevsim normallerinin \u00fczerine \u00e7\u0131kan s\u0131cakl\u0131k nedeniyle mega kentteki barajlarda bulunan su buharla\u015f\u0131yor. Sazl\u0131bosna Baraj\u0131 \u00e7evresinde olu\u015fan s\u0131cak<\/p>\n","protected":false},"author":3,"featured_media":14269,"comment_status":"open","ping_status":"open","sticky":false,"template":"","format":"standard","meta":{"colormag_page_container_layout":"default_layout","colormag_page_sidebar_layout":"default_layout","footnotes":""},"categories":[1,5],"tags":[],"class_list":["post-14267","post","type-post","status-publish","format-standard","has-post-thumbnail","hentry","category-genel","category-gundem"],"_links":{"self":[{"href":"https:\/\/marmarayerelhizmet.com\/index.php\/wp-json\/wp\/v2\/posts\/14267","targetHints":{"allow":["GET"]}}],"collection":[{"href":"https:\/\/marmarayerelhizmet.com\/index.php\/wp-json\/wp\/v2\/posts"}],"about":[{"href":"https:\/\/marmarayerelhizmet.com\/index.php\/wp-json\/wp\/v2\/types\/post"}],"author":[{"embeddable":true,"href":"https:\/\/marmarayerelhizmet.com\/index.php\/wp-json\/wp\/v2\/users\/3"}],"replies":[{"embeddable":true,"href":"https:\/\/marmarayerelhizmet.com\/index.php\/wp-json\/wp\/v2\/comments?post=14267"}],"version-history":[{"count":0,"href":"https:\/\/marmarayerelhizmet.com\/index.php\/wp-json\/wp\/v2\/posts\/14267\/revisions"}],"wp:featuredmedia":[{"embeddable":true,"href":"https:\/\/marmarayerelhizmet.com\/index.php\/wp-json\/wp\/v2\/media\/14269"}],"wp:attachment":[{"href":"https:\/\/marmarayerelhizmet.com\/index.php\/wp-json\/wp\/v2\/media?parent=14267"}],"wp:term":[{"taxonomy":"category","embeddable":true,"href":"https:\/\/marmarayerelhizmet.com\/index.php\/wp-json\/wp\/v2\/categories?post=14267"},{"taxonomy":"post_tag","embeddable":true,"href":"https:\/\/marmarayerelhizmet.com\/index.php\/wp-json\/wp\/v2\/tags?post=14267"}],"curies":[{"name":"wp","href":"https:\/\/api.w.org\/{rel}","templated":true}]}}