{"id":14259,"date":"2023-08-24T09:01:52","date_gmt":"2023-08-24T06:01:52","guid":{"rendered":"https:\/\/marmarayerelhizmet.com\/?p=14259"},"modified":"2023-08-24T09:01:52","modified_gmt":"2023-08-24T06:01:52","slug":"hayalet-koye-donustu","status":"publish","type":"post","link":"https:\/\/marmarayerelhizmet.com\/index.php\/2023\/08\/24\/hayalet-koye-donustu\/","title":{"rendered":"Hayalet K\u00f6ye D\u00f6n\u00fc\u015ft\u00fc"},"content":{"rendered":"<p><strong><span style=\"font-family: arial, helvetica, sans-serif; font-size: 14px;\">\u00c7anakkale\u2019de 46 saat \u00f6nce ba\u015flayan yang\u0131na havadan ve karadan m\u00fcdahale devam ederken 3. g\u00fcnde ilk \u0131\u015f\u0131klar ile ac\u0131 tablo g\u00f6zler \u00f6n\u00fcne serildi.<br \/>\n<\/span><\/strong><br \/>\n<span style=\"font-family: arial, helvetica, sans-serif; font-size: 14px;\">\u00c7anakkale\u2019deki orman yang\u0131n\u0131 46. saatine girerken yang\u0131nda en fazla etkilenen k\u00f6ylerden Ya\u011fc\u0131lar\u2019da ac\u0131 tablo g\u00fcn\u00fcn ilk \u0131\u015f\u0131klar\u0131 ile g\u00f6zler \u00f6n\u00fcne serildi. Ya\u011fc\u0131lar k\u00f6y\u00fcnde 4 ev yanarken bir \u00e7ok a\u011f\u0131l ve ah\u0131r da kullan\u0131lmaz hale geldi. Yang\u0131nda baz\u0131 i\u015fyerleri ve tar\u0131m aletleri ile bir trakt\u00f6rde yanarak kullan\u0131lmaz hale geldi. Yang\u0131n nedeniyle tahliye edilen k\u00f6yde ye\u015filin yerini siyah bir renk ald\u0131. Yang\u0131n b\u00f6lgesindeki k\u00f6ylerde 85 k\u00fc\u00e7\u00fckba\u015f ve 3 b\u00fcy\u00fckba\u015f hayvan telef oldu. Ya\u011fc\u0131lar k\u00f6y\u00fcnde yang\u0131n s\u00f6nd\u00fcrme \u00e7al\u0131\u015fmalar\u0131n\u0131n ard\u0131ndan hasar tespit \u00e7al\u0131\u015fmalar\u0131na ba\u015flanacak.<\/span><br \/>\n<span style=\"font-family: arial, helvetica, sans-serif; font-size: 14px;\">Yanan k\u00f6y terkedilmi\u015f halde adeta hayalet k\u00f6ye d\u00f6n\u00fc\u015f\u00fcrken, yang\u0131n\u0131n izlerinin s\u00fcrd\u00fc\u011f\u00fc hala dumanlar\u0131n t\u00fctt\u00fc\u011f\u00fc g\u00f6zlendi.<\/span><\/p>\n","protected":false},"excerpt":{"rendered":"<p>\u00c7anakkale\u2019de 46 saat \u00f6nce ba\u015flayan yang\u0131na havadan ve karadan m\u00fcdahale devam ederken 3. g\u00fcnde ilk \u0131\u015f\u0131klar ile ac\u0131 tablo g\u00f6zler<\/p>\n","protected":false},"author":3,"featured_media":14261,"comment_status":"open","ping_status":"open","sticky":false,"template":"","format":"standard","meta":{"colormag_page_container_layout":"default_layout","colormag_page_sidebar_layout":"default_layout","footnotes":""},"categories":[1,5],"tags":[],"class_list":["post-14259","post","type-post","status-publish","format-standard","has-post-thumbnail","hentry","category-genel","category-gundem"],"_links":{"self":[{"href":"https:\/\/marmarayerelhizmet.com\/index.php\/wp-json\/wp\/v2\/posts\/14259","targetHints":{"allow":["GET"]}}],"collection":[{"href":"https:\/\/marmarayerelhizmet.com\/index.php\/wp-json\/wp\/v2\/posts"}],"about":[{"href":"https:\/\/marmarayerelhizmet.com\/index.php\/wp-json\/wp\/v2\/types\/post"}],"author":[{"embeddable":true,"href":"https:\/\/marmarayerelhizmet.com\/index.php\/wp-json\/wp\/v2\/users\/3"}],"replies":[{"embeddable":true,"href":"https:\/\/marmarayerelhizmet.com\/index.php\/wp-json\/wp\/v2\/comments?post=14259"}],"version-history":[{"count":0,"href":"https:\/\/marmarayerelhizmet.com\/index.php\/wp-json\/wp\/v2\/posts\/14259\/revisions"}],"wp:featuredmedia":[{"embeddable":true,"href":"https:\/\/marmarayerelhizmet.com\/index.php\/wp-json\/wp\/v2\/media\/14261"}],"wp:attachment":[{"href":"https:\/\/marmarayerelhizmet.com\/index.php\/wp-json\/wp\/v2\/media?parent=14259"}],"wp:term":[{"taxonomy":"category","embeddable":true,"href":"https:\/\/marmarayerelhizmet.com\/index.php\/wp-json\/wp\/v2\/categories?post=14259"},{"taxonomy":"post_tag","embeddable":true,"href":"https:\/\/marmarayerelhizmet.com\/index.php\/wp-json\/wp\/v2\/tags?post=14259"}],"curies":[{"name":"wp","href":"https:\/\/api.w.org\/{rel}","templated":true}]}}