{"id":14247,"date":"2023-08-23T16:57:34","date_gmt":"2023-08-23T13:57:34","guid":{"rendered":"https:\/\/marmarayerelhizmet.com\/?p=14247"},"modified":"2023-08-23T16:57:34","modified_gmt":"2023-08-23T13:57:34","slug":"gelibolu-yarimadasi-da-yaniyor","status":"publish","type":"post","link":"https:\/\/marmarayerelhizmet.com\/index.php\/2023\/08\/23\/gelibolu-yarimadasi-da-yaniyor\/","title":{"rendered":"Gelibolu Yar\u0131madas\u0131 da Yan\u0131yor"},"content":{"rendered":"<p><strong><span style=\"font-family: arial, helvetica, sans-serif; font-size: 14px;\">\u00c7anakkale&#8217;de 1500 hektarl\u0131k alanda etkili olan b\u00fcy\u00fck yang\u0131n tamamen s\u00f6nd\u00fcr\u00fclmeden, tarihi yar\u0131madada yeni bir yang\u0131n ba\u015flad\u0131. Gelibolu Yar\u0131madas\u0131&#8217;nda, K\u00fc\u00e7\u00fck Anafarta k\u00f6y\u00fc ile Suvla Koyu aras\u0131nda bulunan makilik alanda yang\u0131n ba\u015flad\u0131. Ekipler yang\u0131na m\u00fcdahale etmeye ba\u015flad\u0131.<br \/>\n<\/span><\/strong><br \/>\n<span style=\"font-family: arial, helvetica, sans-serif; font-size: 14px;\">Tarihi Gelibolu Yar\u0131madas\u0131&#8217;nda makilik alanda yang\u0131n \u00e7\u0131kt\u0131. Eceabat il\u00e7esine ba\u011fl\u0131 Anafarta k\u00f6y\u00fc ile Suvla Koyu aras\u0131nda bulunan makilik alandaki yang\u0131nda s\u00f6nd\u00fcrme \u00e7al\u0131\u015fmalar\u0131 ba\u015flad\u0131. Ke\u015fan b\u00f6lgesinden gelen \u00c7anakkale Orman B\u00f6lge M\u00fcd\u00fcrl\u00fc\u011f\u00fc&#8217;ne ba\u011fl\u0131 s\u00f6nd\u00fcrme ekipleri, yang\u0131n\u0131 b\u00fcy\u00fcmeden s\u00f6nd\u00fcrmek i\u00e7in yo\u011fun bir \u00e7al\u0131\u015fma ba\u015flatt\u0131.<\/span><\/p>\n","protected":false},"excerpt":{"rendered":"<p>\u00c7anakkale&#8217;de 1500 hektarl\u0131k alanda etkili olan b\u00fcy\u00fck yang\u0131n tamamen s\u00f6nd\u00fcr\u00fclmeden, tarihi yar\u0131madada yeni bir yang\u0131n ba\u015flad\u0131. Gelibolu Yar\u0131madas\u0131&#8217;nda, K\u00fc\u00e7\u00fck Anafarta<\/p>\n","protected":false},"author":3,"featured_media":14249,"comment_status":"open","ping_status":"open","sticky":false,"template":"","format":"standard","meta":{"colormag_page_container_layout":"default_layout","colormag_page_sidebar_layout":"default_layout","footnotes":""},"categories":[1,5],"tags":[],"class_list":["post-14247","post","type-post","status-publish","format-standard","has-post-thumbnail","hentry","category-genel","category-gundem"],"_links":{"self":[{"href":"https:\/\/marmarayerelhizmet.com\/index.php\/wp-json\/wp\/v2\/posts\/14247","targetHints":{"allow":["GET"]}}],"collection":[{"href":"https:\/\/marmarayerelhizmet.com\/index.php\/wp-json\/wp\/v2\/posts"}],"about":[{"href":"https:\/\/marmarayerelhizmet.com\/index.php\/wp-json\/wp\/v2\/types\/post"}],"author":[{"embeddable":true,"href":"https:\/\/marmarayerelhizmet.com\/index.php\/wp-json\/wp\/v2\/users\/3"}],"replies":[{"embeddable":true,"href":"https:\/\/marmarayerelhizmet.com\/index.php\/wp-json\/wp\/v2\/comments?post=14247"}],"version-history":[{"count":0,"href":"https:\/\/marmarayerelhizmet.com\/index.php\/wp-json\/wp\/v2\/posts\/14247\/revisions"}],"wp:featuredmedia":[{"embeddable":true,"href":"https:\/\/marmarayerelhizmet.com\/index.php\/wp-json\/wp\/v2\/media\/14249"}],"wp:attachment":[{"href":"https:\/\/marmarayerelhizmet.com\/index.php\/wp-json\/wp\/v2\/media?parent=14247"}],"wp:term":[{"taxonomy":"category","embeddable":true,"href":"https:\/\/marmarayerelhizmet.com\/index.php\/wp-json\/wp\/v2\/categories?post=14247"},{"taxonomy":"post_tag","embeddable":true,"href":"https:\/\/marmarayerelhizmet.com\/index.php\/wp-json\/wp\/v2\/tags?post=14247"}],"curies":[{"name":"wp","href":"https:\/\/api.w.org\/{rel}","templated":true}]}}