{"id":14222,"date":"2023-08-23T09:52:15","date_gmt":"2023-08-23T06:52:15","guid":{"rendered":"https:\/\/marmarayerelhizmet.com\/?p=14222"},"modified":"2023-08-23T11:02:17","modified_gmt":"2023-08-23T08:02:17","slug":"canakkalede-yangin-devam-ediyor","status":"publish","type":"post","link":"https:\/\/marmarayerelhizmet.com\/index.php\/2023\/08\/23\/canakkalede-yangin-devam-ediyor\/","title":{"rendered":"&#8216;Yang\u0131n\u0131n \u0130lerlemesini Durdurduk&#8217;"},"content":{"rendered":"<p><strong><span style=\"font-family: arial, helvetica, sans-serif; font-size: 14px;\">\u00c7anakkale\u2019deki yang\u0131n\u0131n ilerlemesini durdurduklar\u0131n\u0131 belirten Tar\u0131m ve Orman Bakan\u0131 \u0130brahim Yumakl\u0131, &#8220;Alevleri \u00e7evirmi\u015f durumday\u0131z. Gece r\u00fczgar\u0131n h\u0131z\u0131 azald\u0131. Ancak bug\u00fcn 60 kilometreye \u00e7\u0131kmas\u0131 bekleniyor. Bin 500 hektarl\u0131k alandaki en ufak bir dumana bile m\u00fcdahale ediyoruz. D\u00fcne g\u00f6re daha avantajl\u0131y\u0131z. Alan\u0131n 800 hektar\u0131 orman, geri kalan\u0131 ekili alan. 83 ki\u015fi hastaneye kald\u0131r\u0131ld\u0131. Bunlardan 8&#8217;i m\u00fc\u015fahade alt\u0131nda. 85 k\u00fc\u00e7\u00fckba\u015f, 3 b\u00fcy\u00fckba\u015f hayvan telef olurken 10 ah\u0131rda zayifat var. Yang\u0131n\u0131n tablosu ak\u015fam saatlerinde netle\u015fecek&#8221; dedi.<br \/>\n<\/span><\/strong><br \/>\n<span style=\"font-family: arial, helvetica, sans-serif; font-size: 14px;\">Tar\u0131m ve Orman Bakan\u0131 \u0130brahim Yumakl\u0131,\u00a0\u00c7anakkale\u2019deki yang\u0131nla ilgili son durumu kriz merkezinde bas\u0131n mensuplar\u0131yla payla\u015ft\u0131. Bakan Yumakl\u0131, \u201cBin 500 hektarl\u0131k alan etkilendi. Bunun 800 hektar\u0131 orman, geri kalan\u0131 zirai ve di\u011fer alanlar. Etkilenen alan\u0131n tamam\u0131n\u0131n zarar g\u00f6rmesi s\u00f6z konusu olmayabilir. So\u011futma \u00e7al\u0131\u015fmas\u0131ndan sonra durum ortaya \u00e7\u0131kacakt\u0131r. K\u00f6ylerin hepsine tek tek gittik. Ulup\u0131nar&#8217;da 5 ev, Ya\u011fc\u0131lar&#8217;da 4 ev etkilenmi\u015f. Ancak bunlardan \u00fc\u00e7\u00fc kullan\u0131lmayan hasar g\u00f6rm\u00fc\u015f durumdaki evler. 85 k\u00fc\u00e7\u00fckba\u015f, 3 b\u00fcy\u00fckba\u015f hayvan olmak \u00fczere hayvan zayiat\u0131 var. 10 ah\u0131r ve a\u011f\u0131l hasar\u0131 s\u00f6z konusu. K\u00f6ylerden ilk etapta kronik hastal\u0131\u011f\u0131 olan ya\u015fl\u0131 olan vatanda\u015flar\u0131m\u0131z tedbir i\u00e7in 83 vatanda\u015f\u0131m\u0131z hastanelere sevk edildi. Bunlardan sadece 8&#8217;i m\u00fc\u015fahade alt\u0131nda. O da yine kronik hastal\u0131\u011f\u0131 ve belirli ya\u015f \u00fczerinde olan vatanda\u015flar\u0131m\u0131z. Herhangi hayati tehlikesi olan kimse yok&#8221; dedi.<\/span><br \/>\n<span style=\"font-family: arial, helvetica, sans-serif; font-size: 14px;\">\u00c7anakkale\u00a0Bo\u011faz\u0131&#8217;n\u0131n \u00e7ift tarafl\u0131 olarak gemi trafi\u011fine kapat\u0131ld\u0131\u011f\u0131n\u0131 ifade eden Bakan Yumakl\u0131, &#8220;Hava ara\u00e7lar\u0131 yo\u011fun \u015fekilde su al\u0131yor. Bunlara tehlike olu\u015fturmamas\u0131 i\u00e7in deniz trafi\u011fini kapad\u0131k.\u00a0\u00c7anakkale\u00a0\u00c7an yolu da tedbir i\u00e7in kara trafi\u011fine kapal\u0131. Nemin y\u00fczde 19 oldu\u011funu, r\u00fczgar\u0131n yakla\u015f\u0131k 70 kilometre civar\u0131nda esti\u011fini, hali haz\u0131rda \u015fu anda r\u00fczgar 40 kilometre saat h\u0131zla esmekte, \u00f6\u011fleden sonra 60 kilometre saate \u00e7\u0131kacak. R\u00fczgar\u0131n ve nemin \u00f6nemi nedir? Nem bizim \u00f6zellikle yang\u0131n s\u00f6nd\u00fcrme faaliyetlerinde yang\u0131n\u0131n ilerlememesiyle ilgili \u00f6nemli parametrelerden birisi. R\u00fczgar\u0131n h\u0131z\u0131 da sizin yang\u0131n s\u00f6nd\u00fcrme faaliyetinizde yanan alandan yanmayan alanlara r\u00fczgar\u0131n baz\u0131 par\u00e7ac\u0131klar\u0131 ta\u015f\u0131mas\u0131 demek. Kimi zaman 3 kilometrelere varan uzakl\u0131klarda yanan par\u00e7alar\u0131 ta\u015f\u0131mas\u0131 s\u00f6z konusu. \u015eu anda par\u00e7a par\u00e7a arkada\u015flar\u0131m\u0131z onlarla m\u00fccadele ediyor&#8221; \u015feklinde konu\u015ftu.<br \/>\n<\/span><br \/>\n<strong><span style=\"font-family: arial, helvetica, sans-serif; font-size: 14px;\">&#8220;D\u00fcne g\u00f6re daha avantajl\u0131y\u0131z&#8221;<\/span><\/strong><br \/>\n<span style=\"font-family: arial, helvetica, sans-serif; font-size: 14px;\">D\u00fcne g\u00f6re daha avantajl\u0131 olduklar\u0131n\u0131 belirten Bakan Yumakl\u0131, &#8220;Parametreler daha iyi. \u00d6\u011fleden sonra resmi \u00e7ok daha net \u015fekilde g\u00f6rebilece\u011fiz. B\u00fct\u00fcn kurumlar, AFAD&#8217;dan Jandarmas\u0131na, Orman Genel M\u00fcd\u00fcrl\u00fc\u011f\u00fc&#8217;nden K\u0131z\u0131lay&#8217;\u0131na \u00f6zellikle de yerelde b\u00fct\u00fcn kamu kurum ve kurulu\u015flar\u0131, baz\u0131 STK&#8217;lar \u00e7ok yo\u011fun bir \u015fekilde \u00e7al\u0131\u015fmalara kat\u0131lmaya devam ediyor. D\u00fcne g\u00f6re daha iyi, daha avantajl\u0131y\u0131z. \u00d6\u011fleden sonra 16 gibi genel resim ortaya \u00e7\u0131kar. Herhangi bir ola\u011fan\u00fcst\u00fc durum meydana gelmezse.\u00a0\u00c7anakkale&#8217;ye ge\u00e7mi\u015f olsun diyorum. Bursa&#8217;da Karacabey&#8217;de ve Yeni\u015fehir Bilecik s\u0131n\u0131r\u0131nda yang\u0131n\u0131m\u0131z vard\u0131. Her ikisi de kontrol alt\u0131na al\u0131nm\u0131\u015f vaziyette. So\u011futma \u00e7al\u0131\u015fmalar\u0131 devam etmekte. Arkada\u015flar\u0131m bin 500 hektarl\u0131k geni\u015f alanda par\u00e7a par\u00e7a \u00e7\u0131kan her dumana m\u00fcdahale ediyorlar. Amac\u0131m\u0131z bunlar\u0131n b\u00fcy\u00fcmemesini sa\u011flamak. Yang\u0131n\u0131n etraf\u0131 tamamen \u00e7evrilmi\u015f vaziyette. Herhangi bir \u015fekilde yang\u0131n\u0131n ilerleme alan\u0131n\u0131n \u00f6n\u00fc kesilmi\u015f durumda. Kalan k\u00f6zlerden yang\u0131n \u00e7\u0131k\u0131yor. Ama kontrol\u00fcm\u00fcz i\u00e7inde. Yang\u0131n\u0131n ilerlemesini g\u00f6sterecek bizim a\u00e7\u0131m\u0131zdan tehlike arz edecek herhangi bir durum yok&#8221; diye konu\u015ftu.<br \/>\n<\/span><br \/>\n<strong><span style=\"font-family: arial, helvetica, sans-serif; font-size: 14px;\">&#8220;Tahliye s\u00f6z konusu yok&#8221;<\/span><\/strong><br \/>\n<span style=\"font-family: arial, helvetica, sans-serif; font-size: 14px;\">Bir \u00e7ok yalan haberin ortaya \u00e7\u0131kt\u0131\u011f\u0131n\u0131 belirten Bakan Yumakl\u0131, &#8220;Tahliye plan\u0131 olan k\u00f6y yok. Bolca spek\u00fcle edildi. Devlet Hastanesi ile alakal\u0131 hi\u00e7 bir risk yok, \u00fcniversiteyle alakal\u0131 risk yok. Yang\u0131n\u0131n etraf\u0131 bin 500 hektar\u0131n tamam\u0131 ekiplerimizce \u00e7evrilmi\u015f vaziyette. \u015eu an itibariyle yang\u0131n\u0131n ilerlemesini arkada\u015flar\u0131m\u0131z durdurmu vaziyetteler. R\u00fczgar \u015fartlar\u0131 bu \u015fekilde devam eder ola\u011fan\u00fcst\u00fc bir \u015fey \u00e7\u0131kmazsa, ak\u015fama do\u011fru genel resmi net g\u00f6rece\u011fiz. Yo\u011fun \u015fekilde hem hava ara\u00e7lar\u0131n\u0131n hem kara ekiplerinin m\u00fccadelesi devam ediyor. Yang\u0131n y\u00f6netimi ekiplerimizi y\u00f6nlendiriyor. Onlar da s\u00f6nd\u00fcrme faaliyetlerine devam ediyorlar&#8221; dedi.<\/span><\/p>\n","protected":false},"excerpt":{"rendered":"<p>\u00c7anakkale\u2019deki yang\u0131n\u0131n ilerlemesini durdurduklar\u0131n\u0131 belirten Tar\u0131m ve Orman Bakan\u0131 \u0130brahim Yumakl\u0131, &#8220;Alevleri \u00e7evirmi\u015f durumday\u0131z. Gece r\u00fczgar\u0131n h\u0131z\u0131 azald\u0131. Ancak bug\u00fcn<\/p>\n","protected":false},"author":3,"featured_media":14224,"comment_status":"open","ping_status":"open","sticky":false,"template":"","format":"standard","meta":{"colormag_page_container_layout":"default_layout","colormag_page_sidebar_layout":"default_layout","footnotes":""},"categories":[1,5],"tags":[],"class_list":["post-14222","post","type-post","status-publish","format-standard","has-post-thumbnail","hentry","category-genel","category-gundem"],"_links":{"self":[{"href":"https:\/\/marmarayerelhizmet.com\/index.php\/wp-json\/wp\/v2\/posts\/14222","targetHints":{"allow":["GET"]}}],"collection":[{"href":"https:\/\/marmarayerelhizmet.com\/index.php\/wp-json\/wp\/v2\/posts"}],"about":[{"href":"https:\/\/marmarayerelhizmet.com\/index.php\/wp-json\/wp\/v2\/types\/post"}],"author":[{"embeddable":true,"href":"https:\/\/marmarayerelhizmet.com\/index.php\/wp-json\/wp\/v2\/users\/3"}],"replies":[{"embeddable":true,"href":"https:\/\/marmarayerelhizmet.com\/index.php\/wp-json\/wp\/v2\/comments?post=14222"}],"version-history":[{"count":0,"href":"https:\/\/marmarayerelhizmet.com\/index.php\/wp-json\/wp\/v2\/posts\/14222\/revisions"}],"wp:featuredmedia":[{"embeddable":true,"href":"https:\/\/marmarayerelhizmet.com\/index.php\/wp-json\/wp\/v2\/media\/14224"}],"wp:attachment":[{"href":"https:\/\/marmarayerelhizmet.com\/index.php\/wp-json\/wp\/v2\/media?parent=14222"}],"wp:term":[{"taxonomy":"category","embeddable":true,"href":"https:\/\/marmarayerelhizmet.com\/index.php\/wp-json\/wp\/v2\/categories?post=14222"},{"taxonomy":"post_tag","embeddable":true,"href":"https:\/\/marmarayerelhizmet.com\/index.php\/wp-json\/wp\/v2\/tags?post=14222"}],"curies":[{"name":"wp","href":"https:\/\/api.w.org\/{rel}","templated":true}]}}