{"id":14218,"date":"2023-08-23T01:15:58","date_gmt":"2023-08-22T22:15:58","guid":{"rendered":"https:\/\/marmarayerelhizmet.com\/?p=14218"},"modified":"2023-08-23T01:15:58","modified_gmt":"2023-08-22T22:15:58","slug":"yaklasik-1500-hektar-alan-etkilendi","status":"publish","type":"post","link":"https:\/\/marmarayerelhizmet.com\/index.php\/2023\/08\/23\/yaklasik-1500-hektar-alan-etkilendi\/","title":{"rendered":"&#8216;Yakla\u015f\u0131k 1500 Hektar Alan Etkilendi&#8217;"},"content":{"rendered":"<p><strong><span style=\"font-family: arial, helvetica, sans-serif; font-size: 14px;\">\u00c7anakkale\u2019de yakla\u015f\u0131k 14 saattir devam eden orman yang\u0131n\u0131 b\u00f6lgesinde incelemelerde bulunan Tar\u0131m ve Orman Bakan\u0131 \u0130brahim Yumakl\u0131, yakla\u015f\u0131k 1500 hektar alan\u0131n\u0131n etkilendi\u011fini s\u00f6yledi.<\/span><\/strong><\/p>\n<p><span style=\"font-family: arial, helvetica, sans-serif; font-size: 14px;\">\u00c7anakkale\u2019de d\u00fcn saat 11.30 s\u0131ralar\u0131nda ba\u015flayan ve yakla\u015f\u0131k 14 saattir devam eden 9 k\u00f6y\u00fcn etkilendi\u011fi orman yang\u0131nlar\u0131 sonras\u0131 b\u00f6lgeye gelen Tar\u0131m ve Orman Bakan\u0131 \u0130brahim Yumakl\u0131, b\u00f6lgedeki incelemelerinin ard\u0131ndan yapt\u0131\u011f\u0131 a\u00e7\u0131klamada, \u201cR\u00fczgar\u0131n etkisiyle 15 kilometrelik bir alan\u0131 6 saatlik bir s\u00fcrede ge\u00e7erek bir hat \u00fczerinde yay\u0131ld\u0131. Etkilenen alan 1500 hektar, 800 hektar\u0131 ormanl\u0131k geri kalan\u0131 ziraat alan\u0131 ve di\u011fer alanlardan olu\u015fuyor. Tedbiren 9 k\u00f6yde \u00f6nlemler al\u0131nm\u0131\u015ft\u0131, 6 k\u00f6y bo\u015falt\u0131lm\u0131\u015ft\u0131. Ak\u015fam saatlerinde kalan 9 k\u00f6yde bo\u015falt\u0131ld\u0131. Bu k\u00f6yler Kayadere, Damyeri, Belen Ulup\u0131nar, Ya\u011fc\u0131lar ve Kalabakl\u0131, bu k\u00f6yler ak\u015fam saatlerine kadar bo\u015falt\u0131ld\u0131. Bu k\u00f6ylerden Ulup\u0131narda 3, Ya\u011fc\u0131larda 4 ev \u015fuana kadar tespit edildi\u011fi \u015fekliyle yang\u0131ndan hasar g\u00f6rm\u00fc\u015f durumda. Tedbiren 3 k\u00f6yde ak\u015fam saatlerinde bo\u015falt\u0131ld\u0131. Bu k\u00f6ylerde A\u015fa\u011f\u0131ok\u00e7ular, Ta\u015fl\u0131tarla ve K\u0131z\u0131lca\u00f6ren. Havaliman\u0131na yak\u0131n Sar\u0131caeli k\u00f6y\u00fc var. Bu k\u00f6yle ilgili de de\u011ferlendirme yap\u0131l\u0131yor. Gereken uyar\u0131lar yap\u0131ld\u0131. Ancak k\u00f6y\u00fcn bo\u015falt\u0131lmas\u0131yla ilgili herhangi bir \u00f6nlem al\u0131nmad\u0131. Sar\u0131caeli k\u00f6y\u00fcne yak\u0131n ya\u015fl\u0131 evi var. Burada 41 ya\u015fl\u0131 Kredi Yurtlar Kurumuna yerle\u015ftirildi. Bahsetmi\u015f oldu\u011fumuz 9 k\u00f6yden 29 vatanda\u015f, Kredi Yurtlar Kurumunun yurtlar\u0131na yerle\u015ftirilmi\u015f oldu. Yak\u0131n\u0131m\u0131zda devlet hastanesi var, \u015fuana kadar 14 ki\u015fi tedbiren nakledildi. Devlet Hastanesinde \u015fuanda 150 hastam\u0131z var. 60 ambulans bekletiliyor. \u015eu anda herhangi bir tehdit yok ama her ihtimale kar\u015f\u0131 bu \u00f6nlemler de al\u0131nm\u0131\u015f durumda. Maalesef sosyal medyada \u00e7ok s\u0131k spek\u00fcle edilen bu durumun do\u011frusunu bu \u015fekilde a\u00e7\u0131klam\u0131\u015f olal\u0131m. Di\u011fer spek\u00fclasyonlara itibar edilmesin. \u00dcniversite de teyakkuz durumu devam ediyor. Orada da herhangi bir bo\u015faltma s\u00f6z konusu de\u011fil. G\u00fcnd\u00fcz saatlerinde s\u0131cakl\u0131\u011f\u0131n \u00e7ok y\u00fcksek oldu\u011fu r\u00fczgar\u0131n saatte 70 kilometre ula\u015ft\u0131\u011f\u0131 neminde y\u00fczde 19\u2019larda oldu\u011fu bir d\u00f6nemi ya\u015fad\u0131k. An itibariyle s\u0131cakl\u0131\u011f\u0131n 25 derece, nemin yakla\u015f\u0131k y\u00fczde 52 oran\u0131nda ve r\u00fczgar\u0131nda 35 kilometre saatte oldu\u011funu s\u00f6yleyebilirim. Elbette hava \u015fartlar\u0131 istedi\u011fimiz seviyede de\u011fil ama g\u00fcnd\u00fcz oldu\u011fu kadar bizi zorlayan seviyede de\u011fil. \u015eu an itibariyle gece olmas\u0131 hasebiyle yere inen m\u00fccadele edemeyen u\u00e7aklar\u0131m\u0131z var ancak 4 gece g\u00f6r\u00fc\u015f helikopteriyle bu m\u00fccadeleye devam ediyoruz. Yakla\u015f\u0131k 260 araz\u00f6z ve i\u015f makinesi ve 1500\u2019e yak\u0131n personelimizle m\u00fccadelemiz devam ediyor. Sabah g\u00fcn \u0131\u015f\u0131mas\u0131yla birlikte g\u00fcnd\u00fcz a\u00e7\u0131klad\u0131\u011f\u0131m\u0131z hava ara\u00e7lar\u0131 ve helikopterlerin geri kalanlar\u0131 m\u00fccadeleye kat\u0131lm\u0131\u015f olacaklar. \u00c7anakkale-\u00c7an yolu kapal\u0131. \u00c7anakkale Bo\u011faz\u0131 da gece g\u00f6r\u00fc\u015f helikopterlerimizin su alabilmesi i\u00e7in tek tarafl\u0131 kapat\u0131ld\u0131. Burada \u00e7ok ciddi bir dayan\u0131\u015fma var. Bu m\u00fccadelede bizim yan\u0131m\u0131zda olduklar\u0131 i\u00e7in kendilerine te\u015fekk\u00fcr ediyorum\u201d dedi.<\/span><\/p>\n","protected":false},"excerpt":{"rendered":"<p>\u00c7anakkale\u2019de yakla\u015f\u0131k 14 saattir devam eden orman yang\u0131n\u0131 b\u00f6lgesinde incelemelerde bulunan Tar\u0131m ve Orman Bakan\u0131 \u0130brahim Yumakl\u0131, yakla\u015f\u0131k 1500 hektar<\/p>\n","protected":false},"author":3,"featured_media":14220,"comment_status":"open","ping_status":"open","sticky":false,"template":"","format":"standard","meta":{"colormag_page_container_layout":"default_layout","colormag_page_sidebar_layout":"default_layout","footnotes":""},"categories":[1,5],"tags":[],"class_list":["post-14218","post","type-post","status-publish","format-standard","has-post-thumbnail","hentry","category-genel","category-gundem"],"_links":{"self":[{"href":"https:\/\/marmarayerelhizmet.com\/index.php\/wp-json\/wp\/v2\/posts\/14218","targetHints":{"allow":["GET"]}}],"collection":[{"href":"https:\/\/marmarayerelhizmet.com\/index.php\/wp-json\/wp\/v2\/posts"}],"about":[{"href":"https:\/\/marmarayerelhizmet.com\/index.php\/wp-json\/wp\/v2\/types\/post"}],"author":[{"embeddable":true,"href":"https:\/\/marmarayerelhizmet.com\/index.php\/wp-json\/wp\/v2\/users\/3"}],"replies":[{"embeddable":true,"href":"https:\/\/marmarayerelhizmet.com\/index.php\/wp-json\/wp\/v2\/comments?post=14218"}],"version-history":[{"count":0,"href":"https:\/\/marmarayerelhizmet.com\/index.php\/wp-json\/wp\/v2\/posts\/14218\/revisions"}],"wp:featuredmedia":[{"embeddable":true,"href":"https:\/\/marmarayerelhizmet.com\/index.php\/wp-json\/wp\/v2\/media\/14220"}],"wp:attachment":[{"href":"https:\/\/marmarayerelhizmet.com\/index.php\/wp-json\/wp\/v2\/media?parent=14218"}],"wp:term":[{"taxonomy":"category","embeddable":true,"href":"https:\/\/marmarayerelhizmet.com\/index.php\/wp-json\/wp\/v2\/categories?post=14218"},{"taxonomy":"post_tag","embeddable":true,"href":"https:\/\/marmarayerelhizmet.com\/index.php\/wp-json\/wp\/v2\/tags?post=14218"}],"curies":[{"name":"wp","href":"https:\/\/api.w.org\/{rel}","templated":true}]}}