{"id":14210,"date":"2023-08-23T00:50:45","date_gmt":"2023-08-22T21:50:45","guid":{"rendered":"https:\/\/marmarayerelhizmet.com\/?p=14210"},"modified":"2023-08-23T00:50:45","modified_gmt":"2023-08-22T21:50:45","slug":"canakkaleye-13-ilden-destek","status":"publish","type":"post","link":"https:\/\/marmarayerelhizmet.com\/index.php\/2023\/08\/23\/canakkaleye-13-ilden-destek\/","title":{"rendered":"\u00c7anakkale&#8217;ye 13 \u0130lden Destek"},"content":{"rendered":"<p><strong><span style=\"font-family: arial, helvetica, sans-serif; font-size: 14px;\">Adalet Bakan\u0131 Y\u0131lmaz Tun\u00e7, \u00c7anakkale&#8217;deki orman yang\u0131n\u0131n\u0131n s\u00f6nd\u00fcr\u00fclmesine destek i\u00e7in CEKUT ekiplerinin 13 farkl\u0131 ilden yola \u00e7\u0131kt\u0131\u011f\u0131n\u0131 bildirdi.<\/span><\/strong><\/p>\n<p><span style=\"font-family: arial, helvetica, sans-serif; font-size: 14px;\">Adalet Bakan\u0131 Y\u0131lmaz Tun\u00e7, sosyal medya hesab\u0131ndan yapt\u0131\u011f\u0131 a\u00e7\u0131klama ile Ceza \u0130nfaz Kurumlar\u0131 Arama Kurtarma (CEKUT) ekiplerinin \u00c7anakkale&#8217;deki orman yang\u0131n\u0131n\u0131n s\u00f6nd\u00fcr\u00fclmesine y\u00f6nelik \u00e7al\u0131\u015fmalara destek i\u00e7in 13 farkl\u0131 ilden yola \u00e7\u0131kt\u0131\u011f\u0131n\u0131 bildirdi. Bakan Tun\u00e7, \u00c7anakkale&#8217;de devam eden orman yang\u0131n\u0131n\u0131 kontrol alt\u0131na almak i\u00e7in fedakarca m\u00fccadele eden &#8220;orman kahramanlar\u0131na&#8221; kolayl\u0131k dileyerek \u015funlar\u0131 kaydetti:<\/span><br \/>\n<span style=\"font-family: arial, helvetica, sans-serif; font-size: 14px;\">&#8220;AFAD koordinasyonunda \u00e7ok say\u0131da arama kurtarma ekibinin yan\u0131 s\u0131ra CEKUT ekipleri de 13 farkl\u0131 ilden ara\u00e7 ve ekipmanlar\u0131 ile yang\u0131n s\u00f6nd\u00fcrme \u00e7al\u0131\u015fmalar\u0131na destek i\u00e7in yola \u00e7\u0131km\u0131\u015flard\u0131r. Dualar\u0131m\u0131z \u00c7anakkale&#8217;deki vatanda\u015flar\u0131m\u0131z ve yang\u0131n s\u00f6nd\u00fcrme \u00e7al\u0131\u015fmalar\u0131na kat\u0131lan orman te\u015fkilat\u0131 ve di\u011fer t\u00fcm te\u015fkilatlarla&#8221;<\/span><\/p>\n","protected":false},"excerpt":{"rendered":"<p>Adalet Bakan\u0131 Y\u0131lmaz Tun\u00e7, \u00c7anakkale&#8217;deki orman yang\u0131n\u0131n\u0131n s\u00f6nd\u00fcr\u00fclmesine destek i\u00e7in CEKUT ekiplerinin 13 farkl\u0131 ilden yola \u00e7\u0131kt\u0131\u011f\u0131n\u0131 bildirdi. Adalet Bakan\u0131<\/p>\n","protected":false},"author":3,"featured_media":14212,"comment_status":"open","ping_status":"open","sticky":false,"template":"","format":"standard","meta":{"colormag_page_container_layout":"default_layout","colormag_page_sidebar_layout":"default_layout","footnotes":""},"categories":[1,5],"tags":[],"class_list":["post-14210","post","type-post","status-publish","format-standard","has-post-thumbnail","hentry","category-genel","category-gundem"],"_links":{"self":[{"href":"https:\/\/marmarayerelhizmet.com\/index.php\/wp-json\/wp\/v2\/posts\/14210","targetHints":{"allow":["GET"]}}],"collection":[{"href":"https:\/\/marmarayerelhizmet.com\/index.php\/wp-json\/wp\/v2\/posts"}],"about":[{"href":"https:\/\/marmarayerelhizmet.com\/index.php\/wp-json\/wp\/v2\/types\/post"}],"author":[{"embeddable":true,"href":"https:\/\/marmarayerelhizmet.com\/index.php\/wp-json\/wp\/v2\/users\/3"}],"replies":[{"embeddable":true,"href":"https:\/\/marmarayerelhizmet.com\/index.php\/wp-json\/wp\/v2\/comments?post=14210"}],"version-history":[{"count":0,"href":"https:\/\/marmarayerelhizmet.com\/index.php\/wp-json\/wp\/v2\/posts\/14210\/revisions"}],"wp:featuredmedia":[{"embeddable":true,"href":"https:\/\/marmarayerelhizmet.com\/index.php\/wp-json\/wp\/v2\/media\/14212"}],"wp:attachment":[{"href":"https:\/\/marmarayerelhizmet.com\/index.php\/wp-json\/wp\/v2\/media?parent=14210"}],"wp:term":[{"taxonomy":"category","embeddable":true,"href":"https:\/\/marmarayerelhizmet.com\/index.php\/wp-json\/wp\/v2\/categories?post=14210"},{"taxonomy":"post_tag","embeddable":true,"href":"https:\/\/marmarayerelhizmet.com\/index.php\/wp-json\/wp\/v2\/tags?post=14210"}],"curies":[{"name":"wp","href":"https:\/\/api.w.org\/{rel}","templated":true}]}}