{"id":14206,"date":"2023-08-23T00:46:46","date_gmt":"2023-08-22T21:46:46","guid":{"rendered":"https:\/\/marmarayerelhizmet.com\/?p=14206"},"modified":"2023-08-23T00:46:46","modified_gmt":"2023-08-22T21:46:46","slug":"thy-seferleri-iptal-etti","status":"publish","type":"post","link":"https:\/\/marmarayerelhizmet.com\/index.php\/2023\/08\/23\/thy-seferleri-iptal-etti\/","title":{"rendered":"THY Seferleri \u0130ptal Etti"},"content":{"rendered":"<p><strong><span style=\"font-family: arial, helvetica, sans-serif; font-size: 14px;\">\u00c7anakkale\u2019de devam eden orman yang\u0131n\u0131 u\u00e7ak seferini de iptal ettirdi. T\u00fcrk Hava Yollar\u0131n\u0131n sabah 08.35\u2019te \u00c7anakkale Havaliman\u0131&#8217;ndan Ankara seferi orman yang\u0131n\u0131 nedeniyle iptal edildi.<\/span><\/strong><\/p>\n<p><span style=\"font-family: arial, helvetica, sans-serif; font-size: 14px;\">\u00c7anakkale\u2019de devam eden orman yang\u0131n\u0131 b\u00fcy\u00fcyerek devam ediyor. Yang\u0131na bin 328 personel, 8 u\u00e7ak, 26 helikopter, 202 araz\u00f6z, 30 su tankeri ve 64 i\u015f makinesi ile m\u00fcdahale ediliyor. Merkeze ba\u011fl\u0131 Kayadere, Ya\u011fc\u0131lar, Ulup\u0131nar, Belen, Kalabakl\u0131 ve A\u015fa\u011f\u0131ok\u00e7ular k\u00f6yleri tedbir ama\u00e7l\u0131 tahliye edildi, K\u0131z\u0131lca\u00f6ren ve Ta\u015fl\u0131tarla k\u00f6yleri i\u00e7in ise tahliye planlar\u0131 yap\u0131ld\u0131. \u00c7anakkale-\u00c7an karayolu ara\u00e7 ve \u00c7anakkale Bo\u011faz\u0131 gemi trafi\u011fine tedbir ama\u00e7l\u0131 kapat\u0131ld\u0131.<\/span><br \/>\n<span style=\"font-family: arial, helvetica, sans-serif; font-size: 14px;\">\u00d6te yandan T\u00fcrk Hava Yollar\u0131n\u0131n (THY) sabah 08.35\u2019te \u00c7anakkale Havaliman\u0131&#8217;ndan Ankara seferi orman yang\u0131n\u0131 nedeniyle iptal edildi.<\/span><\/p>\n","protected":false},"excerpt":{"rendered":"<p>\u00c7anakkale\u2019de devam eden orman yang\u0131n\u0131 u\u00e7ak seferini de iptal ettirdi. T\u00fcrk Hava Yollar\u0131n\u0131n sabah 08.35\u2019te \u00c7anakkale Havaliman\u0131&#8217;ndan Ankara seferi orman<\/p>\n","protected":false},"author":3,"featured_media":14208,"comment_status":"open","ping_status":"open","sticky":false,"template":"","format":"standard","meta":{"colormag_page_container_layout":"default_layout","colormag_page_sidebar_layout":"default_layout","footnotes":""},"categories":[1,5],"tags":[],"class_list":["post-14206","post","type-post","status-publish","format-standard","has-post-thumbnail","hentry","category-genel","category-gundem"],"_links":{"self":[{"href":"https:\/\/marmarayerelhizmet.com\/index.php\/wp-json\/wp\/v2\/posts\/14206","targetHints":{"allow":["GET"]}}],"collection":[{"href":"https:\/\/marmarayerelhizmet.com\/index.php\/wp-json\/wp\/v2\/posts"}],"about":[{"href":"https:\/\/marmarayerelhizmet.com\/index.php\/wp-json\/wp\/v2\/types\/post"}],"author":[{"embeddable":true,"href":"https:\/\/marmarayerelhizmet.com\/index.php\/wp-json\/wp\/v2\/users\/3"}],"replies":[{"embeddable":true,"href":"https:\/\/marmarayerelhizmet.com\/index.php\/wp-json\/wp\/v2\/comments?post=14206"}],"version-history":[{"count":0,"href":"https:\/\/marmarayerelhizmet.com\/index.php\/wp-json\/wp\/v2\/posts\/14206\/revisions"}],"wp:featuredmedia":[{"embeddable":true,"href":"https:\/\/marmarayerelhizmet.com\/index.php\/wp-json\/wp\/v2\/media\/14208"}],"wp:attachment":[{"href":"https:\/\/marmarayerelhizmet.com\/index.php\/wp-json\/wp\/v2\/media?parent=14206"}],"wp:term":[{"taxonomy":"category","embeddable":true,"href":"https:\/\/marmarayerelhizmet.com\/index.php\/wp-json\/wp\/v2\/categories?post=14206"},{"taxonomy":"post_tag","embeddable":true,"href":"https:\/\/marmarayerelhizmet.com\/index.php\/wp-json\/wp\/v2\/tags?post=14206"}],"curies":[{"name":"wp","href":"https:\/\/api.w.org\/{rel}","templated":true}]}}