{"id":14198,"date":"2023-08-22T18:09:36","date_gmt":"2023-08-22T15:09:36","guid":{"rendered":"https:\/\/marmarayerelhizmet.com\/?p=14198"},"modified":"2023-08-22T18:09:36","modified_gmt":"2023-08-22T15:09:36","slug":"canakkalede-2-koy-bosaltildi","status":"publish","type":"post","link":"https:\/\/marmarayerelhizmet.com\/index.php\/2023\/08\/22\/canakkalede-2-koy-bosaltildi\/","title":{"rendered":"\u00c7anakkale&#8217;de 2 K\u00f6y Bo\u015falt\u0131ld\u0131"},"content":{"rendered":"<p><span style=\"font-size: 14px;\"><strong><span style=\"font-family: arial, helvetica, sans-serif;\">\u00c7anakkale&#8217;deki orman yang\u0131n\u0131na havadan ve karadan m\u00fcdahale devam ediyor. \u00c7anakkale Valili\u011fi&#8217;nden yap\u0131lan a\u00e7\u0131klamada Kayadere k\u00f6y\u00fcn\u00fcn ard\u0131ndan Damyeri mevkinin tedbir ama\u00e7l\u0131 bo\u015falt\u0131ld\u0131\u011f\u0131n\u0131 duyurulurken, yak\u0131n civardaki k\u00f6y ve mahallelerde ya\u015fayan vatanda\u015flar\u0131n da teyakkuzda olmalar\u0131n\u0131n \u00f6nemli oldu\u011fu belirtildi.<br \/>\n<\/span><\/strong><\/span><br \/>\n<span style=\"font-family: arial, helvetica, sans-serif; font-size: 14px;\">Yang\u0131n 12.30 s\u0131ralar\u0131nda merkeze ba\u011fl\u0131 Kayadere k\u00f6y\u00fcne yak\u0131n ormanl\u0131k alanda \u00e7\u0131kt\u0131. R\u00fczgar\u0131n da etkisiyle y\u00fckselen alevlere, ekipler hem havadan hem de karadan m\u00fcdahale ediyor. Orman B\u00f6lge M\u00fcd\u00fcrl\u00fc\u011f\u00fcne ba\u011fl\u0131 6 helikopter ve 5 u\u00e7ak ile karadan ise 29 araz\u00f6z 13 su ikmal arac\u0131 ve 7 dozer m\u00fcdahale ediyor. R\u00fczgar\u0131n etkili oldu\u011fu b\u00f6lgede ekipler, yang\u0131n\u0131 kontrol alt\u0131na almak i\u00e7in yo\u011fun m\u00fccadele veriyor. Yang\u0131n\u0131n ba\u015flad\u0131\u011f\u0131 b\u00f6lgeye yak\u0131n olan Kayadere k\u00f6y\u00fc ile Damyeri mevki tedbir ama\u00e7l\u0131 bo\u015falt\u0131l\u0131rken, vatanda\u015flar yurda yerle\u015ftirilecek. \u00c7anakkale-\u00c7an karayolu da trafi\u011fe kapat\u0131ld\u0131. \u00c7anakkale Valili\u011fi&#8217;nden yap\u0131lan a\u00e7\u0131klamada Kayadere k\u00f6y\u00fcn\u00fcn ard\u0131ndan Damyeri mevkinin tedbir ama\u00e7l\u0131 bo\u015falt\u0131ld\u0131\u011f\u0131n\u0131 duyurulurken, yak\u0131n civardaki k\u00f6y ve mahallelerde ya\u015fayan vatanda\u015flar\u0131n da teyakkuzda olmalar\u0131n\u0131n \u00f6nemli oldu\u011fu belirtildi.<\/span><br \/>\n<span style=\"font-family: arial, helvetica, sans-serif; font-size: 14px;\">Valilikten yap\u0131lan a\u00e7\u0131klamada \u015fu ifadelere yer verildi:<\/span><br \/>\n<span style=\"font-family: arial, helvetica, sans-serif; font-size: 14px;\">&#8220;\u0130limiz merkez Kayadere k\u00f6y\u00fc civar\u0131nda devam eden orman yang\u0131n\u0131na orman ekiplerimiz havadan ve karadan m\u00fcdahale etmektedir. Damyeri mevki tedbir ama\u00e7l\u0131 bo\u015falt\u0131lacak olup vatanda\u015flar\u0131m\u0131z Terzio\u011flu k\u0131z \u00f6\u011frenci yurdunda misafir edilecektir. R\u00fczgar\u0131n kuvvetli olmas\u0131 sebebiyle yang\u0131n\u0131n b\u00fcy\u00fcme riski oldu\u011fundan yang\u0131n mahalline yak\u0131n civardaki k\u00f6y ve mahallelerde ya\u015fayan vatanda\u015flar\u0131m\u0131z\u0131n da teyakkuzda olmalar\u0131 da \u00f6nemlidir.&#8221;<\/span><\/p>\n","protected":false},"excerpt":{"rendered":"<p>\u00c7anakkale&#8217;deki orman yang\u0131n\u0131na havadan ve karadan m\u00fcdahale devam ediyor. \u00c7anakkale Valili\u011fi&#8217;nden yap\u0131lan a\u00e7\u0131klamada Kayadere k\u00f6y\u00fcn\u00fcn ard\u0131ndan Damyeri mevkinin tedbir ama\u00e7l\u0131<\/p>\n","protected":false},"author":3,"featured_media":14200,"comment_status":"open","ping_status":"open","sticky":false,"template":"","format":"standard","meta":{"colormag_page_container_layout":"default_layout","colormag_page_sidebar_layout":"default_layout","footnotes":""},"categories":[1,5],"tags":[],"class_list":["post-14198","post","type-post","status-publish","format-standard","has-post-thumbnail","hentry","category-genel","category-gundem"],"_links":{"self":[{"href":"https:\/\/marmarayerelhizmet.com\/index.php\/wp-json\/wp\/v2\/posts\/14198","targetHints":{"allow":["GET"]}}],"collection":[{"href":"https:\/\/marmarayerelhizmet.com\/index.php\/wp-json\/wp\/v2\/posts"}],"about":[{"href":"https:\/\/marmarayerelhizmet.com\/index.php\/wp-json\/wp\/v2\/types\/post"}],"author":[{"embeddable":true,"href":"https:\/\/marmarayerelhizmet.com\/index.php\/wp-json\/wp\/v2\/users\/3"}],"replies":[{"embeddable":true,"href":"https:\/\/marmarayerelhizmet.com\/index.php\/wp-json\/wp\/v2\/comments?post=14198"}],"version-history":[{"count":0,"href":"https:\/\/marmarayerelhizmet.com\/index.php\/wp-json\/wp\/v2\/posts\/14198\/revisions"}],"wp:featuredmedia":[{"embeddable":true,"href":"https:\/\/marmarayerelhizmet.com\/index.php\/wp-json\/wp\/v2\/media\/14200"}],"wp:attachment":[{"href":"https:\/\/marmarayerelhizmet.com\/index.php\/wp-json\/wp\/v2\/media?parent=14198"}],"wp:term":[{"taxonomy":"category","embeddable":true,"href":"https:\/\/marmarayerelhizmet.com\/index.php\/wp-json\/wp\/v2\/categories?post=14198"},{"taxonomy":"post_tag","embeddable":true,"href":"https:\/\/marmarayerelhizmet.com\/index.php\/wp-json\/wp\/v2\/tags?post=14198"}],"curies":[{"name":"wp","href":"https:\/\/api.w.org\/{rel}","templated":true}]}}