{"id":14193,"date":"2023-08-22T17:51:22","date_gmt":"2023-08-22T14:51:22","guid":{"rendered":"https:\/\/marmarayerelhizmet.com\/?p=14193"},"modified":"2023-08-22T17:51:22","modified_gmt":"2023-08-22T14:51:22","slug":"ak-parti-yerel-yonetimler-baskani-balikesirde","status":"publish","type":"post","link":"https:\/\/marmarayerelhizmet.com\/index.php\/2023\/08\/22\/ak-parti-yerel-yonetimler-baskani-balikesirde\/","title":{"rendered":"AK Parti Yerel Y\u00f6netimler Ba\u015fkan\u0131 Bal\u0131kesir\u2019de"},"content":{"rendered":"<p><strong><span style=\"font-family: arial, helvetica, sans-serif; font-size: 14px;\">AK Parti Genel Ba\u015fkan Yard\u0131mc\u0131s\u0131 ve Yerel Y\u00f6netimler Ba\u015fkan\u0131 Yusuf Ziya Y\u0131lmaz, Bal\u0131kesir \u0130l Ba\u015fkanl\u0131\u011f\u0131n\u0131 ziyaret etti.<br \/>\n<\/span><\/strong><br \/>\n<span style=\"font-family: arial, helvetica, sans-serif; font-size: 14px;\">AK Parti Genel Ba\u015fkan Yard\u0131mc\u0131s\u0131 ve Yerel Y\u00f6netimler Ba\u015fkan\u0131 Yusuf Ziya Y\u0131lmaz Bal\u0131kesir \u0130l Ba\u015fkanl\u0131\u011f\u0131n\u0131 ziyaret ederek, burada partililerle bir araya geldi. Y\u0131lmaz, AK Parti \u0130l Ba\u015fkanl\u0131\u011f\u0131 toplant\u0131 salonunda; AK Parti \u0130l Ba\u015fkan\u0131 Dt. Ekrem Ba\u015faran, AK Parti Bal\u0131kesir Milletvekili Ali Taylan \u00d6ztaylan, Bal\u0131kesir B\u00fcy\u00fck\u015fehir Belediye Ba\u015fkan\u0131 Y\u00fccel Y\u0131lmaz, AK Parti Kad\u0131n ve Gen\u00e7lik Kollar\u0131 Ba\u015fkanlar\u0131, \u0130l Y\u00fcr\u00fctme ve Y\u00f6netim Kurulu \u00dcyeleri, il\u00e7e belediye ba\u015fkanlar\u0131 ve il\u00e7e ba\u015fkanlar\u0131 ile bir araya gelerek a\u00e7\u0131klamalarda bulundu.<\/span><br \/>\n<span style=\"font-family: arial, helvetica, sans-serif; font-size: 14px;\">Toplant\u0131 \u00f6ncesi s\u00f6z alan AK Parti \u0130l Ba\u015fkan\u0131 Ekrem Ba\u015faran, AK Parti Genel Ba\u015fkan Yard\u0131mc\u0131s\u0131 ve Yerel Y\u00f6netimler Ba\u015fkan\u0131 Yusuf Ziya Y\u0131lmaz&#8217;\u0131 Bal\u0131kesir&#8217;de a\u011f\u0131rlamaktan duydu\u011fu memnuniyeti dile getirdi. Ba\u015faran, &#8220;Ho\u015f geldiniz, sefalar getirdiniz Ba\u015fkan\u0131m. Ba\u015fkan\u0131m\u0131z bug\u00fcn yerel se\u00e7imlere y\u00f6nelik te\u015fkilatlar\u0131m\u0131z\u0131 ve belediyelerimizi ziyaret ederek onlar\u0131 motive etme noktas\u0131nda bir \u00e7al\u0131\u015fmalar\u0131 olacak. Rabbimden muvaffakiyetler diliyorum. \u0130n\u015fallah \u00e7ok k\u0131ymetli Ba\u015fkan\u0131m\u0131z, duayen bir isim. 1999 y\u0131l\u0131ndan 2019 y\u0131l\u0131na kadar Samsun B\u00fcy\u00fck\u015fehir Belediye Ba\u015fkan\u0131 olarak milletimize b\u00fcy\u00fck hizmetleri olan bir isim. M\u00fcthi\u015f bir ba\u015far\u0131. \u015eimdi de Yerel Y\u00f6netimlerden sorumlu Genel Ba\u015fkan Yard\u0131mc\u0131m\u0131z olarak hizmetlerine devam ediyor. Ba\u015far\u0131lar\u0131na yenilerini eklemek i\u00e7in var g\u00fcc\u00fcyle \u00e7al\u0131\u015f\u0131yor. Kendilerini tebrik ediyor ve vazifelerinde muvaffakiyetler diliyorum. \u015eehrimizdeki faaliyetlerinin hay\u0131rlara vesile olmas\u0131n\u0131 Cenab-\u0131 Hakk\u2019tan diliyor ve tekrar ho\u015f geldiniz diyorum&#8221; dedi.<\/span><\/p>\n<p><strong><span style=\"font-family: arial, helvetica, sans-serif; font-size: 14px;\">Y\u0131lmaz: &#8220;AK Parti siyaseti \u00fclke demokrasisine b\u00fcy\u00fck bir boyut kazand\u0131rd\u0131&#8221;<\/span><\/strong><br \/>\n<span style=\"font-family: arial, helvetica, sans-serif; font-size: 14px;\">AK Parti Genel Ba\u015fkan Yard\u0131mc\u0131s\u0131 ve Yerel Y\u00f6netimler Ba\u015fkan\u0131 Yusuf Ziya Y\u0131lmaz ise konu\u015fmas\u0131nda, &#8220;AK Parti\u2019nin siyasete bak\u0131\u015f\u0131n\u0131 ve hizmet odakl\u0131 \u00e7al\u0131\u015fmalar\u0131na&#8221; de\u011findi. Y\u0131lmaz, &#8220;Biz AK Parti\u2019yiz, b\u00fcy\u00fck bir aileyiz. \u0130\u015fte AK Parti\u2019nin fark\u0131 budur. Bizler s\u00fcrekli b\u00f6yle te\u015fkilatlar\u0131m\u0131zla, partimizin mensuplar\u0131yla g\u00f6z g\u00f6ze gelmeyi seven, b\u00f6yle bir tercihi, b\u00f6yle bir gelene\u011fi olan, Genel Ba\u015fkan\u0131m\u0131z ve Cumhurba\u015fkan\u0131m\u0131z\u0131n liderli\u011finde ve \u00f6\u011fretileriyle hareket eden bir partinin mensuplar\u0131y\u0131z. Biz birbirimizle g\u00f6z g\u00f6ze gelmeyince, dirsek temas\u0131nda olmay\u0131nca kendimizde eksiklik hissediyoruz. Siz de biliyorsunuz, buradan bir kez daha tekrarlayaca\u011f\u0131m. AK Parti siyaseti hakikaten \u00fclke demokrasisine b\u00fcy\u00fck bir boyut kazand\u0131rd\u0131. \u00c7ok b\u00fcy\u00fck bir siyasi kimlik kazand\u0131rd\u0131. Siyasetin de siyasi kimli\u011fi vard\u0131r. 2001\u2019de kurulmu\u015f olan, Cumhurba\u015fkan\u0131m\u0131z\u0131n kurdu\u011fu bu siyasi hareket, T\u00fcrkiye\u2019de bir siyasi kimlik oturtman\u0131n yan\u0131 s\u0131ra d\u00fcnya siyasetine de yeni bir anlay\u0131\u015f getirdi. D\u00fcnya demokrasilerinde ad\u0131ndan bahsedilen, \u00f6rnek al\u0131nan bir siyasi hareket haline geldi&#8221; ifadelerini kulland\u0131.<\/span><\/p>\n<p><strong><span style=\"font-family: arial, helvetica, sans-serif; font-size: 14px;\">&#8220;AK Parti 11,5 milyon \u00fcyesi ile d\u00fcnyan\u0131n bir\u00e7ok \u00fclkesinden b\u00fcy\u00fck bir \u00fcyeye sahip&#8221;<\/span><\/strong><br \/>\n<span style=\"font-family: arial, helvetica, sans-serif; font-size: 14px;\">&#8220;14 May\u0131s ve 28 May\u0131s se\u00e7imlerinde bu siyasi hareketin ba\u015far\u0131 \u00f6yk\u00fcs\u00fc t\u00fcm d\u00fcnya taraf\u0131ndan takip edildi&#8221; diyen Y\u0131lmaz, \u015f\u00f6yle devam etti:<\/span><br \/>\n<span style=\"font-family: arial, helvetica, sans-serif; font-size: 14px;\">&#8220;Se\u00e7im sonu\u00e7lar\u0131 emperyal d\u00fcnyada, orta Avrupa \u00fclkelerinde merak edilen bir s\u00fcre\u00e7 oldu. Ve ilgin\u00e7 bir \u015fekilde de bir araya gelerek bu se\u00e7imin galibinin Cumhurba\u015fkan\u0131m\u0131z\u0131n olmamas\u0131n\u0131 ger\u00e7ekle\u015ftirmek i\u00e7in b\u00fcy\u00fck bir m\u00fccadele verdiler ama ba\u015faramad\u0131lar. \u00c7\u00fcnk\u00fc kiminle m\u00fccadele ettiklerini bilmiyorlard\u0131. 11,5 milyon \u00fcyesi olan, bir\u00e7ok Avrupa ve d\u00fcnya \u00fclkesinden daha fazla \u00fcyesi olan bir siyasi partiyiz. D\u00fcnyan\u0131n hi\u00e7bir yerinde b\u00f6yle bir parti yok. Allah tabii ki do\u011frunun yan\u0131ndad\u0131r. 14 May\u0131s\u2019ta ve 28 May\u0131s\u2019ta \u00e7ok g\u00fczel sonu\u00e7lar alarak halk\u0131m\u0131z\u0131n tevecc\u00fch\u00fcne mazhar olduk. Bu vesile ile ben t\u00fcm i\u00e7tenli\u011fimle Bal\u0131kesir\u2019in bu se\u00e7imde g\u00f6sterdi\u011fi b\u00fcy\u00fck fedakarl\u0131k, hem aziz milletimize, hem de te\u015fkilat mensuplar\u0131m\u0131za buradan, AK Parti Genel Ba\u015fkan Yard\u0131mc\u0131s\u0131 olarak \u015f\u00fckranlar\u0131m\u0131 sunuyorum. Te\u015fekk\u00fcr ediyorum. Bu konudaki te\u015fekk\u00fcrlerimi de buradan hakikaten b\u00fcy\u00fck bir gayret ve \u00e7abalar\u0131n\u0131zdan dolay\u0131 sizleri alk\u0131\u015fl\u0131yorum.&#8221;<\/span><\/p>\n<p><strong><span style=\"font-family: arial, helvetica, sans-serif; font-size: 14px;\">&#8220;Siyasetinizi etkili bir siyasal ara\u00e7 haline getirmedi\u011finiz takdirde ideolojiniz ya\u011fmursuz g\u00f6k g\u00fcr\u00fclt\u00fcs\u00fcne benziyor&#8221;<\/span><\/strong><br \/>\n<span style=\"font-family: arial, helvetica, sans-serif; font-size: 14px;\">Partilerinin hizmet siyaseti yapt\u0131\u011f\u0131n\u0131 ifade eden Y\u0131lmaz, &#8220;Bizim partimizin di\u011fer partilerden fark\u0131na, d\u00fcnyada geli\u015fen hadiselere bak\u0131\u015f\u0131m\u0131za, \u00fclkeyi y\u00f6netim tercihimize buradan biraz bahsetmek istiyorum. Neden insanlar\u0131m\u0131z bizlere bu tevecc\u00fchlerini yans\u0131t\u0131yorlar, bizi tercih ediyorlar \u00f6zetle ifade etmek istiyorum. Biz hizmet siyaseti yap\u0131yoruz. Di\u011fer partiler ideolojik siyaset yap\u0131yorlar. Bu ideolojimiz olmad\u0131\u011f\u0131 anlam\u0131na gelmiyor. Bizim ideolojimizin temelinde milletimiz ve milletimize hizmet var. E\u011fer siyasetinizi etkili bir siyasal ara\u00e7 haline getirmedi\u011finiz takdirde ideolojiniz ya\u011fmursuz g\u00f6k g\u00fcr\u00fclt\u00fcs\u00fcne benziyor. Bol bol g\u00fcr\u00fclt\u00fc yap\u0131yorsunuz, bol bol konu\u015fuyorsunuz ama i\u00e7inde rahmet yok. \u0130\u015fin rahmeti hizmettir. Biz buna inan\u0131yoruz. \u0130nsan\u0131m\u0131z\u0131n hayat\u0131na katk\u0131 vermeliyiz diye d\u00fc\u015f\u00fcn\u00fcyoruz. Hizmeti \u00f6nemsiyoruz. Hizmeti de insan\u0131m\u0131z\u0131n g\u00f6z\u00fcne sokar gibi de\u011fil, onlar\u0131n ihtiya\u00e7lar\u0131n\u0131 g\u00f6zlemleyerek, onlar\u0131n ihtiya\u00e7lar\u0131n\u0131 dikkate alarak yap\u0131yoruz. Bizim onlardan \u00e7ok farkl\u0131 bir \u00f6zelli\u011fimiz de insan\u0131m\u0131z\u0131n, milletimizin ne istedi\u011fini ve ne talep etti\u011fini biliyor olmam\u0131z. Bunu da te\u015fkilatlar\u0131m\u0131z\u0131n b\u00fcy\u00fck sinerjisi ve gayretiyle beraber elde ediyoruz. Biz milletimizle her zaman beraberiz. Kamuoyu ara\u015ft\u0131rmalar\u0131 ile ihtiya\u00e7lar\u0131 tespit ediyoruz. Bir \u015fehirde insan\u0131m\u0131z\u0131n bizden ne istedi\u011fini, neler talep etti\u011fini biz biliyoruz, anl\u0131yoruz. Ve ihtiya\u00e7lar\u0131 dert dedi\u011fimiz bir kavram haline getiriyoruz. Bunu da y\u00fcre\u011fimize yerle\u015ftiriyoruz. Hani Cumhurba\u015fkan\u0131m\u0131z &#8216;biz dertliyiz&#8217; diyor ya o dert dedi\u011fi \u015fey vatanda\u015flar\u0131m\u0131z\u0131n ihtiya\u00e7 olarak bize iletti\u011fi ve bizim de yapmak i\u00e7in m\u00fccadele verdi\u011fimiz \u015fey ad\u0131na dert dedi\u011fimiz \u015fey&#8221; diye konu\u015ftu.<\/span><\/p>\n<p><strong><span style=\"font-family: arial, helvetica, sans-serif; font-size: 14px;\">&#8220;Makam pe\u015finde ko\u015fanlar, makam\u0131n milletin oldu\u011funu unutuyorlar&#8221;<\/span><\/strong><br \/>\n<span style=\"font-family: arial, helvetica, sans-serif; font-size: 14px;\">&#8220;Muhalefetin ideolojik kavramlar \u00fczerinden hareket ediyor olmas\u0131, kendi i\u00e7lerinde de ayr\u0131 ideolojik par\u00e7alara b\u00f6l\u00fcnm\u00fc\u015f olmas\u0131, farkl\u0131 \u00f6\u011fretilerin \u00e7at\u0131\u015fmas\u0131na d\u00f6n\u00fc\u015f\u00fcyor&#8221; diyen AK Parti Genel Ba\u015fkan Yard\u0131mc\u0131s\u0131 Y\u0131lmaz, &#8220;Bu farkl\u0131 siyasi hareketlerde her biri farkl\u0131 bir makam derdine d\u00fc\u015f\u00fcyor. G\u00fc\u00e7ler bu durumu birbirleriyle makam kavgas\u0131na d\u00f6n\u00fc\u015ft\u00fcr\u00fcyor. Halk\u0131 unutuyorlar, milleti unutuyorlar. Milletin derdi onlar\u0131 ilgilendirmiyor. \u00c7\u00fcnk\u00fc onlar\u0131n kendileriyle ilgili dertleri var. Kimi ben Cumhurba\u015fkan\u0131 olaca\u011f\u0131m, \u015funlar\u0131 \u015funlar\u0131 Cumhurba\u015fkan\u0131 yard\u0131mc\u0131s\u0131 yapaca\u011f\u0131m diyor. Soruyorum, kimin makam\u0131n\u0131 kime vadediyorsun. Milletimizden hangi yetkiyi ald\u0131n\u0131z da bu makamlar\u0131 da\u011f\u0131t\u0131yorsunuz. \u015eimdi bak\u0131n makam da\u011f\u0131tma, makam tavsiye etme, gizli protokollerle bakan yapaca\u011f\u0131m, \u015fu bakan\u0131 yapaca\u011f\u0131m diyen bir tabir milleti k\u00fc\u00e7\u00fcmseme de\u011fil de nedir? Samimi s\u00f6yl\u00fcyorum, b\u00f6yle bir sayg\u0131s\u0131zl\u0131k olur mu? Bunun ad\u0131 demokrasi olabilir mi? Makam kime aittir, makam milletindir. &#8216;Gel karde\u015fim al sana \u015fu yetkiyi veriyorum. Gel seni yetkilendirdi\u011fim bu s\u00fcre i\u00e7inde bana hizmet et&#8217; diyor millet bize. Biz kendimizi \u00f6yle g\u00f6r\u00fcyoruz. Biz milletimizin hizmetkar\u0131y\u0131z. Bizim en b\u00fcy\u00fck fark\u0131m\u0131z bu. AK Parti&#8217;de siyaset yapmak demek, AK Parti\u2019de siyasetin bir fikir haline gelmesi demek. Milletin hizmetine, milletin hizmetkar\u0131 olmaya talip olmak demek. Bizi biz yapan \u015fey bu. Biz hizmetkar olmaya geldik deyi\u015fimizin alt\u0131nda yatan mant\u0131k bu. Biz dertliyiz deyi\u015fimizin alt\u0131na yatan mant\u0131k bu. AK Parti olarak biz i\u015fimizi yap\u0131yoruz. Burada kar\u015f\u0131 taraf\u0131n bir foto\u011fraf\u0131n\u0131 \u00e7ektik, onlara bir bakmak gerekti\u011fi i\u00e7in bu c\u00fcmleleri kurdum. Bizim onlardan fark\u0131m\u0131z\u0131 unutmayal\u0131m diye hat\u0131rlatma yapmak istedim. Onlarla kendinizi mukayese etmeyin, bir tutmay\u0131n. Biz milletimize hizmet etmenin derdiyle yolumuza devam ediyoruz ve devam edece\u011fiz&#8221; ifadelerine yer verdi.<\/span><\/p>\n<p><strong><span style=\"font-family: arial, helvetica, sans-serif; font-size: 14px;\">&#8220;Biz 4,5 y\u0131ld\u0131r milletimizi dinliyoruz ve se\u00e7ime her an haz\u0131r\u0131z&#8221;<\/span><\/strong><br \/>\n<span style=\"font-family: arial, helvetica, sans-serif; font-size: 14px;\">2024 yerel se\u00e7imlerine de\u011finen Y\u0131lmaz, &#8220;\u00d6n\u00fcm\u00fczdeki s\u00fcre\u00e7te 2024\u2019te bir yerel se\u00e7im olacak. Biz 2024 se\u00e7imleri i\u00e7in haz\u0131rl\u0131\u011f\u0131m\u0131za 31 Mart 2019 sabah\u0131ndan itibaren ba\u015flad\u0131k. Milletimizin isteklerini, taleplerini, beklentilerini biliyoruz. 4,5 y\u0131ld\u0131r biz zaten bunun i\u00e7in \u00e7al\u0131\u015f\u0131yoruz. AK Parti kurumsal bir yap\u0131s\u0131 olan, haf\u0131zas\u0131 olan, sa\u011fl\u0131kl\u0131 i\u015fleyen bir i\u00e7 mekanizmas\u0131 olan, b\u00fcy\u00fck bir liderin, \u00f6nderin kumandas\u0131nda hareket eden g\u00fc\u00e7l\u00fc bir yap\u0131m\u0131z var. \u015eimdi bug\u00fcn Bal\u0131kesir\u2019de, ilk \u00f6nce B\u00fcy\u00fck\u015fehir Belediyemizi ziyaret edece\u011fiz, Ba\u015fkan\u0131m\u0131z Y\u00fccel Y\u0131lmaz\u2019la ve il\u00e7e belediye ba\u015fkanlar\u0131m\u0131zla yap\u0131lan \u00e7al\u0131\u015fmalar konusunda de\u011ferlendirmelerde bulunaca\u011f\u0131z. Ard\u0131ndan sahada yap\u0131lan \u00e7al\u0131\u015fmalar\u0131 yerinde g\u00f6rece\u011fiz. Ben, bug\u00fcn \u0130l Ba\u015fkanl\u0131\u011f\u0131m\u0131zda bizleri a\u011f\u0131rlayan de\u011ferli \u0130l Ba\u015fkan\u0131m\u0131za, y\u00f6netim kurulu \u00fcyelerine, B\u00fcy\u00fck\u015fehir Belediye Ba\u015fkan\u0131m\u0131za ve il\u00e7e belediye ba\u015fkanlar\u0131m\u0131za ayr\u0131 ayr\u0131 te\u015fekk\u00fcr ediyorum&#8221; dedi.<\/span><br \/>\n<span style=\"font-family: arial, helvetica, sans-serif; font-size: 14px;\">AK Parti Genel Ba\u015fkan Yard\u0131mc\u0131s\u0131 ve Yerel Y\u00f6netimler Ba\u015fkan\u0131 Yusuf Ziya Y\u0131lmaz, \u0130l Ba\u015fkanl\u0131\u011f\u0131&#8217;ndaki ziyaretinin ard\u0131ndan esnaf ziyareti yaparak, Bal\u0131kesir B\u00fcy\u00fck\u015fehir Belediyesi\u2019ne ge\u00e7ti.<\/span><\/p>\n","protected":false},"excerpt":{"rendered":"<p>AK Parti Genel Ba\u015fkan Yard\u0131mc\u0131s\u0131 ve Yerel Y\u00f6netimler Ba\u015fkan\u0131 Yusuf Ziya Y\u0131lmaz, Bal\u0131kesir \u0130l Ba\u015fkanl\u0131\u011f\u0131n\u0131 ziyaret etti. AK Parti Genel<\/p>\n","protected":false},"author":3,"featured_media":14195,"comment_status":"open","ping_status":"open","sticky":false,"template":"","format":"standard","meta":{"colormag_page_container_layout":"default_layout","colormag_page_sidebar_layout":"default_layout","footnotes":""},"categories":[1,5,8],"tags":[],"class_list":["post-14193","post","type-post","status-publish","format-standard","has-post-thumbnail","hentry","category-genel","category-gundem","category-siyaset"],"_links":{"self":[{"href":"https:\/\/marmarayerelhizmet.com\/index.php\/wp-json\/wp\/v2\/posts\/14193","targetHints":{"allow":["GET"]}}],"collection":[{"href":"https:\/\/marmarayerelhizmet.com\/index.php\/wp-json\/wp\/v2\/posts"}],"about":[{"href":"https:\/\/marmarayerelhizmet.com\/index.php\/wp-json\/wp\/v2\/types\/post"}],"author":[{"embeddable":true,"href":"https:\/\/marmarayerelhizmet.com\/index.php\/wp-json\/wp\/v2\/users\/3"}],"replies":[{"embeddable":true,"href":"https:\/\/marmarayerelhizmet.com\/index.php\/wp-json\/wp\/v2\/comments?post=14193"}],"version-history":[{"count":0,"href":"https:\/\/marmarayerelhizmet.com\/index.php\/wp-json\/wp\/v2\/posts\/14193\/revisions"}],"wp:featuredmedia":[{"embeddable":true,"href":"https:\/\/marmarayerelhizmet.com\/index.php\/wp-json\/wp\/v2\/media\/14195"}],"wp:attachment":[{"href":"https:\/\/marmarayerelhizmet.com\/index.php\/wp-json\/wp\/v2\/media?parent=14193"}],"wp:term":[{"taxonomy":"category","embeddable":true,"href":"https:\/\/marmarayerelhizmet.com\/index.php\/wp-json\/wp\/v2\/categories?post=14193"},{"taxonomy":"post_tag","embeddable":true,"href":"https:\/\/marmarayerelhizmet.com\/index.php\/wp-json\/wp\/v2\/tags?post=14193"}],"curies":[{"name":"wp","href":"https:\/\/api.w.org\/{rel}","templated":true}]}}