{"id":14189,"date":"2023-08-22T15:04:50","date_gmt":"2023-08-22T12:04:50","guid":{"rendered":"https:\/\/marmarayerelhizmet.com\/?p=14189"},"modified":"2023-08-22T15:04:50","modified_gmt":"2023-08-22T12:04:50","slug":"orman-yangini-1-koy-bosaltildi","status":"publish","type":"post","link":"https:\/\/marmarayerelhizmet.com\/index.php\/2023\/08\/22\/orman-yangini-1-koy-bosaltildi\/","title":{"rendered":"Orman Yang\u0131n\u0131: 1 K\u00f6y Bo\u015falt\u0131ld\u0131"},"content":{"rendered":"<p><strong><span style=\"font-family: arial, helvetica, sans-serif; font-size: 14px;\">\u00c7anakkale&#8217;de devam eden orman yang\u0131n\u0131 sebebiyle, merkeze ba\u011fl\u0131 Kayadere k\u00f6y\u00fc bo\u015falt\u0131ld\u0131. \u00c7anakkale-\u00c7an karayolu ise tedbir i\u00e7in trafi\u011fe kapat\u0131ld\u0131.<br \/>\n<\/span><\/strong><br \/>\n<span style=\"font-family: arial, helvetica, sans-serif; font-size: 14px;\">Yang\u0131n 12.30 s\u0131ralar\u0131nda merkeze ba\u011fl\u0131 Kayadere k\u00f6y\u00fcne yak\u0131n ormanl\u0131k alanda \u00e7\u0131kt\u0131. R\u00fczgar\u0131n da etkisiyle y\u00fckselen alevlere, ekipler me havadan hem de karadan m\u00fcdahale etti. Orman B\u00f6lge M\u00fcd\u00fcrl\u00fc\u011f\u00fcne ba\u011fl\u0131 6 helikopter ve 5 u\u00e7ak ile karadan ise 29 araz\u00f6z 13 su ikmal arac\u0131 ve 7 dozer m\u00fcdahale ediyor. R\u00fczgar\u0131n etkili oldu\u011fu b\u00f6lgede ekipler, yang\u0131n\u0131 kontrol alt\u0131na almak i\u00e7in yo\u011fun m\u00fccadele veriyor. Yang\u0131n\u0131n ba\u015flad\u0131\u011f\u0131 b\u00f6lgeye yak\u0131n olan Kayadere k\u00f6y\u00fc ise tedbir i\u00e7in bo\u015falt\u0131ld\u0131. \u00c7anakkale-\u00c7an karayolu da trafi\u011fe kapat\u0131ld\u0131.<\/span><br \/>\n<span style=\"font-family: arial, helvetica, sans-serif; font-size: 14px;\">\u00c7anakkale Valili\u011fi taraf\u0131ndan yap\u0131lan a\u00e7\u0131klamada \u015fu c\u00fcmlelere yer verildi;<\/span><br \/>\n<span style=\"font-family: arial, helvetica, sans-serif; font-size: 14px;\">&#8220;Kayadere k\u00f6y\u00fc civar\u0131nda ba\u015flayan orman yang\u0131n\u0131na orman ekiplerimiz havadan ve karadan m\u00fcdahale etmektedir. Kayadere k\u00f6y\u00fcm\u00fcz tedbir i\u00e7in bo\u015falt\u0131lacak olup vatanda\u015flar\u0131m\u0131z Terzio\u011flu k\u0131z \u00f6\u011frenci yurdunda misafir edilecektir. Ayr\u0131ca \u00c7anakkale-\u00c7an karayolu da trafi\u011fe kapat\u0131lm\u0131\u015f olup vatanda\u015flar\u0131m\u0131z\u0131n alternatif yollar\u0131 kullanmalar\u0131 ve g\u00f6revli personelin ikazlar\u0131na riayet etmeleri \u00f6nem arz etmektedir. R\u00fczgar\u0131n kuvvetli olmas\u0131 sebebiyle yang\u0131n\u0131n b\u00fcy\u00fcme riski oldu\u011fundan yang\u0131n mahalline yak\u0131n civardaki k\u00f6y ve mahallelerde ya\u015fayan vatanda\u015flar\u0131m\u0131z\u0131n da teyakkuzda olmalar\u0131 da \u00f6nemlidir.&#8221;<\/span><\/p>\n","protected":false},"excerpt":{"rendered":"<p>\u00c7anakkale&#8217;de devam eden orman yang\u0131n\u0131 sebebiyle, merkeze ba\u011fl\u0131 Kayadere k\u00f6y\u00fc bo\u015falt\u0131ld\u0131. \u00c7anakkale-\u00c7an karayolu ise tedbir i\u00e7in trafi\u011fe kapat\u0131ld\u0131. Yang\u0131n 12.30<\/p>\n","protected":false},"author":3,"featured_media":14191,"comment_status":"open","ping_status":"open","sticky":false,"template":"","format":"standard","meta":{"colormag_page_container_layout":"default_layout","colormag_page_sidebar_layout":"default_layout","footnotes":""},"categories":[1,5],"tags":[],"class_list":["post-14189","post","type-post","status-publish","format-standard","has-post-thumbnail","hentry","category-genel","category-gundem"],"_links":{"self":[{"href":"https:\/\/marmarayerelhizmet.com\/index.php\/wp-json\/wp\/v2\/posts\/14189","targetHints":{"allow":["GET"]}}],"collection":[{"href":"https:\/\/marmarayerelhizmet.com\/index.php\/wp-json\/wp\/v2\/posts"}],"about":[{"href":"https:\/\/marmarayerelhizmet.com\/index.php\/wp-json\/wp\/v2\/types\/post"}],"author":[{"embeddable":true,"href":"https:\/\/marmarayerelhizmet.com\/index.php\/wp-json\/wp\/v2\/users\/3"}],"replies":[{"embeddable":true,"href":"https:\/\/marmarayerelhizmet.com\/index.php\/wp-json\/wp\/v2\/comments?post=14189"}],"version-history":[{"count":0,"href":"https:\/\/marmarayerelhizmet.com\/index.php\/wp-json\/wp\/v2\/posts\/14189\/revisions"}],"wp:featuredmedia":[{"embeddable":true,"href":"https:\/\/marmarayerelhizmet.com\/index.php\/wp-json\/wp\/v2\/media\/14191"}],"wp:attachment":[{"href":"https:\/\/marmarayerelhizmet.com\/index.php\/wp-json\/wp\/v2\/media?parent=14189"}],"wp:term":[{"taxonomy":"category","embeddable":true,"href":"https:\/\/marmarayerelhizmet.com\/index.php\/wp-json\/wp\/v2\/categories?post=14189"},{"taxonomy":"post_tag","embeddable":true,"href":"https:\/\/marmarayerelhizmet.com\/index.php\/wp-json\/wp\/v2\/tags?post=14189"}],"curies":[{"name":"wp","href":"https:\/\/api.w.org\/{rel}","templated":true}]}}