{"id":14177,"date":"2023-08-23T00:05:44","date_gmt":"2023-08-22T21:05:44","guid":{"rendered":"https:\/\/marmarayerelhizmet.com\/?p=14177"},"modified":"2023-08-23T01:02:33","modified_gmt":"2023-08-22T22:02:33","slug":"kurtdereli-yagli-gureslerine-davet","status":"publish","type":"post","link":"https:\/\/marmarayerelhizmet.com\/index.php\/2023\/08\/23\/kurtdereli-yagli-gureslerine-davet\/","title":{"rendered":"Kurtdereli Ya\u011fl\u0131 G\u00fcre\u015flerine Davet"},"content":{"rendered":"<p><strong><span style=\"font-family: arial, helvetica, sans-serif; font-size: 14px;\">Karesi Belediye Ba\u015fkan\u0131 Din\u00e7er Orkan, Bal\u0131kesir protokol\u00fcn\u00fc ve i\u015f d\u00fcnyas\u0131n\u0131 1-3 Eyl\u00fcl tarihlerine yap\u0131lacak olan Geleneksel Kurtdereli Mehmet Pehlivan Ya\u011fl\u0131 G\u00fcre\u015fleri\u2019ne davet etti.<br \/>\n<\/span><\/strong><br \/>\n<span style=\"font-family: arial, helvetica, sans-serif; font-size: 14px;\">Ge\u00e7ti\u011fimiz haftalarda Bal\u0131kesir B\u00fcy\u00fck\u015fehir Belediye Ba\u015fkan\u0131 ve Ya\u011fl\u0131 G\u00fcre\u015f Birli\u011fi Ba\u015fkan\u0131 Y\u00fccel Y\u0131lmaz ile birlikte Ankara\u2019da bakanlar\u0131 ve \u00e7e\u015fitli kurum y\u00f6neticilerini ziyaret ederek, 1-3 Eyl\u00fcl tarihleri aras\u0131nda yap\u0131lacak Geleneksel Kurtdereli Mehmet Pehlivan G\u00fcre\u015fleri&#8217;ne davette bulunan Karesi Belediye Ba\u015fkan\u0131 Din\u00e7er Orkan, Bal\u0131kesir\u2019de de protokol \u00fcyelerini ve i\u015f adamlar\u0131n\u0131 g\u00fcre\u015flere davet etti. Ba\u015fkanlar Y\u0131lmaz ve Orkan, g\u00f6reve yeni ba\u015flayan Bal\u0131kesir Valisi \u0130smail Ustao\u011flu\u2019nu ziyaret ederek bu y\u0131l 63.&#8217;s\u00fc d\u00fczenlenecek olan g\u00fcre\u015flere davet ettiler. Orkan, davet gelene\u011fi olan k\u0131rm\u0131z\u0131 dipli mumu Vali Ustao\u011flu\u2019na hediye etti.<\/span><br \/>\n<span style=\"font-family: arial, helvetica, sans-serif; font-size: 14px;\">Ba\u015fkan Orkan ayr\u0131ca Bal\u0131kesir\u2019de g\u00f6reve yani ba\u015flayan \u0130l Emniyet M\u00fcd\u00fcr\u00fc Hasan Yi\u011fit ve \u0130l Jandarma Komutan\u0131 J. Kd. Alb. Ali Y\u0131ld\u0131z\u2019\u0131 da ziyaret ederek g\u00fcre\u015f davetinde bulundu. Ayr\u0131ca Orkan, Ticaret Borsas\u0131 Ba\u015fkan\u0131 Mehmet \u00c7etin ve T\u00fcrk i\u015f d\u00fcnyas\u0131n\u0131n tan\u0131nm\u0131\u015f isimlerinden, BEST A.\u015e. Y\u00f6netim Kurulu Ba\u015fkan\u0131 Rona Y\u0131rcal\u0131\u2019y\u0131 da ziyaret ederek g\u00fcre\u015flere davet etti. Orkan, ge\u00e7ti\u011fimiz hafta ise Karesi Kaymakam\u0131 Metin Arslanba\u015f, AK Parti \u0130l Ba\u015fkan\u0131 Ekrem Ba\u015faran, Milliyet\u00e7i Hareket Partisi \u0130l Ba\u015fkan\u0131 Cevdet G\u00fcrcan, Bal\u0131kesir Esnaf ve Sanatkarlar\u0131 Odalar\u0131 Birli\u011fi (BESOB) Ba\u015fkan\u0131 Fehmi Erdem, Ticaret Odas\u0131 Ba\u015fkan\u0131 Rahmi Kula ve Meclis Ba\u015fkan\u0131 Okan Tela\u015feli, Bal\u0131kesir \u00dcniversitesi Rekt\u00f6r\u00fc Prof. Dr. Y\u00fccel O\u011furlu, Kara Astsubay Meslek Y\u00fcksekokulu Komutan\u0131 Tu\u011fg. Mahmut B\u00fcy\u00fckcingi, Organize Sanayi B\u00f6lgesi M\u00fcd\u00fcr\u00fc Mesut Eray, \u0130\u015eB\u0130R Elektrik Sanayi A.\u015e. Y\u00f6netim Kurulu Ba\u015fkan\u0131 Prof. Dr. \u0130brahim K\u0131l\u0131\u00e7aslan ve y\u00f6netim kurulu ile Organize Sanayi Ba\u015fkan Vekili H\u00fcseyin Bekki, Garnizon ve 9. Ana Jet \u00dcs Komutan\u0131 Hv. Plt. Tu\u011fg. Cihangir Kemal Y\u00fcz\u00e7elik\u2019i de g\u00fcre\u015flere davet etmi\u015fti.<\/span><br \/>\n<span style=\"font-family: arial, helvetica, sans-serif; font-size: 14px;\">Orkan \u00f6te yandan, hafta sonu CW Enerji T\u00fcrkiye Ya\u011fl\u0131 G\u00fcre\u015f Ligi takviminde yer alan 8. Yuntda\u011f\u0131 Ya\u011fl\u0131 Pehlivan G\u00fcre\u015fleri\u2019ne kat\u0131ld\u0131. Ya\u011fl\u0131 G\u00fcre\u015f Ligi\u2019nin final kar\u015f\u0131la\u015fmalar\u0131 ise Kurtdere\u2019de d\u00fczenlenecek.<\/span><\/p>\n","protected":false},"excerpt":{"rendered":"<p>Karesi Belediye Ba\u015fkan\u0131 Din\u00e7er Orkan, Bal\u0131kesir protokol\u00fcn\u00fc ve i\u015f d\u00fcnyas\u0131n\u0131 1-3 Eyl\u00fcl tarihlerine yap\u0131lacak olan Geleneksel Kurtdereli Mehmet Pehlivan Ya\u011fl\u0131<\/p>\n","protected":false},"author":3,"featured_media":14179,"comment_status":"open","ping_status":"open","sticky":false,"template":"","format":"standard","meta":{"colormag_page_container_layout":"default_layout","colormag_page_sidebar_layout":"default_layout","footnotes":""},"categories":[1,5,8,9],"tags":[],"class_list":["post-14177","post","type-post","status-publish","format-standard","has-post-thumbnail","hentry","category-genel","category-gundem","category-siyaset","category-spor"],"_links":{"self":[{"href":"https:\/\/marmarayerelhizmet.com\/index.php\/wp-json\/wp\/v2\/posts\/14177","targetHints":{"allow":["GET"]}}],"collection":[{"href":"https:\/\/marmarayerelhizmet.com\/index.php\/wp-json\/wp\/v2\/posts"}],"about":[{"href":"https:\/\/marmarayerelhizmet.com\/index.php\/wp-json\/wp\/v2\/types\/post"}],"author":[{"embeddable":true,"href":"https:\/\/marmarayerelhizmet.com\/index.php\/wp-json\/wp\/v2\/users\/3"}],"replies":[{"embeddable":true,"href":"https:\/\/marmarayerelhizmet.com\/index.php\/wp-json\/wp\/v2\/comments?post=14177"}],"version-history":[{"count":0,"href":"https:\/\/marmarayerelhizmet.com\/index.php\/wp-json\/wp\/v2\/posts\/14177\/revisions"}],"wp:featuredmedia":[{"embeddable":true,"href":"https:\/\/marmarayerelhizmet.com\/index.php\/wp-json\/wp\/v2\/media\/14179"}],"wp:attachment":[{"href":"https:\/\/marmarayerelhizmet.com\/index.php\/wp-json\/wp\/v2\/media?parent=14177"}],"wp:term":[{"taxonomy":"category","embeddable":true,"href":"https:\/\/marmarayerelhizmet.com\/index.php\/wp-json\/wp\/v2\/categories?post=14177"},{"taxonomy":"post_tag","embeddable":true,"href":"https:\/\/marmarayerelhizmet.com\/index.php\/wp-json\/wp\/v2\/tags?post=14177"}],"curies":[{"name":"wp","href":"https:\/\/api.w.org\/{rel}","templated":true}]}}