{"id":14173,"date":"2023-08-22T14:57:06","date_gmt":"2023-08-22T11:57:06","guid":{"rendered":"https:\/\/marmarayerelhizmet.com\/?p=14173"},"modified":"2023-08-22T14:57:06","modified_gmt":"2023-08-22T11:57:06","slug":"esenyurtun-ilk-genclik-festivali","status":"publish","type":"post","link":"https:\/\/marmarayerelhizmet.com\/index.php\/2023\/08\/22\/esenyurtun-ilk-genclik-festivali\/","title":{"rendered":"Esenyurt&#8217;un \u0130lk Gen\u00e7lik Festivali"},"content":{"rendered":"<p><strong><span style=\"font-family: arial, helvetica, sans-serif; font-size: 14px;\">Esenyurt bir yeni festivale daha ev sahipli\u011fi yapmaya haz\u0131rlan\u0131yor. Edebiyat, sanat ve k\u00fclt\u00fcr alan\u0131nda ger\u00e7ekle\u015fen festivallere \u015fimdi de Gen\u00e7lik Festivali ekleniyor. Esenyurt\u2019ta ilk kez d\u00fczenlenecek olan Gen\u00e7lik Festivali; spor turnuvalar\u0131, konserler ve e\u011flenceli aktiviteler ile gen\u00e7li\u011fin co\u015fkusunu yans\u0131tacak.<br \/>\n<\/span><\/strong><br \/>\n<span style=\"font-family: arial, helvetica, sans-serif; font-size: 14px;\">Esenyurt Belediyesi Gen\u00e7Fest ile gen\u00e7li\u011fin co\u015fkusu t\u00fcm il\u00e7eyi saracak. Esenyurt Belediye Ba\u015fkan\u0131 Kemal Deniz Bozkurt\u2019un il\u00e7eye kazand\u0131rd\u0131\u011f\u0131 edebiyat, sanat ve k\u00fclt\u00fcr alan\u0131ndaki festivallere Gen\u00e7lik Festivali de eklendi. 27-29 A\u011fustos tarihleri aras\u0131nda Ye\u015filkent Mahallesi&#8217;ndeki Spor Park\u0131&#8217;nda ger\u00e7ekle\u015ftirilecek olan festival \u00e7er\u00e7evesinde ayak tenisi, masa tenisi, sokak basketbolu, voleybol ve satran\u00e7 turnuvalar\u0131n\u0131n yan\u0131 s\u0131ra \u00fcnl\u00fc sanat\u00e7\u0131lar\u0131n sahne alaca\u011f\u0131 konserler de d\u00fczenlenecek.<\/span><\/p>\n<p><strong><span style=\"font-family: arial, helvetica, sans-serif; font-size: 14px;\">Festival 3 g\u00fcn s\u00fcrecek<\/span><\/strong><br \/>\n<span style=\"font-family: arial, helvetica, sans-serif; font-size: 14px;\">G\u00fcn i\u00e7inde rekabetin ve heyecan\u0131n zirveye \u00e7\u0131kaca\u011f\u0131 spor kar\u015f\u0131la\u015fmalar\u0131na sahne olacak olan Gen\u00e7Fest\u2019in ak\u015fam b\u00f6l\u00fcm\u00fcnde ise Cumhuriyet Meydan\u0131&#8217;nda d\u00fczenlenecek olan Rafet El Roman, Bilal Sonses ve Burak Bulut-Kurtulu\u015f Ku\u015f konserleriyle b\u00fcy\u00fck bir co\u015fku ve e\u011flence ya\u015fanacak.<\/span><br \/>\n<span style=\"font-family: arial, helvetica, sans-serif; font-size: 14px;\">Spor turnuvalar\u0131na kat\u0131lmak isteyen 16-30 ya\u015f aras\u0131 gen\u00e7lerin, se\u00e7tikleri bran\u015flarda tak\u0131mlar\u0131n\u0131 kurarak, 25 A\u011fustos Cuma g\u00fcn\u00fcne kadar Esenyurt Belediyesi&#8217;ne kay\u0131t yapt\u0131rmalar\u0131 gerekiyor. Turnuvalara kat\u0131l\u0131m \u015fartlar\u0131 i\u00e7in detayl\u0131 bilgi; 0212 689 90 11 numaral\u0131 telefondan ya da Ye\u015filkent Mahallesi, Naz\u0131m Hikmet Bulvar\u0131, No: 12\u2019de bulunan Spor Park\u0131 i\u00e7erisindeki Festival Komitesi&#8217;nden al\u0131nabilecek.<\/span><\/p>\n","protected":false},"excerpt":{"rendered":"<p>Esenyurt bir yeni festivale daha ev sahipli\u011fi yapmaya haz\u0131rlan\u0131yor. Edebiyat, sanat ve k\u00fclt\u00fcr alan\u0131nda ger\u00e7ekle\u015fen festivallere \u015fimdi de Gen\u00e7lik Festivali<\/p>\n","protected":false},"author":3,"featured_media":14175,"comment_status":"open","ping_status":"open","sticky":false,"template":"","format":"standard","meta":{"colormag_page_container_layout":"default_layout","colormag_page_sidebar_layout":"default_layout","footnotes":""},"categories":[1,5,6,8],"tags":[],"class_list":["post-14173","post","type-post","status-publish","format-standard","has-post-thumbnail","hentry","category-genel","category-gundem","category-kultur-sanat","category-siyaset"],"_links":{"self":[{"href":"https:\/\/marmarayerelhizmet.com\/index.php\/wp-json\/wp\/v2\/posts\/14173","targetHints":{"allow":["GET"]}}],"collection":[{"href":"https:\/\/marmarayerelhizmet.com\/index.php\/wp-json\/wp\/v2\/posts"}],"about":[{"href":"https:\/\/marmarayerelhizmet.com\/index.php\/wp-json\/wp\/v2\/types\/post"}],"author":[{"embeddable":true,"href":"https:\/\/marmarayerelhizmet.com\/index.php\/wp-json\/wp\/v2\/users\/3"}],"replies":[{"embeddable":true,"href":"https:\/\/marmarayerelhizmet.com\/index.php\/wp-json\/wp\/v2\/comments?post=14173"}],"version-history":[{"count":0,"href":"https:\/\/marmarayerelhizmet.com\/index.php\/wp-json\/wp\/v2\/posts\/14173\/revisions"}],"wp:featuredmedia":[{"embeddable":true,"href":"https:\/\/marmarayerelhizmet.com\/index.php\/wp-json\/wp\/v2\/media\/14175"}],"wp:attachment":[{"href":"https:\/\/marmarayerelhizmet.com\/index.php\/wp-json\/wp\/v2\/media?parent=14173"}],"wp:term":[{"taxonomy":"category","embeddable":true,"href":"https:\/\/marmarayerelhizmet.com\/index.php\/wp-json\/wp\/v2\/categories?post=14173"},{"taxonomy":"post_tag","embeddable":true,"href":"https:\/\/marmarayerelhizmet.com\/index.php\/wp-json\/wp\/v2\/tags?post=14173"}],"curies":[{"name":"wp","href":"https:\/\/api.w.org\/{rel}","templated":true}]}}