{"id":14165,"date":"2023-08-22T14:52:47","date_gmt":"2023-08-22T11:52:47","guid":{"rendered":"https:\/\/marmarayerelhizmet.com\/?p=14165"},"modified":"2023-08-22T14:52:47","modified_gmt":"2023-08-22T11:52:47","slug":"beykoz-cayir-festivali-basliyor","status":"publish","type":"post","link":"https:\/\/marmarayerelhizmet.com\/index.php\/2023\/08\/22\/beykoz-cayir-festivali-basliyor\/","title":{"rendered":"Beykoz \u00c7ay\u0131r Festivali Ba\u015fl\u0131yor"},"content":{"rendered":"<p><strong><span style=\"font-family: arial, helvetica, sans-serif; font-size: 14px;\">Beykoz\u2019daki 19 y\u00f6re derne\u011finin kat\u0131l\u0131m\u0131yla, Anadolu\u2019ya \u00f6zg\u00fc k\u00fclt\u00fcr, e\u011flence ve ananelerin sergilenece\u011fi, her ak\u015fam \u00e7ocuk etkinlikleri ve konserlerin yer alaca\u011f\u0131 geleneksel \u201cBeykoz \u00c7ay\u0131r Festivali\u201d 25 A\u011fustos\u2019ta ba\u015fl\u0131yor.<br \/>\n<\/span><\/strong><br \/>\n<span style=\"font-family: arial, helvetica, sans-serif; font-size: 14px;\">Beykoz Belediyesi taraf\u0131ndan, il\u00e7enin karde\u015flik, dayan\u0131\u015fma ve ho\u015fg\u00f6r\u00fc iklimine katk\u0131da bulunmak amac\u0131yla d\u00fczenlenen festival bu y\u0131l da il\u00e7edeki y\u00f6re derneklerinin hem\u015fehrileriyle bulu\u015faca\u011f\u0131 renkli ve \u00f6zg\u00fcn e\u011flencelere ev sahipli\u011fi yapacak. Tarihi Beykoz \u00c7ay\u0131r\u0131\u2019nda ger\u00e7ekle\u015fecek festivalde her ak\u015fam sevilen ve y\u00f6resel sanat\u00e7\u0131lar konser verecek, halk danslar\u0131 ekipleri sahneye \u00e7\u0131kacak. Konserler \u00f6ncesinde \u00e7ocuklar i\u00e7in alanda renkli animasyon g\u00f6sterileri ve e\u011flenceler sergilenecek.<\/span><\/p>\n<p><strong><span style=\"font-family: arial, helvetica, sans-serif; font-size: 14px;\">A\u00e7\u0131l\u0131\u015fta Cengiz Kurto\u011flu sahnede<\/span><\/strong><br \/>\n<span style=\"font-family: arial, helvetica, sans-serif; font-size: 14px;\">Beykoz\u2019da Karadeniz\u2019den Do\u011fu Anadolu\u2019ya, Orta Anadolu\u2019dan Trakya\u2019ya k\u00fclt\u00fcr ve karde\u015flik \u015f\u00f6leni ya\u015fatacak festival 25 A\u011fustos Cuma ak\u015fam\u0131 Fantezi M\u00fczik Sanat\u00e7\u0131s\u0131 Cengiz Kurto\u011flu\u2019nun konseriyle ba\u015flayacak.<\/span><br \/>\n<span style=\"font-family: arial, helvetica, sans-serif; font-size: 14px;\">\u00c7ay\u0131r \u00e7evresinde kurulacak stantlarda il\u00e7eye \u00f6zg\u00fc el sanatlar\u0131, y\u00f6resel \u00fcr\u00fcn ve lezzetlerin tan\u0131t\u0131m\u0131yla ve sat\u0131\u015f\u0131yla ekonomik hareketlilik ya\u015fanacak.<\/span><\/p>\n<p><strong><span style=\"font-family: arial, helvetica, sans-serif; font-size: 14px;\">30 A\u011fustos Zafer Bayram\u0131 kutlanacak<\/span><\/strong><br \/>\n<span style=\"font-family: arial, helvetica, sans-serif; font-size: 14px;\">30 A\u011fustos Zafer Bayram\u0131\u2019n\u0131n 101. y\u0131l d\u00f6n\u00fcm\u00fc de festival \u00e7er\u00e7evesinde Pop M\u00fczik Yorumcusu Mehmet Erdem\u2019in co\u015fku dolu konseriyle kutlanacak. Tarihi \u00e7ay\u0131rda il\u00e7e sakinleriyle bulu\u015facak sanat\u00e7\u0131 sevilen \u015fark\u0131lar\u0131yla destans\u0131 zaferi ve atalar\u0131m\u0131z\u0131n kahramanl\u0131klar\u0131n\u0131 hat\u0131rlatacak. On g\u00fcn boyunca il\u00e7ede birlik ve beraberlik r\u00fczg\u00e2r\u0131 estirecek festivalde Resul Dindar, Moli, Orhan Hakalmaz ve Onur Atmaca da il\u00e7e sakinleriyle bulu\u015facak. Anadolu\u2019nun ba\u011fr\u0131ndan \u00e7\u0131kan yerel sanat\u00e7\u0131lar da konserleriyle festivale renk katacak. Beykoz \u00c7ay\u0131r Festivali 4 Eyl\u00fcl Pazartesi ak\u015fam\u0131 son y\u0131llar\u0131n sevilen guruplar\u0131ndan Alamatra ve Koliva\u2019n\u0131n hareketli Karadeniz \u015fark\u0131lar\u0131 s\u00f6yleyece\u011fi konserleriyle sona erecek.<\/span><\/p>\n","protected":false},"excerpt":{"rendered":"<p>Beykoz\u2019daki 19 y\u00f6re derne\u011finin kat\u0131l\u0131m\u0131yla, Anadolu\u2019ya \u00f6zg\u00fc k\u00fclt\u00fcr, e\u011flence ve ananelerin sergilenece\u011fi, her ak\u015fam \u00e7ocuk etkinlikleri ve konserlerin yer alaca\u011f\u0131<\/p>\n","protected":false},"author":3,"featured_media":14167,"comment_status":"open","ping_status":"open","sticky":false,"template":"","format":"standard","meta":{"colormag_page_container_layout":"default_layout","colormag_page_sidebar_layout":"default_layout","footnotes":""},"categories":[1,5,6,8],"tags":[],"class_list":["post-14165","post","type-post","status-publish","format-standard","has-post-thumbnail","hentry","category-genel","category-gundem","category-kultur-sanat","category-siyaset"],"_links":{"self":[{"href":"https:\/\/marmarayerelhizmet.com\/index.php\/wp-json\/wp\/v2\/posts\/14165","targetHints":{"allow":["GET"]}}],"collection":[{"href":"https:\/\/marmarayerelhizmet.com\/index.php\/wp-json\/wp\/v2\/posts"}],"about":[{"href":"https:\/\/marmarayerelhizmet.com\/index.php\/wp-json\/wp\/v2\/types\/post"}],"author":[{"embeddable":true,"href":"https:\/\/marmarayerelhizmet.com\/index.php\/wp-json\/wp\/v2\/users\/3"}],"replies":[{"embeddable":true,"href":"https:\/\/marmarayerelhizmet.com\/index.php\/wp-json\/wp\/v2\/comments?post=14165"}],"version-history":[{"count":0,"href":"https:\/\/marmarayerelhizmet.com\/index.php\/wp-json\/wp\/v2\/posts\/14165\/revisions"}],"wp:featuredmedia":[{"embeddable":true,"href":"https:\/\/marmarayerelhizmet.com\/index.php\/wp-json\/wp\/v2\/media\/14167"}],"wp:attachment":[{"href":"https:\/\/marmarayerelhizmet.com\/index.php\/wp-json\/wp\/v2\/media?parent=14165"}],"wp:term":[{"taxonomy":"category","embeddable":true,"href":"https:\/\/marmarayerelhizmet.com\/index.php\/wp-json\/wp\/v2\/categories?post=14165"},{"taxonomy":"post_tag","embeddable":true,"href":"https:\/\/marmarayerelhizmet.com\/index.php\/wp-json\/wp\/v2\/tags?post=14165"}],"curies":[{"name":"wp","href":"https:\/\/api.w.org\/{rel}","templated":true}]}}