{"id":14153,"date":"2023-08-22T01:12:24","date_gmt":"2023-08-21T22:12:24","guid":{"rendered":"https:\/\/marmarayerelhizmet.com\/?p=14153"},"modified":"2023-08-22T17:51:52","modified_gmt":"2023-08-22T14:51:52","slug":"kavakli-mahallesine-koy-konagi","status":"publish","type":"post","link":"https:\/\/marmarayerelhizmet.com\/index.php\/2023\/08\/22\/kavakli-mahallesine-koy-konagi\/","title":{"rendered":"Kavakl\u0131 Mahallesi&#8217;ne K\u00f6y Kona\u011f\u0131"},"content":{"rendered":"<p><strong><span style=\"font-family: arial, helvetica, sans-serif; font-size: 14px;\">Karesi Belediyesi, k\u0131rsal mahallelerde yapt\u0131\u011f\u0131 k\u00f6y konaklar\u0131 ile unutulmaya y\u00fcz tutmu\u015f k\u00f6y kona\u011f\u0131 gelene\u011fini ya\u015fatmaya devam ediyor. Son olarak Kavakl\u0131 Mahallesi k\u00f6y kona\u011f\u0131 d\u00fczenlenen t\u00f6ren ile hizmete al\u0131nd\u0131.<br \/>\n<\/span><\/strong><br \/>\n<span style=\"font-family: arial, helvetica, sans-serif; font-size: 14px;\">Karesi Belediyesi taraf\u0131ndan k\u0131rsal mahallelerde yap\u0131lan k\u00f6y konaklar\u0131n\u0131n a\u00e7\u0131l\u0131\u015flar\u0131 devam ediyor. Ge\u00e7ti\u011fimiz haftalarda Belediye Ba\u015fkan\u0131 Din\u00e7er Orkan\u2019\u0131n projelerinden olan geleneksel G\u00fcrc\u00fc mimarisi ile in\u015fa edilen Armutalan K\u00fclt\u00fcr Merkezi\u2019nin ve \u00c7ayp\u0131nar Mahallesi modern salonunun a\u00e7\u0131l\u0131\u015f\u0131n\u0131 ger\u00e7ekle\u015ftiren Karesi Belediyesi, hafta sonu da Kavakl\u0131&#8217;da salonun a\u00e7\u0131l\u0131\u015f\u0131n\u0131 ger\u00e7ekle\u015ftirdi. Sayg\u0131 Duru\u015fu ve \u0130stiklal Mar\u015f\u0131\u2019n\u0131n okunmas\u0131 ile ba\u015flayan a\u00e7\u0131l\u0131\u015f t\u00f6reni \u00f6ncesi bir konu\u015fma yapan Kavakl\u0131 K\u00f6y Muhtar\u0131 Hidayet Karaduman, Karesi Belediye Ba\u015fkan\u0131 Din\u00e7er Orkan\u2019a mahallesine yapt\u0131\u011f\u0131 hizmetler i\u00e7in te\u015fekk\u00fcr etti. Muhtar Karaduman\u2019dan sonra Karesi Belediye Ba\u015fkan\u0131 Din\u00e7er Orkan bir konu\u015fma yapt\u0131.<br \/>\n<\/span><br \/>\n<strong><span style=\"font-family: arial, helvetica, sans-serif; font-size: 14px;\">Karesi\u2019de a\u00e7\u0131l\u0131\u015flar devam ediyor<\/span><\/strong><br \/>\n<span style=\"font-family: arial, helvetica, sans-serif; font-size: 14px;\">Karesi Belediyesi olarak k\u0131rsal mahallelere yap\u0131lan yat\u0131r\u0131mlara \u00f6nem verdiklerini ifade eden Karesi Belediye Ba\u015fkan\u0131 Din\u00e7er Orkan, \u201cKaresi Belediye Ba\u015fkan\u0131 olduktan sonra k\u0131rsal mahallelerimiz \u00f6nemli oldu\u011fu i\u00e7in oralara neler yapabiliriz diye \u00e7al\u0131\u015fmalar\u0131m\u0131z oldu. \u00c7ok \u015f\u00fck\u00fcr bug\u00fcne kadar g\u00fczel hizmetler g\u00f6t\u00fcrd\u00fck. Art\u0131k ta\u015f i\u015flerini s\u00f6ylemiyoruz. Art\u0131k k\u0131rsalda ya\u015fayan gen\u00e7lerin, \u00e7ocuklar\u0131n sosyal ve spor aktivitelerinde bulunabilmeleri i\u00e7in pek \u00e7ok hal\u0131 saham\u0131z\u0131 hizmete ald\u0131k. Bunlar\u0131n yan\u0131nda salonlar in\u015fa ediyoruz. Vatanda\u015flar\u0131m\u0131z buralarda mevlitlerini yaps\u0131n, d\u00fc\u011f\u00fcnlerini yaps\u0131n ve di\u011fer hizmetlerden faydalans\u0131n istiyoruz. Mesela Tatl\u0131p\u0131nar\u2019da hal\u0131 saha in\u015fa ettik. Yenik\u00f6y ve Kabakdere\u2019de hal\u0131 saha yapt\u0131k. Bunlar\u0131n a\u00e7\u0131l\u0131\u015flar\u0131n\u0131 ger\u00e7ekle\u015ftirdik. Bu s\u00fcre\u00e7te de sosyal tesislerimizle ilgili a\u00e7\u0131l\u0131\u015flar\u0131m\u0131z\u0131 ger\u00e7ekle\u015ftiriyoruz\u201d dedi.<br \/>\n<\/span><br \/>\n<strong><span style=\"font-family: arial, helvetica, sans-serif; font-size: 14px;\">Ba\u015fkan Orkan: \u201cKaresi\u2019ye yak\u0131\u015f\u0131r yollar yap\u0131yoruz\u201d<\/span><\/strong><br \/>\n<span style=\"font-family: arial, helvetica, sans-serif; font-size: 14px;\">Karesi Belediyesi\u2019nin iki sosyal tesisin a\u00e7\u0131l\u0131\u015f\u0131n\u0131 ger\u00e7ekle\u015ftirdi\u011fini hat\u0131rlatan Ba\u015fkan Orkan, \u201cDaha \u00f6ncesinde Armutalan\u2019daki sosyal tesisimizi ve sonras\u0131nda \u00c7ayp\u0131nar ve bug\u00fcnde Kavakl\u0131\u2019da yap\u0131yoruz. \u0130n\u015fallah daha sonras\u0131nda ise vekillerimizde m\u00fcsait olurlarsa Aktarma ve K\u00f6teyli\u2019de de bu sosyal tesislerin a\u00e7\u0131l\u0131\u015flar\u0131n\u0131 ger\u00e7ekle\u015ftirece\u011fiz. \u00d6nemli olan vatanda\u015flar\u0131m\u0131z\u0131n mutlulu\u011fu ve refah\u0131. Bizim vazifemiz bu. Bunu ger\u00e7ekle\u015ftirmek i\u00e7inde elimizden geleni yap\u0131yoruz. Buradaki ana yol s\u0131k\u0131nt\u0131l\u0131yd\u0131. B\u00fcy\u00fckp\u0131nar\u2019dan \u00dc\u00e7p\u0131nar\u2019a kadar b\u00fcy\u00fck b\u00f6l\u00fcm\u00fc tamamland\u0131. Az bir i\u015fi kald\u0131. Onlar\u0131 da tamamlay\u0131nca bize ve Karesi\u2019ye yak\u0131\u015f\u0131r bir yol kazanm\u0131\u015f olaca\u011f\u0131z. Ondan sonra ise \u0130n\u015fallah buradan Ziyaretli ile olan ba\u011flant\u0131 yolunu plana ald\u0131k. Her \u015fey sizin i\u00e7in her \u015fey size yak\u0131\u015f\u0131r\u201d diye konu\u015ftu.<br \/>\n<\/span><br \/>\n<strong><span style=\"font-family: arial, helvetica, sans-serif; font-size: 14px;\">Arslanba\u015f: \u201cKaresi Belediyesi\u2019nin bir\u00e7ok eserinin a\u00e7\u0131l\u0131\u015f\u0131na kat\u0131ld\u0131k\u201d<\/span><\/strong><br \/>\n<span style=\"font-family: arial, helvetica, sans-serif; font-size: 14px;\">Ba\u015fkan Orkan\u2019\u0131n ard\u0131ndan Karesi Kaymakam\u0131 Metin Arslanba\u015f k\u00fcrs\u00fcye \u00e7\u0131kt\u0131. Bug\u00fcn yap\u0131lan a\u00e7\u0131l\u0131\u015f t\u00f6renine kat\u0131lmaktan mutlu oldu\u011funu dile getiren Arslanba\u015f, Karesi il\u00e7esindeki 70 mahalleden 43\u2019\u00fcn\u00fcn k\u0131rsal mahalle oldu\u011funu belirten Arslanba\u015f, \u201cYakla\u015f\u0131k 2 y\u0131ld\u0131r bizde Karesi Belediyemizin bir\u00e7ok hizmetinin ve eserinin a\u00e7\u0131l\u0131\u015f\u0131nda bulunduk. Onlara \u015fahit olduk. Bu eserde hizmet ve eser siyasetinin bir halkas\u0131. \u0130n\u015fallah bunlar k\u0131rsal\u0131m\u0131z\u0131 daha kolay ve ya\u015fanabilir hale getirecektir\u201d \u015feklinde konu\u015ftu.<\/span><br \/>\n<span style=\"font-family: arial, helvetica, sans-serif; font-size: 14px;\">Kaymakam Arslanba\u015f\u2019\u0131n ard\u0131ndan AK Parti Bal\u0131kesir Milletvekili Dr. Mustafa Canbey bir konu\u015fma yapt\u0131.<br \/>\n<\/span><br \/>\n<strong><span style=\"font-family: arial, helvetica, sans-serif; font-size: 14px;\">Canbey: \u201cYard\u0131mla\u015fma gelene\u011finin devam\u0131d\u0131r k\u00f6y konaklar\u0131\u201d<\/span><\/strong><br \/>\n<span style=\"font-family: arial, helvetica, sans-serif; font-size: 14px;\">K\u00f6y konaklar\u0131n\u0131n T\u00fcrk k\u00fclt\u00fcr\u00fcnde \u00f6nemli bir yeri oldu\u011funu s\u00f6yleyen Canbey, \u201cEskiden, \u00e7ocukluk d\u00f6nemlerimden \u00e7ok iyi hat\u0131rl\u0131yorum. K\u00f6ylere gelen misafirler k\u00f6y konaklar\u0131nda a\u011f\u0131rlan\u0131rd\u0131. Evlerde pi\u015firilen yemekler k\u00f6y konaklar\u0131na g\u00f6t\u00fcr\u00fcl\u00fcr, misafirlerin memnun olmas\u0131 i\u00e7in her t\u00fcrl\u00fc destek sa\u011flan\u0131rd\u0131. Yard\u0131mla\u015fma gelene\u011finin devam\u0131d\u0131r k\u00f6y kona\u011f\u0131 k\u00fclt\u00fcr\u00fc. Zaman i\u00e7erisinde bu isimlerde de\u011fi\u015fiyor. \u015eu anda ismine salon demi\u015fiz. Daha da modernle\u015fmi\u015f, daha da b\u00fcy\u00fcm\u00fc\u015f. Art\u0131k burada yemeklerimizi yap\u0131yoruz, hay\u0131r gelene\u011fimizi yap\u0131yoruz, d\u00fc\u011f\u00fcn ve ni\u015fanlar\u0131m\u0131zda bu t\u00fcr yerleri kullan\u0131yoruz. Ben b\u00f6yle bir hizmete vesile oldu\u011fu i\u00e7in Karesi Belediye Ba\u015fkan\u0131m\u0131za te\u015fekk\u00fcr ediyorum\u201d dedi.<br \/>\n<\/span><br \/>\n<strong><span style=\"font-family: arial, helvetica, sans-serif; font-size: 14px;\">Uygur: \u201cHan\u0131mlardan gelen birinci talep k\u00f6y konaklar\u0131\u201d<\/span><\/strong><br \/>\n<span style=\"font-family: arial, helvetica, sans-serif; font-size: 14px;\">Canbey\u2019in ard\u0131ndan son olarak AK Parti Genel Ba\u015fkan Yard\u0131mc\u0131s\u0131 ve Bal\u0131kesir Milletvekili Av. Belgin Uygur s\u00f6z ald\u0131. Han\u0131mefendilerin a\u00e7\u0131l\u0131\u015fta yo\u011funlukta oldu\u011funu vurgulayan Uygur \u015f\u00f6yle konu\u015ftu: \u201cK\u00f6y konaklar\u0131 han\u0131mlar\u0131m\u0131z\u0131 daha fazla ilgilendiriyor. K\u00f6yleri yani k\u0131rsal mahallelerimizi ziyaret etti\u011fimizde bize han\u0131mlardan gelen birinci talep asl\u0131nda bu t\u00fcr salonlar\u0131n, \u00e7ok y\u00f6nl\u00fc kullan\u0131labilece\u011fi salonlar\u0131n kendilerine sa\u011flanmas\u0131. Bu manada Karesi Belediye Ba\u015fkan\u0131m\u0131za bu hizmetleri i\u00e7in \u00e7ok te\u015fekk\u00fcr ediyoruz\u201d.<\/span><br \/>\n<span style=\"font-family: arial, helvetica, sans-serif; font-size: 14px;\">Konu\u015fmalardan sonra Mahalle muhtar\u0131 Hidayet Karaduman, Karesi Belediye Ba\u015fkan\u0131 Din\u00e7er Orkan\u2019a hizmetlerinden \u00f6t\u00fcr\u00fc te\u015fekk\u00fcr plaketi taktim etti. Dualar\u0131n okunmas\u0131 ve a\u00e7\u0131l\u0131\u015f kurdelesi kesimi ard\u0131ndan k\u00f6y kona\u011f\u0131n\u0131 gezerek, hayra kat\u0131ld\u0131lar. A\u00e7\u0131l\u0131\u015fa AK Parti Genel Ba\u015fkan Yard\u0131mc\u0131s\u0131 ve Bal\u0131kesir Milletvekili Av. Belgin Uygur, AK Parti Bal\u0131kesir Milletvekili Dr. Mustafa Canbey, Karesi Kaymakam\u0131 Metin Arslanba\u015f, Karesi Belediye Ba\u015fkan\u0131 Din\u00e7er Orkan, Belediye Ba\u015fkan Yard\u0131mc\u0131lar\u0131, meclis \u00fcyeleri, muhtarlar, sivil toplum \u00f6rg\u00fctleri, siyasi parti temsilcileri ve \u00e7ok say\u0131da davetli kat\u0131ld\u0131.<\/span><\/p>\n","protected":false},"excerpt":{"rendered":"<p>Karesi Belediyesi, k\u0131rsal mahallelerde yapt\u0131\u011f\u0131 k\u00f6y konaklar\u0131 ile unutulmaya y\u00fcz tutmu\u015f k\u00f6y kona\u011f\u0131 gelene\u011fini ya\u015fatmaya devam ediyor. Son olarak Kavakl\u0131<\/p>\n","protected":false},"author":3,"featured_media":14155,"comment_status":"open","ping_status":"open","sticky":false,"template":"","format":"standard","meta":{"colormag_page_container_layout":"default_layout","colormag_page_sidebar_layout":"default_layout","footnotes":""},"categories":[1,5,8],"tags":[],"class_list":["post-14153","post","type-post","status-publish","format-standard","has-post-thumbnail","hentry","category-genel","category-gundem","category-siyaset"],"_links":{"self":[{"href":"https:\/\/marmarayerelhizmet.com\/index.php\/wp-json\/wp\/v2\/posts\/14153","targetHints":{"allow":["GET"]}}],"collection":[{"href":"https:\/\/marmarayerelhizmet.com\/index.php\/wp-json\/wp\/v2\/posts"}],"about":[{"href":"https:\/\/marmarayerelhizmet.com\/index.php\/wp-json\/wp\/v2\/types\/post"}],"author":[{"embeddable":true,"href":"https:\/\/marmarayerelhizmet.com\/index.php\/wp-json\/wp\/v2\/users\/3"}],"replies":[{"embeddable":true,"href":"https:\/\/marmarayerelhizmet.com\/index.php\/wp-json\/wp\/v2\/comments?post=14153"}],"version-history":[{"count":0,"href":"https:\/\/marmarayerelhizmet.com\/index.php\/wp-json\/wp\/v2\/posts\/14153\/revisions"}],"wp:featuredmedia":[{"embeddable":true,"href":"https:\/\/marmarayerelhizmet.com\/index.php\/wp-json\/wp\/v2\/media\/14155"}],"wp:attachment":[{"href":"https:\/\/marmarayerelhizmet.com\/index.php\/wp-json\/wp\/v2\/media?parent=14153"}],"wp:term":[{"taxonomy":"category","embeddable":true,"href":"https:\/\/marmarayerelhizmet.com\/index.php\/wp-json\/wp\/v2\/categories?post=14153"},{"taxonomy":"post_tag","embeddable":true,"href":"https:\/\/marmarayerelhizmet.com\/index.php\/wp-json\/wp\/v2\/tags?post=14153"}],"curies":[{"name":"wp","href":"https:\/\/api.w.org\/{rel}","templated":true}]}}