{"id":14145,"date":"2023-08-21T16:19:39","date_gmt":"2023-08-21T13:19:39","guid":{"rendered":"https:\/\/marmarayerelhizmet.com\/?p=14145"},"modified":"2023-08-21T16:19:39","modified_gmt":"2023-08-21T13:19:39","slug":"baraj-mandalara-kaldi","status":"publish","type":"post","link":"https:\/\/marmarayerelhizmet.com\/index.php\/2023\/08\/21\/baraj-mandalara-kaldi\/","title":{"rendered":"Baraj Mandalara Kald\u0131"},"content":{"rendered":"<p><strong><span style=\"font-family: arial, helvetica, sans-serif; font-size: 14px;\">\u0130stanbul&#8217;u etkili olan s\u0131cak hava nedeniyle mega kentteki su ihtiyac\u0131n\u0131n b\u00fcy\u00fck bir k\u0131sm\u0131n\u0131 kar\u015f\u0131layan Alibeyk\u00f6y baraj\u0131n\u0131 besleyen g\u00f6let kurudu. Kuruyan g\u00f6let dron ile havadan g\u00f6r\u00fcnt\u00fclenirken sular\u0131n \u00e7ekilmesi nedeniyle ye\u015fillenen alanda mandalar\u0131n otlad\u0131\u011f\u0131 g\u00f6r\u00fcld\u00fc.<br \/>\n<\/span><\/strong><br \/>\n<span style=\"font-family: arial, helvetica, sans-serif; font-size: 14px;\">T\u00fcrkiye&#8217;de etkili olan s\u0131cak hava dalgas\u0131 mega kent \u0130stanbul&#8217;da da etkisini s\u00fcrd\u00fcr\u00fcyor. \u0130stanbul&#8217;a su sa\u011flayan barajlardaki su seviyesi g\u00fcn ge\u00e7tikte d\u00fc\u015f\u00fcyor. \u0130SK\u0130 verilerine g\u00f6re, \u0130stanbul&#8217;a su sa\u011flayan barajlardaki doluluk oran\u0131 y\u00fczde 32.38 seviyelerini g\u00f6r\u00fcrken Alibeyk\u00f6y Baraj\u0131&#8217;nda ge\u00e7en y\u0131l 39.41 olan su seviyesi bug\u00fcn itibariyle 14.96&#8217;ya d\u00fc\u015ft\u00fc. Alibeyk\u00f6y Baraj\u0131&#8217;n\u0131 besleyen g\u00f6let ise tamamen kurudu. Sular\u0131n \u00e7ekildi\u011fi yerlerde ise derin \u00e7atlakl\u0131klar olu\u015ftu. Kuruyan g\u00f6let dron ile havadan g\u00f6r\u00fcnt\u00fclenirken g\u00f6letin kurumas\u0131 nedeniyle ye\u015fillenen alanda mandalar\u0131n otlad\u0131\u011f\u0131 g\u00f6r\u00fcld\u00fc.<\/span><\/p>\n","protected":false},"excerpt":{"rendered":"<p>\u0130stanbul&#8217;u etkili olan s\u0131cak hava nedeniyle mega kentteki su ihtiyac\u0131n\u0131n b\u00fcy\u00fck bir k\u0131sm\u0131n\u0131 kar\u015f\u0131layan Alibeyk\u00f6y baraj\u0131n\u0131 besleyen g\u00f6let kurudu. Kuruyan<\/p>\n","protected":false},"author":3,"featured_media":14147,"comment_status":"open","ping_status":"open","sticky":false,"template":"","format":"standard","meta":{"colormag_page_container_layout":"default_layout","colormag_page_sidebar_layout":"default_layout","footnotes":""},"categories":[1,5],"tags":[],"class_list":["post-14145","post","type-post","status-publish","format-standard","has-post-thumbnail","hentry","category-genel","category-gundem"],"_links":{"self":[{"href":"https:\/\/marmarayerelhizmet.com\/index.php\/wp-json\/wp\/v2\/posts\/14145","targetHints":{"allow":["GET"]}}],"collection":[{"href":"https:\/\/marmarayerelhizmet.com\/index.php\/wp-json\/wp\/v2\/posts"}],"about":[{"href":"https:\/\/marmarayerelhizmet.com\/index.php\/wp-json\/wp\/v2\/types\/post"}],"author":[{"embeddable":true,"href":"https:\/\/marmarayerelhizmet.com\/index.php\/wp-json\/wp\/v2\/users\/3"}],"replies":[{"embeddable":true,"href":"https:\/\/marmarayerelhizmet.com\/index.php\/wp-json\/wp\/v2\/comments?post=14145"}],"version-history":[{"count":0,"href":"https:\/\/marmarayerelhizmet.com\/index.php\/wp-json\/wp\/v2\/posts\/14145\/revisions"}],"wp:featuredmedia":[{"embeddable":true,"href":"https:\/\/marmarayerelhizmet.com\/index.php\/wp-json\/wp\/v2\/media\/14147"}],"wp:attachment":[{"href":"https:\/\/marmarayerelhizmet.com\/index.php\/wp-json\/wp\/v2\/media?parent=14145"}],"wp:term":[{"taxonomy":"category","embeddable":true,"href":"https:\/\/marmarayerelhizmet.com\/index.php\/wp-json\/wp\/v2\/categories?post=14145"},{"taxonomy":"post_tag","embeddable":true,"href":"https:\/\/marmarayerelhizmet.com\/index.php\/wp-json\/wp\/v2\/tags?post=14145"}],"curies":[{"name":"wp","href":"https:\/\/api.w.org\/{rel}","templated":true}]}}