{"id":14133,"date":"2023-08-21T10:13:56","date_gmt":"2023-08-21T07:13:56","guid":{"rendered":"https:\/\/marmarayerelhizmet.com\/?p=14133"},"modified":"2023-08-21T10:13:56","modified_gmt":"2023-08-21T07:13:56","slug":"pirincin-baskentinde-cevre-katliami","status":"publish","type":"post","link":"https:\/\/marmarayerelhizmet.com\/index.php\/2023\/08\/21\/pirincin-baskentinde-cevre-katliami\/","title":{"rendered":"Pirincin Ba\u015fkentinde \u00c7evre Katliam\u0131"},"content":{"rendered":"<p><strong><span style=\"font-family: arial, helvetica, sans-serif; font-size: 14px;\">T\u00fcrkiye&#8217;nin en kaliteli baldo pirincinin yeti\u015fti\u011fi Bal\u0131kesir&#8217;in G\u00f6nen il\u00e7esinde ya\u015fanan \u00e7evre katliam\u0131 pes dedirtti. G\u00fcbre, s\u00fct, \u00e7eltik ve sal\u00e7a firmalar\u0131n\u0131n at\u0131klar\u0131n\u0131 G\u00f6nen \u00c7ay\u0131&#8217;na sald\u0131klar\u0131 iddia edilirken, vah\u015fi depolama yap\u0131lan hayvan pislikleri ise vatanda\u015flar\u0131 can\u0131ndan bezdirdi.<br \/>\n<\/span><\/strong><br \/>\n<span style=\"font-family: arial, helvetica, sans-serif; font-size: 14px;\">Bal\u0131kesir&#8217;in G\u00f6nen il\u00e7esinden ge\u00e7en ve Marmara Denizi&#8217;ne d\u00f6k\u00fclen G\u00f6nen \u00c7ay\u0131&#8217;nda adeta \u00e7evre katliam\u0131 ya\u015fan\u0131yor. T\u00fcrkiye&#8217;nin b\u00fcy\u00fck firmalar\u0131 aras\u0131nda yer alan s\u00fct, sal\u00e7a, \u00e7eltik firmalar\u0131n\u0131n at\u0131klar\u0131n\u0131 G\u00f6nen \u00c7ay\u0131&#8217;na sald\u0131\u011f\u0131 iddia edilirken, bir g\u00fcbre firmas\u0131n\u0131n ise hayvan pisliklerini vah\u015fi depolama yapt\u0131\u011f\u0131, bu y\u00fczden kokudan kimsenin yan\u0131na yakla\u015famad\u0131\u011f\u0131 yine iddialar aras\u0131nda yer ald\u0131. G\u00f6nen \u00c7ay\u0131&#8217;n\u0131n kirlili\u011finin had safhada oldu\u011fu g\u00f6r\u00fcl\u00fcrken, bu \u00e7ay\u0131n bir\u00e7ok tar\u0131m arazisinin sulamas\u0131nda kullan\u0131ld\u0131\u011f\u0131 biliniyor. Marmara Denizi&#8217;ne akan G\u00f6nen \u00c7ay\u0131 ayn\u0131 zamanda temizlenmesi i\u00e7in eylem plan\u0131 haz\u0131rlanan Marmara Denizi&#8217;nin kirlili\u011fine sebep oluyor. Bir g\u00fcbre fabrikas\u0131n\u0131n bio gaz enerji \u00fcretimi sebebiyle hayvan kemresi kokusu ile G\u00f6nen merkezinde vatanda\u015flar\u0131 isyan ettirme seviyesine getirdi. Hayvan kemrelerinin vah\u015fi depolama yap\u0131larak hi\u00e7bir \u00f6nlem al\u0131nmadan tar\u0131m arazilerinin oldu\u011fu b\u00f6lgede depolanmas\u0131 sebebiyle, kokudan rahats\u0131z olan \u00e7ift\u00e7ilerin tar\u0131m arazilerine i\u015f\u00e7i g\u00f6t\u00fcremedi\u011fi ve hasat yapamad\u0131\u011f\u0131 iddia edildi.<\/span><br \/>\n<span style=\"font-family: arial, helvetica, sans-serif; font-size: 14px;\">G\u00f6nen G\u00fcndo\u011fan k\u0131rsal mahallesinde \u00e7ift\u00e7ilik yapan Ersan Arslan, &#8220;G\u00fcbre fabrikas\u0131n\u0131n a\u015f\u0131r\u0131 kokusundan \u00e7ok rahats\u0131z oluyoruz. Kara sinek bollu\u011fu var. Geceleri cam\u0131m\u0131z\u0131, kap\u0131m\u0131z\u0131 a\u00e7am\u0131yoruz kokudan. Bilhassa sinekten rahats\u0131z\u0131z. Biz istihdama kar\u015f\u0131 de\u011filiz ama bu kokunun bir an \u00f6nce bir \u015fekilde yok edilmesi gerekiyor. Bunu yetkililerin bir \u015fekilde yapt\u0131rmas\u0131 gerekiyor. Normal kara sinek de\u011fil bunlar iri iri kara sinekler var. Normal daha b\u00fcy\u00fck kara sinekler kap\u0131y\u0131 a\u00e7\u0131yorsun i\u00e7eriye doluyorlar, cam\u0131 a\u00e7\u0131yorsun i\u00e7eriye doluyor bunlar\u0131n bir \u015fekilde yok edilmesi gerekiyor. Bunlara \u00f6nlemler al\u0131nmas\u0131 gerekiyor. K\u00f6y\u00fcm\u00fcz ileri derecede kokuyor, sakin havalarda d\u0131\u015far\u0131ya \u00e7\u0131kam\u0131yoruz kokudan \u00e7\u0131kmasan da fark etmiyor i\u00e7eri geliyor kokular&#8221; dedi.<\/span><br \/>\n<span style=\"font-family: arial, helvetica, sans-serif; font-size: 14px;\">G\u00f6nen Hasanbey k\u0131rsal mahallesinde ikamet eden Halim K\u00f6ken ise, &#8220;Yetkili arkada\u015flara s\u00f6yl\u00fcyorum bu bizim G\u00f6nen \u00c7ay\u0131&#8217;n\u0131n akt\u0131\u011f\u0131 b\u00f6lge Marmara Denizi&#8217;ne yetkili arkada\u015flar\u0131n gidip bakmas\u0131 laz\u0131m burada \u00e7al\u0131\u015fan fabrikalar\u0131n oraya \u00e7aya att\u0131klar\u0131 pislik, hayvan pisli\u011fi ve di\u011fer pislikler komple denize d\u00f6k\u00fcl\u00fcyor. Yani gidip denizde y\u00fczemiyoruz, hastal\u0131k her \u015fey var. Ak\u015famlar\u0131 k\u00f6y\u00fcm\u00fczde oturam\u0131yoruz, bah\u00e7emize gidemiyoruz le\u015f kokuyor yani hayvan pisli\u011fi kokuyor. Yetkililer buna bir an \u00f6nce bir \u00e7are bulsun&#8221; diye konu\u015ftu.<\/span><br \/>\n<span style=\"font-family: arial, helvetica, sans-serif; font-size: 14px;\">G\u00f6nen Hasanbey k\u0131rsal mahallesinde ikamet eden Hasan Do\u011fand\u00f6n\u00fcl de, &#8220;\u00d6tesi berisi yok yani b\u00f6yle bir \u015fey olamaz. Hi\u00e7 yak\u0131\u015fm\u0131yor. Hele buras\u0131 G\u00f6nen&#8217;in birinci b\u00fcy\u00fck mahallesine hi\u00e7 yak\u0131\u015fm\u0131yor bu kokuya. Yaz\u0131k bu insanlara&#8221; \u015feklinde konu\u015ftu.<\/span><br \/>\n<span style=\"font-family: arial, helvetica, sans-serif; font-size: 14px;\">G\u00f6nen&#8217;de ikamet eden Necati Kurt ise, &#8220;Zehirli at\u0131k bunlar, kimyasal. Daha \u00f6nce deri fabrikalar\u0131nda kostik nitrik ve bir tak\u0131m kimyasallar b\u00fct\u00fcn bitkilere zarar veriyor. Canl\u0131 bile ya\u015fam\u0131yor, eskiden b\u00fcy\u00fck bal\u0131k tuttu\u011fumu bilirim. \u015eimdi nerede bal\u0131k, \u00e7ayda bir hi\u00e7 canl\u0131 t\u00fcr\u00fc kalmad\u0131. Belki bundan sonra d\u00fczelebilir. Tabakhaneleri kald\u0131rd\u0131lar. Bir tek bu b\u00f6lgede tutkal fabrikas\u0131 at\u0131k sal\u0131yor diyorlar&#8221; dedi.<\/span><br \/>\n<span style=\"font-family: arial, helvetica, sans-serif; font-size: 14px;\">G\u00f6nen&#8217;de ikamet eden Muhsin Ba\u011fc\u0131 da, &#8220;G\u00f6nen&#8217;imize \u015fu anda bir seneden beri yay\u0131lan bir koku var. G\u00f6nen \u00c7ay\u0131 kirletilmekte, G\u00f6nen halk\u0131 rahats\u0131z, dolay\u0131s\u0131yla ben de G\u00f6nenli vatanda\u015f olarak rahats\u0131z\u0131m. \u0130ki tane firma say\u0131l\u0131yor hayvan pisli\u011finden ba\u011fl\u0131 gaz \u00fcreten iki firmam\u0131z\u0131n b\u00fct\u00fcn at\u0131klar\u0131 G\u00f6nen \u00c7ay\u0131m\u0131za yay\u0131l\u0131yor dolay\u0131s\u0131 ile G\u00f6nen \u00c7ay\u0131 kirleniyor hem de \u00e7ok kirleniyor. \u0130sterseniz yerine g\u00f6t\u00fcr\u00fcp g\u00f6sterebilirim mevcut akan yerleri. Kimlerin pisletti\u011fi de belli. Bunu g\u00f6ren, bilen yetkililer buraya yemek yeme\u011fe geliyor. Otele geliyorlar, \u00e7ay\u0131n\u0131 kahvesini i\u00e7ip gidiyorlar. Bunlar\u0131 g\u00f6rm\u00fcyorlar ki bir g\u00fcn oray\u0131 ziyaret etsinler. Gitseler bile kafalar\u0131n\u0131 \u00e7eviriyorlar bu tarafa bakm\u0131yorlar herhalde. O y\u00fczden rahats\u0131z\u0131z ama hakikaten a\u011f\u0131r, pis bir koku var. \u0130ki tane firma var belli zaten. G\u00f6nen \u00c7ay\u0131&#8217;n\u0131 kirleten biri s\u00fct firmas\u0131, biri \u00e7eltik firmas\u0131&#8221; dedi.<\/span><\/p>\n","protected":false},"excerpt":{"rendered":"<p>T\u00fcrkiye&#8217;nin en kaliteli baldo pirincinin yeti\u015fti\u011fi Bal\u0131kesir&#8217;in G\u00f6nen il\u00e7esinde ya\u015fanan \u00e7evre katliam\u0131 pes dedirtti. G\u00fcbre, s\u00fct, \u00e7eltik ve sal\u00e7a firmalar\u0131n\u0131n<\/p>\n","protected":false},"author":3,"featured_media":14135,"comment_status":"open","ping_status":"open","sticky":false,"template":"","format":"standard","meta":{"colormag_page_container_layout":"default_layout","colormag_page_sidebar_layout":"default_layout","footnotes":""},"categories":[1,5],"tags":[],"class_list":["post-14133","post","type-post","status-publish","format-standard","has-post-thumbnail","hentry","category-genel","category-gundem"],"_links":{"self":[{"href":"https:\/\/marmarayerelhizmet.com\/index.php\/wp-json\/wp\/v2\/posts\/14133","targetHints":{"allow":["GET"]}}],"collection":[{"href":"https:\/\/marmarayerelhizmet.com\/index.php\/wp-json\/wp\/v2\/posts"}],"about":[{"href":"https:\/\/marmarayerelhizmet.com\/index.php\/wp-json\/wp\/v2\/types\/post"}],"author":[{"embeddable":true,"href":"https:\/\/marmarayerelhizmet.com\/index.php\/wp-json\/wp\/v2\/users\/3"}],"replies":[{"embeddable":true,"href":"https:\/\/marmarayerelhizmet.com\/index.php\/wp-json\/wp\/v2\/comments?post=14133"}],"version-history":[{"count":0,"href":"https:\/\/marmarayerelhizmet.com\/index.php\/wp-json\/wp\/v2\/posts\/14133\/revisions"}],"wp:featuredmedia":[{"embeddable":true,"href":"https:\/\/marmarayerelhizmet.com\/index.php\/wp-json\/wp\/v2\/media\/14135"}],"wp:attachment":[{"href":"https:\/\/marmarayerelhizmet.com\/index.php\/wp-json\/wp\/v2\/media?parent=14133"}],"wp:term":[{"taxonomy":"category","embeddable":true,"href":"https:\/\/marmarayerelhizmet.com\/index.php\/wp-json\/wp\/v2\/categories?post=14133"},{"taxonomy":"post_tag","embeddable":true,"href":"https:\/\/marmarayerelhizmet.com\/index.php\/wp-json\/wp\/v2\/tags?post=14133"}],"curies":[{"name":"wp","href":"https:\/\/api.w.org\/{rel}","templated":true}]}}