{"id":14109,"date":"2023-08-20T22:39:54","date_gmt":"2023-08-20T19:39:54","guid":{"rendered":"https:\/\/marmarayerelhizmet.com\/?p=14109"},"modified":"2023-08-20T22:39:54","modified_gmt":"2023-08-20T19:39:54","slug":"mavi-bayrak-sayisi-20ye-dustu","status":"publish","type":"post","link":"https:\/\/marmarayerelhizmet.com\/index.php\/2023\/08\/20\/mavi-bayrak-sayisi-20ye-dustu\/","title":{"rendered":"Mavi Bayrak Say\u0131s\u0131 20\u2019ye D\u00fc\u015ft\u00fc"},"content":{"rendered":"<p><span style=\"font-family: arial, helvetica, sans-serif; font-size: 14px;\">Turizmde \u00e7ekim merkezi olmas\u0131yla tan\u0131nan Bal\u0131kesir\u2019in Ayval\u0131k il\u00e7esinde, denizlerin temizli\u011fi ve plajlar\u0131n g\u00fcvenirli\u011finin simgesi olarak tan\u0131mlanan iki mavi bayrak g\u00f6nderden indirildi.<\/span><\/p>\n<p><span style=\"font-family: arial, helvetica, sans-serif; font-size: 14px;\">Ayval\u0131k\u2019ta 2005 y\u0131l\u0131ndan bu yana mavi bayrak konusunda son derece titiz \u00e7al\u0131\u015fmalar\u0131yla \u00f6ne \u00e7\u0131kan Sahilkent Mahallesi s\u0131n\u0131rlar\u0131 i\u00e7erisindeki Eng\u00fcr\u00fc Sitesi, TUR\u00c7EV (T\u00fcrkiye \u00c7evre Vakf\u0131) taraf\u0131ndan verilen iki mavi bayra\u011f\u0131n\u0131 ge\u00e7ici olarak kaybetti. \u0130ki plaja sahip sitede, TUR\u00c7EV taraf\u0131ndan belirlenen uluslararas\u0131 standartlara ait kriterlerin yerine getirilmedi\u011fi gerek\u00e7esiyle indirilen mavi bayraklar site sakinleri taraf\u0131ndan \u00fcz\u00fcnt\u00fcyle kar\u015f\u0131land\u0131. TUR\u00c7EV\u2019in olmazsa olmaz\u0131 olarak kabul edilen; deniz suyu temizli\u011fi ve cankurtaran bulundurma zorunlulu\u011fu kriterlerinden biri olan cankurtaran yetersizli\u011fi gerek\u00e7esiyle al\u0131nan karar, site y\u00f6netimine tebli\u011f edildikten hemen sonra uygulamaya konuldu.<\/span><\/p>\n<p><span style=\"font-family: arial, helvetica, sans-serif; font-size: 14px;\">T\u00fcrkiye\u2019nin en \u00f6nemli turizm merkezlerinden biri olan Ayval\u0131k\u2019\u0131n, ilk mavi bayra\u011fa sahip olan Eng\u00fcr\u00fc Sitesi\u2019nde her iki plajdaki bayraklar\u0131n indirilmesi, sadece Ayval\u0131k\u2019ta de\u011fil, Bal\u0131kesir genelinde de b\u00fcy\u00fck yank\u0131 buldu.<\/span><\/p>\n<p><strong><span style=\"font-family: arial, helvetica, sans-serif; font-size: 14px;\">Ayval\u0131k\u2019ta 22 olan mavi bayrak say\u0131s\u0131 20\u2019ye d\u00fc\u015ft\u00fc<\/span><\/strong><br \/>\n<span style=\"font-family: arial, helvetica, sans-serif; font-size: 14px;\">Eng\u00fcr\u00fc Sitesi\u2019ndeki mavi bayraklar\u0131n ge\u00e7ici olarak indirilmesi sonucunda; Ayval\u0131k\u2019ta 22 plajda bulunan mavi bayrak say\u0131s\u0131 20\u2019ye, Bal\u0131kesir genelinde 46 plajda bulunan mavi bayrak say\u0131s\u0131 ise 44\u2019e d\u00fc\u015fm\u00fc\u015f oldu.<\/span><\/p>\n","protected":false},"excerpt":{"rendered":"<p>Turizmde \u00e7ekim merkezi olmas\u0131yla tan\u0131nan Bal\u0131kesir\u2019in Ayval\u0131k il\u00e7esinde, denizlerin temizli\u011fi ve plajlar\u0131n g\u00fcvenirli\u011finin simgesi olarak tan\u0131mlanan iki mavi bayrak g\u00f6nderden<\/p>\n","protected":false},"author":3,"featured_media":14111,"comment_status":"open","ping_status":"open","sticky":false,"template":"","format":"standard","meta":{"colormag_page_container_layout":"default_layout","colormag_page_sidebar_layout":"default_layout","footnotes":""},"categories":[1,5],"tags":[],"class_list":["post-14109","post","type-post","status-publish","format-standard","has-post-thumbnail","hentry","category-genel","category-gundem"],"_links":{"self":[{"href":"https:\/\/marmarayerelhizmet.com\/index.php\/wp-json\/wp\/v2\/posts\/14109","targetHints":{"allow":["GET"]}}],"collection":[{"href":"https:\/\/marmarayerelhizmet.com\/index.php\/wp-json\/wp\/v2\/posts"}],"about":[{"href":"https:\/\/marmarayerelhizmet.com\/index.php\/wp-json\/wp\/v2\/types\/post"}],"author":[{"embeddable":true,"href":"https:\/\/marmarayerelhizmet.com\/index.php\/wp-json\/wp\/v2\/users\/3"}],"replies":[{"embeddable":true,"href":"https:\/\/marmarayerelhizmet.com\/index.php\/wp-json\/wp\/v2\/comments?post=14109"}],"version-history":[{"count":0,"href":"https:\/\/marmarayerelhizmet.com\/index.php\/wp-json\/wp\/v2\/posts\/14109\/revisions"}],"wp:featuredmedia":[{"embeddable":true,"href":"https:\/\/marmarayerelhizmet.com\/index.php\/wp-json\/wp\/v2\/media\/14111"}],"wp:attachment":[{"href":"https:\/\/marmarayerelhizmet.com\/index.php\/wp-json\/wp\/v2\/media?parent=14109"}],"wp:term":[{"taxonomy":"category","embeddable":true,"href":"https:\/\/marmarayerelhizmet.com\/index.php\/wp-json\/wp\/v2\/categories?post=14109"},{"taxonomy":"post_tag","embeddable":true,"href":"https:\/\/marmarayerelhizmet.com\/index.php\/wp-json\/wp\/v2\/tags?post=14109"}],"curies":[{"name":"wp","href":"https:\/\/api.w.org\/{rel}","templated":true}]}}