{"id":14098,"date":"2023-08-20T22:33:02","date_gmt":"2023-08-20T19:33:02","guid":{"rendered":"https:\/\/marmarayerelhizmet.com\/?p=14098"},"modified":"2023-08-20T22:33:02","modified_gmt":"2023-08-20T19:33:02","slug":"rahvan-at-yarislari-nefes-kesti","status":"publish","type":"post","link":"https:\/\/marmarayerelhizmet.com\/index.php\/2023\/08\/20\/rahvan-at-yarislari-nefes-kesti\/","title":{"rendered":"Rahvan At Yar\u0131\u015flar\u0131 Nefes Kesti"},"content":{"rendered":"<p><strong><span style=\"font-family: arial, helvetica, sans-serif; font-size: 14px;\">G\u00f6lc\u00fck Belediyesi ve Geleneksel Spor Dallar\u0131 Federasyonu i\u015fbirli\u011fi ile d\u00fczenlenen Geleneksel Rahvan At Yar\u0131\u015flar\u0131 G\u00f6lc\u00fck ko\u015fusu, yo\u011fun kat\u0131l\u0131mla ger\u00e7ekle\u015ftirildi.<br \/>\n<\/span><\/strong><br \/>\n<span style=\"font-family: arial, helvetica, sans-serif; font-size: 14px;\">G\u00f6lc\u00fck Belediyesi Geleneksel Rahvan At Yar\u0131\u015flar\u0131 G\u00f6lc\u00fck Ko\u015fusu, b\u00fcy\u00fck ilgi ve kat\u0131l\u0131mla Rahvan At Bak\u0131m ve Konaklama Tesisi Ko\u015fu Pisti&#8217;nde d\u00fczenlendi. 10 kategoride yap\u0131lan yar\u0131\u015flara, T\u00fcrkiye&#8217;nin d\u00f6rt bir yan\u0131ndan ve G\u00f6lc\u00fck\u2019ten 94 at kat\u0131ld\u0131. B\u00fcy\u00fck heyecan ve \u00e7eki\u015fme ya\u015fanan yar\u0131\u015flar\u0131n sonunda Ba\u015f atlarda birincili\u011fi kazanan Ercan \u00d6den ad\u0131na yar\u0131\u015fan at, alt\u0131n kemerin sahibi oldu.<\/span><br \/>\n<span style=\"font-family: arial, helvetica, sans-serif; font-size: 14px;\">G\u00f6lc\u00fck Belediye Ba\u015fkan\u0131 Ali Y\u0131ld\u0131r\u0131m Sezer, &#8220;Heyecan dolu ge\u00e7en yar\u0131\u015flarda dereceye giren at sahiplerini ve jokeyleri can\u0131 g\u00f6n\u00fclden tebrik ediyorum. Bu g\u00fczel g\u00fcnde T\u00fcrkiye&#8217;nin her noktas\u0131ndan il\u00e7emize gelerek yar\u0131\u015flara kat\u0131lan at sahiplerine, trib\u00fcnleri yar\u0131\u015flar boyunca tamamen dolduran k\u0131ymetli hem\u015fehrilerime can-\u0131 g\u00f6n\u00fclden te\u015fekk\u00fcr ediyorum. Ge\u00e7mi\u015fte oldu\u011fu gibi gelecekte de; tarihsel sporumuz olan rahvan at yar\u0131\u015flar\u0131na ev sahipli\u011fi yapmaya ve destek olmaya devam edece\u011fiz&#8221; dedi.<\/span><br \/>\n<span style=\"font-family: arial, helvetica, sans-serif; font-size: 14px;\">\u00c7eki\u015fmeli yar\u0131\u015flarda Ba\u015f, Ba\u015f Alt\u0131, B\u00fcy\u00fck Orta, K\u00fc\u00e7\u00fck Orta, Deste, D\u00f6rtl\u00fc Tay, \u00dc\u00e7l\u00fc Tay, \u0130kili Tay, ve \u0130thal Atlar(A) kategorilerinde dereceye girenlere \u00f6d\u00fclleri takdim edildi.<\/span><br \/>\n<span style=\"font-family: arial, helvetica, sans-serif; font-size: 14px;\">Nefes kesen yar\u0131\u015fmalar sonunda dereceye giren atlar; Ba\u015f Atlar\u2019da 1. Ercan \u00d6den, 2. \u00d6mer Faruk \u0130lhan, 3. \u00d6zg\u00fcr G\u00fcven. Ba\u015f Alt\u0131\u2019nda 1. Derya Da\u011fcan, 2. Salih Bilgi\u00e7; B\u00fcy\u00fck Orta\u2019da 1. Halil \u0130brahim Y\u0131lmaz, 2. Ahmet Tanr\u0131kurt, 3. \u0130smail Hakk\u0131 K\u00f6k; K\u00fc\u00e7\u00fck Orta\u2019da 1. Mustafa \u015eenol, 2. Kadir Filiz, 3. Ferhat Filiz, Deste\u2019de 1. Ercan \u00d6den, 2. \u015e\u00fckr\u00fc Tokat, 3. Ferhat Daysal\u0131; \u0130kili Tay\u2019da 1. \u015eaban Pesel, 2. \u0130lyas Demir, 3. H\u00fcseyin Erbil; \u00dc\u00e7l\u00fc Taylar\u2019da 1. H\u00fcseyin G\u00fcder, 2. Alper Girgin, 3. Ercan \u00d6den; D\u00f6rtl\u00fc Taylar\u2019da 1. \u0130smet B\u00fcy\u00fckataman, 2. Akalteke G\u0131da, 3. Muharrem Alan; \u0130thal Atlar A\u2019da 1. Resul Demir oldu.<\/span><\/p>\n","protected":false},"excerpt":{"rendered":"<p>G\u00f6lc\u00fck Belediyesi ve Geleneksel Spor Dallar\u0131 Federasyonu i\u015fbirli\u011fi ile d\u00fczenlenen Geleneksel Rahvan At Yar\u0131\u015flar\u0131 G\u00f6lc\u00fck ko\u015fusu, yo\u011fun kat\u0131l\u0131mla ger\u00e7ekle\u015ftirildi. G\u00f6lc\u00fck<\/p>\n","protected":false},"author":3,"featured_media":14100,"comment_status":"open","ping_status":"open","sticky":false,"template":"","format":"standard","meta":{"colormag_page_container_layout":"default_layout","colormag_page_sidebar_layout":"default_layout","footnotes":""},"categories":[1,5,9],"tags":[],"class_list":["post-14098","post","type-post","status-publish","format-standard","has-post-thumbnail","hentry","category-genel","category-gundem","category-spor"],"_links":{"self":[{"href":"https:\/\/marmarayerelhizmet.com\/index.php\/wp-json\/wp\/v2\/posts\/14098","targetHints":{"allow":["GET"]}}],"collection":[{"href":"https:\/\/marmarayerelhizmet.com\/index.php\/wp-json\/wp\/v2\/posts"}],"about":[{"href":"https:\/\/marmarayerelhizmet.com\/index.php\/wp-json\/wp\/v2\/types\/post"}],"author":[{"embeddable":true,"href":"https:\/\/marmarayerelhizmet.com\/index.php\/wp-json\/wp\/v2\/users\/3"}],"replies":[{"embeddable":true,"href":"https:\/\/marmarayerelhizmet.com\/index.php\/wp-json\/wp\/v2\/comments?post=14098"}],"version-history":[{"count":0,"href":"https:\/\/marmarayerelhizmet.com\/index.php\/wp-json\/wp\/v2\/posts\/14098\/revisions"}],"wp:featuredmedia":[{"embeddable":true,"href":"https:\/\/marmarayerelhizmet.com\/index.php\/wp-json\/wp\/v2\/media\/14100"}],"wp:attachment":[{"href":"https:\/\/marmarayerelhizmet.com\/index.php\/wp-json\/wp\/v2\/media?parent=14098"}],"wp:term":[{"taxonomy":"category","embeddable":true,"href":"https:\/\/marmarayerelhizmet.com\/index.php\/wp-json\/wp\/v2\/categories?post=14098"},{"taxonomy":"post_tag","embeddable":true,"href":"https:\/\/marmarayerelhizmet.com\/index.php\/wp-json\/wp\/v2\/tags?post=14098"}],"curies":[{"name":"wp","href":"https:\/\/api.w.org\/{rel}","templated":true}]}}