{"id":14094,"date":"2023-08-20T11:58:49","date_gmt":"2023-08-20T08:58:49","guid":{"rendered":"https:\/\/marmarayerelhizmet.com\/?p=14094"},"modified":"2023-08-20T11:58:49","modified_gmt":"2023-08-20T08:58:49","slug":"re-you-projesi-mezunlarini-verdi","status":"publish","type":"post","link":"https:\/\/marmarayerelhizmet.com\/index.php\/2023\/08\/20\/re-you-projesi-mezunlarini-verdi\/","title":{"rendered":"RE-You Projesi Mezunlar\u0131n\u0131 Verdi"},"content":{"rendered":"<p><strong><span style=\"font-family: arial, helvetica, sans-serif; font-size: 14px;\">Yenilenebilir Gen\u00e7lik Enerjisi (RE-You) Projesi kapsam\u0131nda d\u00fczenlenen Kariyer Fuar\u0131, \u00c7anakkale Onsekiz Mart \u00dcniversitesi (\u00c7OM\u00dc) ev sahipli\u011finde Dardanos Yerle\u015fkesinde ger\u00e7ekle\u015ftirildi.<\/span><\/strong><\/p>\n<p><span style=\"font-family: arial, helvetica, sans-serif; font-size: 14px;\">G\u00fcney Marmara Kalk\u0131nma Ajans\u0131 (GMKA) taraf\u0131ndan y\u00fcr\u00fct\u00fclen, \u00c7al\u0131\u015fma ve Sosyal G\u00fcvenlik Bakanl\u0131\u011f\u0131\u2019n\u0131n I\u0307nsan Kaynaklar\u0131n\u0131n Geli\u015ftirilmesi Operasyonel Program\u0131 kapsam\u0131nda uygulanan ve Avrupa Birli\u011fi Kat\u0131l\u0131m \u00d6ncesi Yard\u0131m Arac\u0131 (IPA) kapsam\u0131nda finanse edilen RE-You Projesi kapsam\u0131nda 18-29 ya\u015f aras\u0131 480 gence, yenilenebilir enerji sekt\u00f6r\u00fcnde istihdam edilmeleri i\u00e7in gerekli nitelikleri kazand\u0131racak r\u00fczg\u00e2r, fotovoltaik ve biyogaz olmak \u00fczere, 3 enerji sisteminin dahil oldu\u011fu yenilenebilir enerji e\u011fitimleri verildi.<\/span><\/p>\n<p><span style=\"font-family: arial, helvetica, sans-serif; font-size: 14px;\"><strong>480 Kursiyer T\u00fcrkiye Genelinde Staj Yapma ve \u0130stihdam \u0130mkan\u0131 Elde Edecek<\/strong><\/span><\/p>\n<p><span style=\"font-family: arial, helvetica, sans-serif; font-size: 14px;\">Proje kapsam\u0131nda 480 kursiyer, \u00c7anakkale Onsekiz Mart \u00dcniversitesi\u2019nde ve Bal\u0131kesir \u00dcniversitesi\u2019nde bulunan S\u00fcrekli E\u011fitim Merkezleri\u2019nde ald\u0131klar\u0131 yenilenebilir enerji e\u011fitimleri sonras\u0131nda t\u00f6renle mezuniyet belgelerini ald\u0131. Kursiyerler, T\u00fcrkiye genelindeki yenilenebilir enerji \u015firketlerinde staj yapma ve istihdam imk\u00e2n\u0131 elde edecek.<\/span><\/p>\n<p><span style=\"font-family: arial, helvetica, sans-serif; font-size: 14px;\">Fuar\u0131n a\u00e7\u0131l\u0131\u015f konu\u015fmalar\u0131n\u0131 s\u0131ras\u0131yla; RE-You Projesi Tak\u0131m Lideri Prof. Dr. Dusan Gvozdenac, RE-You Projesi ve GMKA Yat\u0131r\u0131m Destek Ofisi Koordinat\u00f6r\u00fc Ali Ko\u00e7, Avrupa Birli\u011fi T\u00fcrkiye Delegasyonu Laurent Guirkinger ve \u00c7OM\u00dc Rekt\u00f6r\u00fc Prof. Dr. R. C\u00fcneyt Ereno\u011flu yapt\u0131.<\/span><\/p>\n<p><span style=\"font-family: arial, helvetica, sans-serif; font-size: 14px;\">A\u00e7\u0131l\u0131\u015f konu\u015fmalar\u0131n\u0131n ard\u0131ndan protokol taraf\u0131ndan stantlar gezildi. T\u00fcrkiye&#8217;nin yenilenebilir enerji \u00fcretim potansiyeli en y\u00fcksek, r\u00fczg\u00e2r, biyogaz, g\u00fcne\u015f gibi yenilenebilir enerji kaynaklar\u0131 a\u00e7\u0131s\u0131ndan olduk\u00e7a zengin olan G\u00fcney Marmara B\u00f6lgesi&#8217;nde y\u00fcr\u00fct\u00fclen bu proje ile r\u00fczg\u00e2r, g\u00fcne\u015f ve biyogaz g\u00fc\u00e7 sistemleri alanlar\u0131nda 280 saatlik hem teorik hem de uygulamal\u0131 teknik ve sosyal beceri e\u011fitimleri alan; yenilenebilir enerji sekt\u00f6r\u00fcnde kariyer yapma hedefi olan gen\u00e7 mezunlar sekt\u00f6r\u00fcn \u00f6nde gelen firmalar\u0131yla bir araya geldi.<\/span><\/p>\n<p><span style=\"font-family: arial, helvetica, sans-serif; font-size: 14px;\">Proje kapsam\u0131nda hem Bal\u0131kesir \u00dcniversitesi\u2019nde hem de \u00c7anakkale Onsekiz Mart \u00dcniversitesi\u2019nde yenilenebilir enerji laboratuvarlar\u0131 kurulurken, \u00fcniversiteler Global Wind Organization (GWO) taraf\u0131ndan aktedite edildi. Biyogaz, r\u00fczg\u00e2r ve g\u00fcne\u015f enerjisi alanlar\u0131nda 7 adet m\u00fcfredat kitab\u0131 bas\u0131l\u0131rken, d\u00fczenlenen \u00e7al\u0131\u015ftay ve konferanslara yenilenebilir enerji alan\u0131nda 1000\u2019in \u00fczerinde payda\u015f kat\u0131ld\u0131.<\/span><\/p>\n<p><span style=\"font-family: arial, helvetica, sans-serif; font-size: 14px;\">Bal\u0131kesir \u00dcniversitesinde e\u011fitimler devam etmekte olup e\u011fitimlerin bitimini takiben mezuniyet t\u00f6reni ve kariyer Fuar\u0131 d\u00fczenlenecektir.<\/span><\/p>\n","protected":false},"excerpt":{"rendered":"<p>Yenilenebilir Gen\u00e7lik Enerjisi (RE-You) Projesi kapsam\u0131nda d\u00fczenlenen Kariyer Fuar\u0131, \u00c7anakkale Onsekiz Mart \u00dcniversitesi (\u00c7OM\u00dc) ev sahipli\u011finde Dardanos Yerle\u015fkesinde ger\u00e7ekle\u015ftirildi. G\u00fcney<\/p>\n","protected":false},"author":3,"featured_media":14096,"comment_status":"open","ping_status":"open","sticky":false,"template":"","format":"standard","meta":{"colormag_page_container_layout":"default_layout","colormag_page_sidebar_layout":"default_layout","footnotes":""},"categories":[45,1,5],"tags":[],"class_list":["post-14094","post","type-post","status-publish","format-standard","has-post-thumbnail","hentry","category-egitim","category-genel","category-gundem"],"_links":{"self":[{"href":"https:\/\/marmarayerelhizmet.com\/index.php\/wp-json\/wp\/v2\/posts\/14094","targetHints":{"allow":["GET"]}}],"collection":[{"href":"https:\/\/marmarayerelhizmet.com\/index.php\/wp-json\/wp\/v2\/posts"}],"about":[{"href":"https:\/\/marmarayerelhizmet.com\/index.php\/wp-json\/wp\/v2\/types\/post"}],"author":[{"embeddable":true,"href":"https:\/\/marmarayerelhizmet.com\/index.php\/wp-json\/wp\/v2\/users\/3"}],"replies":[{"embeddable":true,"href":"https:\/\/marmarayerelhizmet.com\/index.php\/wp-json\/wp\/v2\/comments?post=14094"}],"version-history":[{"count":0,"href":"https:\/\/marmarayerelhizmet.com\/index.php\/wp-json\/wp\/v2\/posts\/14094\/revisions"}],"wp:featuredmedia":[{"embeddable":true,"href":"https:\/\/marmarayerelhizmet.com\/index.php\/wp-json\/wp\/v2\/media\/14096"}],"wp:attachment":[{"href":"https:\/\/marmarayerelhizmet.com\/index.php\/wp-json\/wp\/v2\/media?parent=14094"}],"wp:term":[{"taxonomy":"category","embeddable":true,"href":"https:\/\/marmarayerelhizmet.com\/index.php\/wp-json\/wp\/v2\/categories?post=14094"},{"taxonomy":"post_tag","embeddable":true,"href":"https:\/\/marmarayerelhizmet.com\/index.php\/wp-json\/wp\/v2\/tags?post=14094"}],"curies":[{"name":"wp","href":"https:\/\/api.w.org\/{rel}","templated":true}]}}