{"id":14090,"date":"2023-08-20T11:01:25","date_gmt":"2023-08-20T08:01:25","guid":{"rendered":"https:\/\/marmarayerelhizmet.com\/?p=14090"},"modified":"2023-08-20T11:01:25","modified_gmt":"2023-08-20T08:01:25","slug":"okulumda-kanpanya-var","status":"publish","type":"post","link":"https:\/\/marmarayerelhizmet.com\/index.php\/2023\/08\/20\/okulumda-kanpanya-var\/","title":{"rendered":"&#8216;Okulumda &#8216;Kan&#8217;Panya Var&#8217;"},"content":{"rendered":"<p><strong><span style=\"font-family: arial, helvetica, sans-serif; font-size: 14px;\">Mill\u00ee E\u011fitim Bakanl\u0131\u011f\u0131 ve K\u0131z\u0131lay i\u015f birli\u011fi i\u00e7erisinde \u00fclkemizin kan ihtiyac\u0131n\u0131n kar\u015f\u0131lanmas\u0131 hususunda hayata ge\u00e7irilen projeler ile \u00f6nemli ba\u015far\u0131lara imza at\u0131l\u0131yor.<\/span><\/strong><\/p>\n<p><span style=\"font-family: arial, helvetica, sans-serif; font-size: 14px;\">Mill\u00ee E\u011fitim Bakanl\u0131\u011f\u0131 ve K\u0131z\u0131lay i\u015f birli\u011fi i\u00e7erisinde hayata ge\u00e7irilen, \u0130l Milli E\u011fitim M\u00fcd\u00fcrl\u00fc\u011f\u00fc koordinasyonu ile uygulanacak olan &#8220;Okulumda &#8216;Kan&#8217;Panya Var&#8221; projesi hakk\u0131nda bilgilendirme yapmak ve planlama s\u00fcreciyle ilgili fikir al\u0131\u015fveri\u015finde bulunmak amac\u0131yla K\u0131z\u0131lay Kan Hizmetleri Kan Ba\u011f\u0131\u015f\u00e7\u0131s\u0131 Y\u00f6netim M\u00fcd\u00fcr\u00fc Metin Kalender, K\u0131z\u0131lay Bursa B\u00f6lge M\u00fcd\u00fcr\u00fc Nihat \u00c7ak\u0131r, K\u0131z\u0131lay Bal\u0131kesir Kan Merkezi M\u00fcd\u00fcr\u00fc \u0130lhami Kaymaz ve beraberindeki heyet; \u0130l Mill\u00ee E\u011fitim M\u00fcd\u00fcr\u00fc Ali Tatl\u0131&#8217;y\u0131 makam\u0131nda ziyaret etti.<\/span><\/p>\n<p><span style=\"font-family: arial, helvetica, sans-serif; font-size: 14px;\">K\u0131z\u0131lay&#8217;\u0131n il genelinde s\u00fcrd\u00fcrd\u00fc\u011f\u00fc \u00e7al\u0131\u015fmalar hakk\u0131nda bilgilerin aktar\u0131ld\u0131\u011f\u0131 ziyarette; \u00fclkemizin kan ihtiyac\u0131n\u0131n tamamen kar\u015f\u0131lanabilmesi ve bu durumun s\u00fcrd\u00fcr\u00fclebilirli\u011finin sa\u011flanabilmesi amac\u0131yla &#8220;Okulumda &#8216;Kan&#8217;Panya Var&#8221; projesinin hayata ge\u00e7irildi\u011fi vurguland\u0131.<\/span><\/p>\n<p><span style=\"font-family: arial, helvetica, sans-serif; font-size: 14px;\">Okul y\u00fcr\u00fctme komisyonlar\u0131 taraf\u0131ndan belirli bir takvim do\u011frultusunda uygulanacak proje ile kan ba\u011f\u0131\u015flama ya\u015f\u0131na hen\u00fcz eri\u015fmemi\u015f olan okul \u00f6ncesi, ilkokul ve orta\u00f6\u011fretim \u00f6\u011frencilerinde gelece\u011fin kan ba\u011f\u0131\u015f\u00e7\u0131lar\u0131 olabilme konusunda fark\u0131ndal\u0131k olu\u015fmas\u0131 ve kan ba\u011f\u0131\u015f\u0131 konusunda edindikleri fark\u0131ndal\u0131\u011f\u0131 velilerine aktararak onlar\u0131 kan ba\u011f\u0131\u015f\u0131na y\u00f6nlendirmelerini sa\u011flamak hedefleniyor.<\/span><\/p>\n<p><span style=\"font-family: arial, helvetica, sans-serif; font-size: 14px;\">T\u00fcrk K\u0131z\u0131lay&#8217;\u0131n\u0131n \u00fclkemiz i\u00e7in \u00f6nemli bir kurum oldu\u011funu ve projenin okullar\u0131m\u0131zda fark\u0131ndal\u0131\u011f\u0131 art\u0131raca\u011f\u0131n\u0131 belirten \u0130l Mill\u00ee E\u011fitim M\u00fcd\u00fcr\u00fc Ali Tatl\u0131, &#8220;Yard\u0131mla\u015fma ve dayan\u0131\u015fma k\u00fclt\u00fcr\u00fcm\u00fcz\u00fcn \u00f6nemli bir par\u00e7as\u0131 olan K\u0131z\u0131lay gerek \u00fclkemiz gerekse d\u00fcnya \u00fczerinde \u00e7ok \u00f6nemli \u00e7al\u0131\u015fmalara imza at\u0131yor; insanl\u0131k ad\u0131na m\u00fccadele ediyor. M\u00fcd\u00fcrl\u00fc\u011f\u00fcm\u00fcz olarak yanlar\u0131nda olmaya, etkinlik ve projelerine destek vermeye devam edece\u011fiz. Sava\u015fta, bar\u0131\u015fta ve do\u011fal afetlerde ula\u015ft\u0131rd\u0131\u011f\u0131 yard\u0131mlarla sayg\u0131n bir konuma sahip T\u00fcrk K\u0131z\u0131lay&#8217;\u0131na y\u00fcr\u00fctt\u00fckleri ve planlad\u0131klar\u0131 \u00e7al\u0131\u015fmalarda kolayl\u0131klar diliyorum.&#8221; ifadelerini kullanarak ziyaretten duydu\u011fu memnuniyeti dile getirdi.<\/span><\/p>\n<p>&nbsp;<\/p>\n","protected":false},"excerpt":{"rendered":"<p>Mill\u00ee E\u011fitim Bakanl\u0131\u011f\u0131 ve K\u0131z\u0131lay i\u015f birli\u011fi i\u00e7erisinde \u00fclkemizin kan ihtiyac\u0131n\u0131n kar\u015f\u0131lanmas\u0131 hususunda hayata ge\u00e7irilen projeler ile \u00f6nemli ba\u015far\u0131lara imza<\/p>\n","protected":false},"author":3,"featured_media":14092,"comment_status":"open","ping_status":"open","sticky":false,"template":"","format":"standard","meta":{"colormag_page_container_layout":"default_layout","colormag_page_sidebar_layout":"default_layout","footnotes":""},"categories":[45,1,5],"tags":[],"class_list":["post-14090","post","type-post","status-publish","format-standard","has-post-thumbnail","hentry","category-egitim","category-genel","category-gundem"],"_links":{"self":[{"href":"https:\/\/marmarayerelhizmet.com\/index.php\/wp-json\/wp\/v2\/posts\/14090","targetHints":{"allow":["GET"]}}],"collection":[{"href":"https:\/\/marmarayerelhizmet.com\/index.php\/wp-json\/wp\/v2\/posts"}],"about":[{"href":"https:\/\/marmarayerelhizmet.com\/index.php\/wp-json\/wp\/v2\/types\/post"}],"author":[{"embeddable":true,"href":"https:\/\/marmarayerelhizmet.com\/index.php\/wp-json\/wp\/v2\/users\/3"}],"replies":[{"embeddable":true,"href":"https:\/\/marmarayerelhizmet.com\/index.php\/wp-json\/wp\/v2\/comments?post=14090"}],"version-history":[{"count":0,"href":"https:\/\/marmarayerelhizmet.com\/index.php\/wp-json\/wp\/v2\/posts\/14090\/revisions"}],"wp:featuredmedia":[{"embeddable":true,"href":"https:\/\/marmarayerelhizmet.com\/index.php\/wp-json\/wp\/v2\/media\/14092"}],"wp:attachment":[{"href":"https:\/\/marmarayerelhizmet.com\/index.php\/wp-json\/wp\/v2\/media?parent=14090"}],"wp:term":[{"taxonomy":"category","embeddable":true,"href":"https:\/\/marmarayerelhizmet.com\/index.php\/wp-json\/wp\/v2\/categories?post=14090"},{"taxonomy":"post_tag","embeddable":true,"href":"https:\/\/marmarayerelhizmet.com\/index.php\/wp-json\/wp\/v2\/tags?post=14090"}],"curies":[{"name":"wp","href":"https:\/\/api.w.org\/{rel}","templated":true}]}}