{"id":14086,"date":"2023-08-20T10:58:07","date_gmt":"2023-08-20T07:58:07","guid":{"rendered":"https:\/\/marmarayerelhizmet.com\/?p=14086"},"modified":"2023-08-20T10:58:07","modified_gmt":"2023-08-20T07:58:07","slug":"yelken-mucadelesi-nefes-kesti","status":"publish","type":"post","link":"https:\/\/marmarayerelhizmet.com\/index.php\/2023\/08\/20\/yelken-mucadelesi-nefes-kesti\/","title":{"rendered":"Yelken M\u00fccadelesi Nefes Kesti"},"content":{"rendered":"<p><strong><span style=\"font-family: arial, helvetica, sans-serif; font-size: 14px;\">T\u00fcrkiye\u2019nin en iyi yat yar\u0131\u015f\u00e7\u0131lar\u0131n m\u00fccadele etti\u011fi 11. TAYK-Eker Olympos Regatta\u2019da ilk iki etap tamamland\u0131. Hava ve deniz \u015fartlar\u0131 sebebiyle zorluk derecesi \u00e7ok y\u00fcksek bir yar\u0131\u015f olan ikinci etab\u0131n kategori lider tak\u0131mlar\u0131 belli oldu. 11. TAYK-Eker Olympos Regatta, 20 A\u011fustos\u2019ta sona erecek.<br \/>\n<\/span><\/strong><br \/>\n<span style=\"font-family: arial, helvetica, sans-serif; font-size: 14px;\">T\u00fcrkiye A\u00e7\u0131kdeniz Yar\u0131\u015f Kul\u00fcb\u00fc (TAYK) taraf\u0131ndan Eker S\u00fct \u00dcr\u00fcnleri ana sponsorlu\u011funda, Bursa Yelken Kul\u00fcb\u00fc ve Moda Deniz Kul\u00fcb\u00fc i\u015fbirli\u011finde bu y\u0131l 11&#8217;incisi d\u00fczenlenen TAYK-Eker Olympos Regatta Yelken Yar\u0131\u015f\u0131&#8217;nda, Tirilye etab\u0131 nefes kesti. Tirilye&#8217;deki koy yar\u0131\u015flar\u0131 \u00f6ncesi bas\u0131n mensuplar\u0131n\u0131n sorular\u0131n\u0131 cevaplayan Eker S\u00fct \u00dcr\u00fcnleri Genel M\u00fcd\u00fcr\u00fc ve Eker Sailing Team d\u00fcmencisi Ahmet Eker, yar\u0131\u015flar\u0131n Olimpos Regatha \u0130stanbul&#8217;daki yelkencilerle, Bursa&#8217;daki yelkencileri bulu\u015fturdu\u011funu s\u00f6yledi. Bu sene de \u00e7ok g\u00fczel bir r\u00fczgarda \u0130stanbul&#8217;dan start ald\u0131klar\u0131n\u0131 vurgulayan Eker, &#8220;Ger\u00e7ekten \u00e7ok kuvvetli bir havada Tirilye Liman\u0131&#8217;na do\u011fru girdik. Ama Gemlik K\u00f6rfezi&#8217;ne girince yine biraz r\u00fczgar\u0131m\u0131z azald\u0131. Ama daha sonra b\u00fct\u00fcn tekneler gayet h\u0131zl\u0131 bir zamanla yar\u0131\u015flar\u0131 bitirdiler&#8221; diye konu\u015ftu.<\/span><br \/>\n<span style=\"font-family: arial, helvetica, sans-serif; font-size: 14px;\">\u00c7ok g\u00fczel bir yar\u0131\u015f oldu\u011funu vurgulayan Eker \u015funlar\u0131 dile getirdi:<\/span><br \/>\n<span style=\"font-family: arial, helvetica, sans-serif; font-size: 14px;\">&#8220;\u0130lk defa rekor bekliyorduk. Ama daha farkl\u0131 bir \u015fey oldu. On y\u0131ld\u0131r &#8216;Line Honour&#8217; alan Orient Ekspres bu sefer ilk fini\u015fi yapamad\u0131. Onun yerine Eker S\u00fczme teknesiyle biz ilk fini\u015fi yapt\u0131k. Bug\u00fcn de \u00e7ok g\u00fczel bir hava bekliyoruz. Gemlik K\u00f6rfezi&#8217;nde \u00e7ok g\u00fczel bir yar\u0131\u015f yapaca\u011f\u0131z. Daha sonra da yar\u0131n b\u00fct\u00fcn yelkenliler buradan start al\u0131p tekrar \u0130stanbul&#8217;a geri d\u00f6necekler. Bu yar\u0131\u015f b\u00fct\u00fcn yelkencilerin \u00e7ok bekledi\u011fi ve sevdi\u011fi bir yar\u0131\u015f. Tirilye&#8217;de Bursa&#8217;n\u0131n \u00e7ok g\u00fczel bir beldesi. Bu beldede ger\u00e7ekten \u0130stanbullu yelkencileri a\u011f\u0131rlamak bizim \u00e7ok ho\u015fumuza gidiyor ve her sene bunu d\u00fczenliyoruz. \u0130n\u015fallah bug\u00fcn de \u00e7ok g\u00fczel bir yar\u0131\u015f olacak. Bu y\u0131l toplamda 26 tekneyle start ald\u0131k. B\u00fct\u00fcn s\u0131n\u0131flardan ve bir\u00e7ok firman\u0131n sponsorlu\u011funda yar\u0131\u015fa kat\u0131ld\u0131lar. Her sene tabii bu yar\u0131\u015fa kat\u0131l\u0131m say\u0131s\u0131n\u0131n artmas\u0131n\u0131 diliyoruz. Ama her sene de yar\u0131\u015f\u0131n kalitesinin artt\u0131\u011f\u0131n\u0131 g\u00f6r\u00fcyoruz. O y\u00fczden Bursal\u0131 yelkenciler olarak \u00e7ok memnunuz.&#8221;<\/span><br \/>\n<span style=\"font-family: arial, helvetica, sans-serif; font-size: 14px;\">ENKA Yelken Tak\u0131m\u0131 taktisyeni Levent Peynirci de bu sene \u015fiddetli bir r\u00fczgarla buraya geldiklerini aktararak, &#8220;Genelde hep bu mevsimde sert r\u00fczgar esiyor, yine bizi kar\u015f\u0131lad\u0131 ve fini\u015fte de yine k\u00fc\u00e7\u00fck bir oyun oluyor gelenekselle\u015fen. Yine fini\u015fte ayn\u0131 oyunla h\u0131zl\u0131 bir \u015fekilde o oyunu atlatarak fini\u015fe girdik. \u0130lk yar\u0131\u015f\u0131 ikinci tamamlad\u0131k. Grubumuzda ve toplamda. Eker tak\u0131m\u0131 birinci oldu bug\u00fcn, \u015famand\u0131ra yar\u0131\u015f\u0131 var burada Tirilye&#8217;de. Yar\u0131n da buradan \u0130stanbul&#8217;a d\u00f6n\u00fcyor olaca\u011f\u0131z. Hedefimiz grup ve toplamda birincilik. Bakal\u0131m g\u00f6rece\u011fiz neler yapabiliyoruz.&#8221;<\/span><br \/>\n<span style=\"font-family: arial, helvetica, sans-serif; font-size: 14px;\">Kad\u0131nlar\u0131n g\u00fcc\u00fcn\u00fcn yelken yar\u0131\u015f\u0131nda da yer ald\u0131\u011f\u0131n\u0131 belirten Coca-Cola \u0130\u00e7ecek Tak\u0131m\u0131ndan Ece Akg\u00fcn, &#8220;Ge\u00e7en sene biraz daha rahat bir yar\u0131\u015f ge\u00e7irmi\u015ftik. Ama bu sene baya\u011f\u0131 zorlu bir yolculukla geldik. Teknede kad\u0131n olmak asl\u0131nda \u00e7ok zor de\u011fil. Hatta yar\u0131\u015f\u0131rken arkada\u015flar\u0131mdan biri &#8216;nas\u0131l k\u0131zs\u0131n? Yani hi\u00e7 korkmuyor musun?&#8217; dedi. Ger\u00e7ekten f\u0131rt\u0131nal\u0131 bir havayd\u0131. Ama bence olduk\u00e7a keyifliydi. Gece seyri de \u00e7ok g\u00fczel ge\u00e7iyor. Onun d\u0131\u015f\u0131nda burada Tirilye gibi bir yar\u0131\u015fta da hafta sonumuzu \u00fc\u00e7 g\u00fcn\u00fc burada ge\u00e7iriyoruz. T\u00fcm di\u011fer tak\u0131m arkada\u015flar\u0131m\u0131zla kayna\u015f\u0131yoruz. Di\u011fer teknelerle kayna\u015f\u0131yoruz. Tan\u0131ma f\u0131rsat\u0131 buluyoruz. Olduk\u00e7a keyifli bir hafta sonu oluyor. Eker de bizi \u00e7ok g\u00fczel a\u011f\u0131rl\u0131yor&#8221; dedi.<\/span><br \/>\n<span style=\"font-family: arial, helvetica, sans-serif; font-size: 14px;\">Hava \u015fartlar\u0131 sebebiyle Mudanya\u2019dan denize a\u00e7\u0131lan yelkencilerin, kategori lideri olmak i\u00e7in ortaya koydu\u011fu k\u0131yas\u0131ya m\u00fccadele nefesleri kesti. Teknik bilgiyle fiziksel eforun harmanland\u0131\u011f\u0131, zorluk derecesi \u00e7ok y\u00fcksek bir yar\u0131\u015f olan Tirilye Koy \u0130\u00e7i Etab\u0131, t\u00fcm kat\u0131l\u0131mc\u0131lara b\u00fcy\u00fck bir deneyim ya\u015fatt\u0131.<\/span><br \/>\n<span style=\"font-family: arial, helvetica, sans-serif; font-size: 14px;\">18 A\u011fustos\u2019ta yap\u0131lan Moda &#8211; Tirilye etab\u0131n\u0131n ard\u0131ndan, 19 A\u011fustos&#8217;ta Tirilye\u2019de ger\u00e7ekle\u015fen Koy \u0130\u00e7i Yar\u0131\u015f\u0131 etab\u0131n\u0131n birincileri de belli oldu. IRC 0: Orient Express 6, IRC I: Fenerbah\u00e7e Do\u011fu\u015f Yelken Yat Tak\u0131m\u0131 Fenerbah\u00e7e 1, IRC II: Eker Efsane Sailing Team &#8211; Das Dojo ve IRC III: Gemicio\u011flu Yelken Tak\u0131m\u0131 &#8211; Bled2<\/span><br \/>\n<span style=\"font-family: arial, helvetica, sans-serif; font-size: 14px;\">11. TAYK &#8211; Eker Olympos Regatta\u2019n\u0131n ilk etab\u0131n\u0131 en h\u0131zl\u0131 \u015fekilde kateden tekne, 03.34.32 saatlik dereceyle Eker Sailing Team &#8211; Eker S\u00fczme oldu. IRC 0: Eker Sailing Team &#8211; Eker S\u00fczme, IRC I: Columbia Alize 1070, IRC II: Coca Cola \u0130\u00e7ecek &#8211; Das Carina ve IRC III: Nts Dan\u0131\u015fmanl\u0131k &#8211; Falcon<\/span><br \/>\n<span style=\"font-family: arial, helvetica, sans-serif; font-size: 14px;\">Tirilye Koy \u0130\u00e7i Yar\u0131\u015flar\u0131\u2019nda b\u00fcy\u00fck bir efor sarf eden yelkenciler, yorgunluklar\u0131n\u0131 Marina Partisi\u2019nde atma f\u0131rsat\u0131 buldu. Tak\u0131mlar\u0131n bir yandan sosyalle\u015firken di\u011fer yandan yar\u0131\u015flarla ilgili de\u011ferlendirme yapma f\u0131rsat\u0131 buldu\u011fu partide ayn\u0131 zamanda ilk iki etab\u0131n liderlerine \u00f6d\u00fclleri takdim edildi.<\/span><\/p>\n<p><strong><span style=\"font-family: arial, helvetica, sans-serif; font-size: 14px;\">Yar\u0131\u015f, Tirilye &#8211; Moda etab\u0131yla tamamlanacak<\/span><\/strong><br \/>\n<span style=\"font-family: arial, helvetica, sans-serif; font-size: 14px;\">TAYK &#8211; Eker Olympos Regatta 2023\u2019te kupaya uzanan tak\u0131m ise Tirilye &#8211; \u0130stanbul aras\u0131nda yap\u0131lacak son etab\u0131n ard\u0131ndan belli olacak.<\/span><\/p>\n","protected":false},"excerpt":{"rendered":"<p>T\u00fcrkiye\u2019nin en iyi yat yar\u0131\u015f\u00e7\u0131lar\u0131n m\u00fccadele etti\u011fi 11. TAYK-Eker Olympos Regatta\u2019da ilk iki etap tamamland\u0131. Hava ve deniz \u015fartlar\u0131 sebebiyle<\/p>\n","protected":false},"author":3,"featured_media":14088,"comment_status":"open","ping_status":"open","sticky":false,"template":"","format":"standard","meta":{"colormag_page_container_layout":"default_layout","colormag_page_sidebar_layout":"default_layout","footnotes":""},"categories":[1,5,8,9],"tags":[],"class_list":["post-14086","post","type-post","status-publish","format-standard","has-post-thumbnail","hentry","category-genel","category-gundem","category-siyaset","category-spor"],"_links":{"self":[{"href":"https:\/\/marmarayerelhizmet.com\/index.php\/wp-json\/wp\/v2\/posts\/14086","targetHints":{"allow":["GET"]}}],"collection":[{"href":"https:\/\/marmarayerelhizmet.com\/index.php\/wp-json\/wp\/v2\/posts"}],"about":[{"href":"https:\/\/marmarayerelhizmet.com\/index.php\/wp-json\/wp\/v2\/types\/post"}],"author":[{"embeddable":true,"href":"https:\/\/marmarayerelhizmet.com\/index.php\/wp-json\/wp\/v2\/users\/3"}],"replies":[{"embeddable":true,"href":"https:\/\/marmarayerelhizmet.com\/index.php\/wp-json\/wp\/v2\/comments?post=14086"}],"version-history":[{"count":0,"href":"https:\/\/marmarayerelhizmet.com\/index.php\/wp-json\/wp\/v2\/posts\/14086\/revisions"}],"wp:featuredmedia":[{"embeddable":true,"href":"https:\/\/marmarayerelhizmet.com\/index.php\/wp-json\/wp\/v2\/media\/14088"}],"wp:attachment":[{"href":"https:\/\/marmarayerelhizmet.com\/index.php\/wp-json\/wp\/v2\/media?parent=14086"}],"wp:term":[{"taxonomy":"category","embeddable":true,"href":"https:\/\/marmarayerelhizmet.com\/index.php\/wp-json\/wp\/v2\/categories?post=14086"},{"taxonomy":"post_tag","embeddable":true,"href":"https:\/\/marmarayerelhizmet.com\/index.php\/wp-json\/wp\/v2\/tags?post=14086"}],"curies":[{"name":"wp","href":"https:\/\/api.w.org\/{rel}","templated":true}]}}