{"id":14078,"date":"2023-08-20T00:51:59","date_gmt":"2023-08-19T21:51:59","guid":{"rendered":"https:\/\/marmarayerelhizmet.com\/?p=14078"},"modified":"2023-08-20T11:02:01","modified_gmt":"2023-08-20T08:02:01","slug":"ihtiyac-sahipleri-icin-sosyal-market","status":"publish","type":"post","link":"https:\/\/marmarayerelhizmet.com\/index.php\/2023\/08\/20\/ihtiyac-sahipleri-icin-sosyal-market\/","title":{"rendered":"\u0130htiya\u00e7 Sahipleri i\u00e7in Sosyal Market"},"content":{"rendered":"<p><strong><span style=\"font-family: arial, helvetica, sans-serif;\">Band\u0131rma Belediyesi\u2019nin ihtiya\u00e7 sahiplerine destek olmak amac\u0131yla hayata ge\u00e7irdi\u011fi Sosyal Market\u2019in a\u00e7\u0131l\u0131\u015f\u0131 ger\u00e7ekle\u015ftirildi.<\/span><\/strong><\/p>\n<p><span style=\"font-family: arial, helvetica, sans-serif;\">Band\u0131rma Belediye Ba\u015fkan\u0131 Av. Tolga Tosun, Engelsiz Ya\u015fam Kamp\u0131 Projesi\u2019nin ard\u0131ndan \u00fclke \u00e7ap\u0131nda \u00f6rnek te\u015fkil edecek insan odakl\u0131 bir projeye daha imza att\u0131. Ekonomik zorluklarla m\u00fccadele eden ailelerin, kendilerine \u00fccretsiz olarak verilen ve i\u00e7erisinde 500 kredi puan\u0131 y\u00fckl\u00fc \u201cSosyal Kart\u201d ile diledikleri temel g\u0131da ve ihtiya\u00e7 \u00fcr\u00fcnlerine ula\u015fabilece\u011fi, tam 350 metrekare alan \u00fczerine kurulan \u201cSosyal Market\u201d hayata ge\u00e7irildi. Band\u0131rma Belediye Ba\u015fkan\u0131 Av. Tolga Tosun\u2019un ev sahipli\u011finde ger\u00e7ekle\u015ftirilen programa CHP Yerel Y\u00f6netimlerden Sorumlu Genel Ba\u015fkan Yard\u0131mc\u0131s\u0131 Ahmet Ak\u0131n, CHP Bal\u0131kesir Milletvekili TBMM \u0130dare Amiri Ensar Aytekin, CHP Bal\u0131kesir Milletvekili Serkan Sar\u0131, CHP Gen\u00e7lik Kollar\u0131 Genel Ba\u015fkan\u0131 Gen\u00e7osman Killik ve CHP Bal\u0131kesir \u0130l Ba\u015fkan\u0131 Erden K\u00f6yba\u015f\u0131, muhtarlar ve sivil toplum kurulu\u015flar\u0131n\u0131n temsilcileri ile \u00e7ok say\u0131da vatanda\u015f kat\u0131ld\u0131.<\/span><\/p>\n<p><span style=\"font-family: arial, helvetica, sans-serif;\">Sayg\u0131 duru\u015fu ve \u0130stiklal Mar\u015f\u0131\u2019n\u0131n okunmas\u0131yla ba\u015flayan program a\u00e7\u0131l\u0131\u015f konu\u015fmalar\u0131 ile devam etti. \u0130lk konu\u015fmay\u0131 CHP Bal\u0131kesir \u0130l Ba\u015fkan\u0131 Erden K\u00f6yba\u015f\u0131 yapt\u0131. K\u00f6yba\u015f\u0131 \u201cBelediye Ba\u015fkan\u0131m\u0131z Tolga Tosun\u2019un \u00f6rnek te\u015fkil eden bir projesinin daha a\u00e7\u0131l\u0131\u015f\u0131nda bulunuyoruz. \u0130htiya\u00e7 sahibi yurtta\u015flar\u0131m\u0131z\u0131n dilediklerini \u00f6zg\u00fcrce alabilecekleri b\u00f6yle bir marketi hayata ge\u00e7irmek vizyon gerekiyor. Onun i\u00e7in ba\u015fkan\u0131m\u0131za \u00e7ok te\u015fekk\u00fcr ediyorum.\u201d dedi.<\/span><\/p>\n<p><span style=\"font-family: arial, helvetica, sans-serif;\">Band\u0131rma Belediye Ba\u015fkan\u0131 Av. Tolga Tosun, \u201cKentimizde dayan\u0131\u015fma ve sevgiyle b\u00fct\u00fcnle\u015fti\u011fimiz g\u00fczel bir gelecek i\u00e7in \u00f6nemli bir ad\u0131m\u0131 daha hep birlikte at\u0131yoruz. Bug\u00fcn \u00e7evresine \u00f6rnek te\u015fkil edecek \u00f6nemli bir projenin daha a\u00e7\u0131l\u0131\u015f\u0131n\u0131 sizlerin kat\u0131l\u0131m\u0131yla birlikte ger\u00e7ekle\u015ftiriyor, kentimizde kurdu\u011fumuz iyilik zincirine yeni bir halka kazand\u0131rman\u0131n mutlulu\u011funu payla\u015f\u0131yoruz. Bir S\u00fcper Market g\u00f6r\u00fcn\u00fcm\u00fcnde kurmu\u015f oldu\u011fumuz Sosyal Market; il\u00e7emizde ya\u015fayan dezavantajl\u0131 ve ihtiya\u00e7 sahibi vatanda\u015flar\u0131n temel ihtiya\u00e7lar\u0131n\u0131n kar\u015f\u0131lanmas\u0131na yard\u0131mc\u0131 olmak amac\u0131yla hizmet verecektir. Bug\u00fcn a\u00e7\u0131l\u0131\u015f\u0131n\u0131 ger\u00e7ekle\u015ftirece\u011fimiz ma\u011fazam\u0131zda temel g\u0131dadan, hijyen malzemesine kadar yakla\u015f\u0131k 25 \u00e7e\u015fit \u00fcr\u00fcn ile ihtiya\u00e7 sahibi vatanda\u015flar\u0131m\u0131za hizmet verece\u011fiz. Ayn\u0131 zamanda bu market i\u00e7erisinde marka patenti y\u00fczde y\u00fcz Band\u0131rma Belediyesi\u2019nde bulunan Halk G\u0131da \u00fcr\u00fcnleri de yer almaktad\u0131r. Halk G\u0131da \u00e7at\u0131s\u0131 alt\u0131nda nohut, fasulye ve un \u00fcr\u00fcnleri orijinal paketli bir \u015fekilde ihtiya\u00e7 sahibi vatanda\u015flar\u0131m\u0131za bu market arac\u0131l\u0131\u011f\u0131yla ula\u015facakt\u0131r. Band\u0131rma\u2019da ya\u015fayan herkesin ya\u015fam kalitesini y\u00fckseltmeye y\u00f6nelik yeni hedefler ve yeni projeleri hayata ge\u00e7irmek i\u00e7in ilk g\u00fcnk\u00fc azim ve kararl\u0131l\u0131kla, inan\u00e7la \u00e7al\u0131\u015fmaya devam edece\u011fiz.\u201d ifadesinde bulundu.<\/span><\/p>\n<p><span style=\"font-family: arial, helvetica, sans-serif;\">CHP Bal\u0131kesir Milletvekili Serkan Sar\u0131, \u201cBand\u0131rma i\u00e7in bir kazan\u0131m, T\u00fcrkiye i\u00e7in \u00f6rnek olacak bu proje i\u00e7in belediye ba\u015fkan\u0131m\u0131z\u0131 tebrik ediyorum. Ekonomik sorunlar i\u00e7inde toplumun ekonomik anlamda deste\u011fe ve katk\u0131ya ihtiyac\u0131 vard\u0131r.\u201d diye konu\u015ftu.<\/span><\/p>\n<p><span style=\"font-family: arial, helvetica, sans-serif;\">CHP Bal\u0131kesir Milletvekili ve TBMM \u0130dare Amiri Ensar Aytekin, \u201cBand\u0131rma Belediyesi\u2019nin a\u00e7t\u0131\u011f\u0131 bu market, \u00e7ok \u00f6nemli bir projedir\u201d dedi. CHP Yerel Y\u00f6netimlerden Sorumlu Genel Ba\u015fkan Yard\u0131mc\u0131s\u0131 Ahmet Ak\u0131n, \u201cDile\u011fimiz, hi\u00e7 kimsenin ihtiya\u00e7 sahibi olmamas\u0131, herkesin \u00e7al\u0131\u015farak eme\u011finin kar\u015f\u0131l\u0131\u011f\u0131n\u0131 almas\u0131d\u0131r. Bal\u0131kesir\u2019in kaynaklar\u0131 \u00e7ok fazla ama yeterince de\u011ferlendirilmiyor. \u00dclkemiz genelinde partimizin 253 belediye ba\u015fkan\u0131 var. Hepsi b\u00f6lgelerinde ba\u015far\u0131yla hizmet veriyor. 31 Mart\u2019ta yap\u0131lacak yerel se\u00e7imde, Bal\u0131kesir\u2019de ve \u00fclke genelinde belediye say\u0131m\u0131z\u0131 art\u0131raca\u011f\u0131z. B\u00f6ylece vatanda\u015flar\u0131m\u0131z\u0131 halk\u00e7\u0131 belediyelerle bulu\u015fturaca\u011f\u0131z. Bug\u00fcn, burada a\u00e7aca\u011f\u0131m\u0131z sosyal market i\u00e7in Band\u0131rma Belediye Ba\u015fkan\u0131 Tolga Tosun\u2019u kutluyorum.\u201d diye konu\u015ftu.<\/span><br \/>\n<span style=\"font-family: arial, helvetica, sans-serif;\">Konu\u015fmalar\u0131n ard\u0131ndan, alk\u0131\u015flar e\u015fli\u011finde ger\u00e7ekle\u015ftirilen kurdele kesimi ile program sona erdi.<\/span><\/p>\n","protected":false},"excerpt":{"rendered":"<p>Band\u0131rma Belediyesi\u2019nin ihtiya\u00e7 sahiplerine destek olmak amac\u0131yla hayata ge\u00e7irdi\u011fi Sosyal Market\u2019in a\u00e7\u0131l\u0131\u015f\u0131 ger\u00e7ekle\u015ftirildi. Band\u0131rma Belediye Ba\u015fkan\u0131 Av. Tolga Tosun, Engelsiz<\/p>\n","protected":false},"author":3,"featured_media":14080,"comment_status":"open","ping_status":"open","sticky":false,"template":"","format":"standard","meta":{"colormag_page_container_layout":"default_layout","colormag_page_sidebar_layout":"default_layout","footnotes":""},"categories":[1,5,8],"tags":[],"class_list":["post-14078","post","type-post","status-publish","format-standard","has-post-thumbnail","hentry","category-genel","category-gundem","category-siyaset"],"_links":{"self":[{"href":"https:\/\/marmarayerelhizmet.com\/index.php\/wp-json\/wp\/v2\/posts\/14078","targetHints":{"allow":["GET"]}}],"collection":[{"href":"https:\/\/marmarayerelhizmet.com\/index.php\/wp-json\/wp\/v2\/posts"}],"about":[{"href":"https:\/\/marmarayerelhizmet.com\/index.php\/wp-json\/wp\/v2\/types\/post"}],"author":[{"embeddable":true,"href":"https:\/\/marmarayerelhizmet.com\/index.php\/wp-json\/wp\/v2\/users\/3"}],"replies":[{"embeddable":true,"href":"https:\/\/marmarayerelhizmet.com\/index.php\/wp-json\/wp\/v2\/comments?post=14078"}],"version-history":[{"count":0,"href":"https:\/\/marmarayerelhizmet.com\/index.php\/wp-json\/wp\/v2\/posts\/14078\/revisions"}],"wp:featuredmedia":[{"embeddable":true,"href":"https:\/\/marmarayerelhizmet.com\/index.php\/wp-json\/wp\/v2\/media\/14080"}],"wp:attachment":[{"href":"https:\/\/marmarayerelhizmet.com\/index.php\/wp-json\/wp\/v2\/media?parent=14078"}],"wp:term":[{"taxonomy":"category","embeddable":true,"href":"https:\/\/marmarayerelhizmet.com\/index.php\/wp-json\/wp\/v2\/categories?post=14078"},{"taxonomy":"post_tag","embeddable":true,"href":"https:\/\/marmarayerelhizmet.com\/index.php\/wp-json\/wp\/v2\/tags?post=14078"}],"curies":[{"name":"wp","href":"https:\/\/api.w.org\/{rel}","templated":true}]}}