{"id":14074,"date":"2023-08-20T10:49:49","date_gmt":"2023-08-20T07:49:49","guid":{"rendered":"https:\/\/marmarayerelhizmet.com\/?p=14074"},"modified":"2023-08-20T10:49:49","modified_gmt":"2023-08-20T07:49:49","slug":"sanat-icin-ben-de-varim","status":"publish","type":"post","link":"https:\/\/marmarayerelhizmet.com\/index.php\/2023\/08\/20\/sanat-icin-ben-de-varim\/","title":{"rendered":"&#8216;Sanat \u0130\u00e7in Ben De Var\u0131m&#8217;"},"content":{"rendered":"<p><strong><span style=\"font-family: arial, helvetica, sans-serif; font-size: 14px;\">Kocaeli&#8217;de \u00f6zel bireylerin y\u0131l boyunca ortaya \u00e7\u0131kartt\u0131klar\u0131 eserlerin yer ald\u0131\u011f\u0131 &#8220;Sanat \u0130\u00e7in Ben De Var\u0131m&#8221; festivali ba\u015flad\u0131.<br \/>\n<\/span><\/strong><br \/>\n<span style=\"font-family: arial, helvetica, sans-serif; font-size: 14px;\">Kocaeli B\u00fcy\u00fck\u015fehir Belediyesinin &#8220;Sanat \u0130\u00e7in Ben de Var\u0131m&#8221; projesinin festivali ba\u015flad\u0131. \u00d6zel bireylerin y\u0131l boyunca ortaya \u00e7\u0131kartt\u0131klar\u0131 e\u011fitsel, sosyal ve k\u00fclt\u00fcrel alandaki \u00e7al\u0131\u015fmalar\u0131n yer ald\u0131\u011f\u0131 festival Kocaeli Kongre Merkezinde yap\u0131ld\u0131.<\/span><br \/>\n<span style=\"font-family: arial, helvetica, sans-serif; font-size: 14px;\">Kocaeli Kongre Merkezinde iki g\u00fcn s\u00fcrecek Sanat \u0130\u00e7in Ben De Var\u0131m festivaline pek \u00e7ok tan\u0131nm\u0131\u015f yazar, oyuncu ve sanat\u00e7\u0131 kat\u0131ld\u0131. \u00d6zel bireyler ve ailelerinin haz\u0131r bulundu\u011fu festivale ayr\u0131ca Kocaeli B\u00fcy\u00fck\u015fehir Belediye Ba\u015fkan\u0131 Do\u00e7. Dr. Tahir B\u00fcy\u00fckak\u0131n ve e\u015fi Do\u00e7. Dr. Figen B\u00fcy\u00fckak\u0131n, siyasi parti temsilcileri, il\u00e7e belediye ba\u015fkanlar\u0131, sivil toplum kurulu\u015fu temsilcileri ve vatanda\u015flar kat\u0131ld\u0131.<\/span><\/p>\n<p><strong><span style=\"font-family: arial, helvetica, sans-serif; font-size: 14px;\">&#8220;\u00d6zel bireyler bizden daha iyi g\u00f6rebiliyor&#8221;<\/span><\/strong><br \/>\n<span style=\"font-family: arial, helvetica, sans-serif; font-size: 14px;\">Festivalde konu\u015fan Kocaeli B\u00fcy\u00fck\u015fehir Belediye Ba\u015fkan\u0131 Tahir B\u00fcy\u00fckak\u0131n, &#8220;Kat\u0131ld\u0131\u011f\u0131m en duygulu programlardan biri bu. Gen\u00e7ler o kadar g\u00fczel \u015feyler s\u00f6ylediler ki, her birini y\u00fcrekten seviyorum. Onlar\u0131n mutlu oldu\u011funu g\u00f6rd\u00fcm. Kendinizi geli\u015ftirmi\u015f oldu\u011funuzu g\u00f6rd\u00fcm. Katk\u0131s\u0131 olan herkese sayg\u0131lar\u0131m\u0131 sunuyorum tebrik ediyorum. Anlatt\u0131klar\u0131n\u0131z kald\u0131 akl\u0131mda. F\u0131rsat verildi\u011finde yapabilecekleriniz kald\u0131. Bize ac\u0131may\u0131n mesaj\u0131 vard\u0131. Bizi anlamaya \u00e7al\u0131\u015f\u0131n mesaj\u0131 vard\u0131. Her g\u00f6rd\u00fc\u011f\u00fcm\u00fcz renkler farkl\u0131 farkl\u0131. Her birinizin farkl\u0131 farkl\u0131 kabiliyetlerini g\u00f6rm\u00fc\u015f oluyoruz. \u00d6zel bireyler bizden daha iyi g\u00f6rebiliyor. Y\u00fcrekleri art niyet olmadan bu d\u00fcnyaya bakmay\u0131 beceriyorlar. As\u0131l orada engelli olan bizleriz. Gayret m\u00fccadelesi etmek, emek vermek. Emek verilmese idi bug\u00fcn burada g\u00f6rd\u00fcklerinizin \u00e7o\u011fu, bu emeklerin sonucu ortaya \u00e7\u0131kmazd\u0131. Birileri gayret etti de oldu. Bu bir yolculuk. Bu bir m\u00fccadele. Elimizden gelenlerin daha fazlas\u0131n\u0131 yaparak engelleri tek tek ortadan kald\u0131rmak i\u00e7in \u00e7al\u0131\u015f\u0131yoruz. Eme\u011fi ge\u00e7en arkada\u015flar\u0131m\u0131 tebrik ediyorum. Bu ba\u015far\u0131lar\u0131n gelecekte daha da ba\u015far\u0131l\u0131 olaca\u011f\u0131n\u0131, bu yap\u0131lanlar ayak sesleri. Kocaeli sizin arkan\u0131zda. Bu kentin hocalar\u0131 arkan\u0131zda. T\u00fcrkiye\u2019ye \u00f6rnek projeler \u00e7\u0131kacak&#8221; dedi.<\/span><\/p>\n<p><strong><span style=\"font-family: arial, helvetica, sans-serif; font-size: 14px;\">&#8220;Kendinizle gurur duyun&#8221;<\/span><\/strong><br \/>\n<span style=\"font-family: arial, helvetica, sans-serif; font-size: 14px;\">Ba\u015fkan B\u00fcy\u00fckak\u0131n\u2019\u0131n konu\u015fmas\u0131n\u0131n ard\u0131ndan akademisyen U\u011fur Bat\u0131 konferans ger\u00e7ekle\u015ftirdi. Bat\u0131, &#8220;Burada g\u00fclen y\u00fczler g\u00f6r\u00fcyorum \u00e7ok iyi i\u015fler yapm\u0131\u015fs\u0131n\u0131z. Feraset sahibi insanlar kendi sahip olduklar\u0131 d\u0131\u015f\u0131nda di\u011ferlerini de g\u00f6rendir. Sevgi \u00e7emberi diyelim ve bunu b\u00fcy\u00fcltelim. Kendinizle gurur duyun. Eme\u011fi ge\u00e7en herkesin y\u00fcre\u011fine sa\u011fl\u0131k s\u00f6zleriyle&#8221; diye konu\u015ftu.<\/span><\/p>\n<p><strong><span style=\"font-family: arial, helvetica, sans-serif; font-size: 14px;\">Rap m\u00fczik<\/span><\/strong><br \/>\n<span style=\"font-family: arial, helvetica, sans-serif; font-size: 14px;\">Sanat \u0130\u00e7in Ben De var\u0131m \u00f6\u011frencilerinden Bet\u00fcl Macit ve Murat Bayram\u0131n s\u00f6zlerini yazd\u0131\u011f\u0131, engellilerin bak\u0131\u015f a\u00e7\u0131s\u0131yla \u00e7ekimleri yap\u0131lan &#8220;Rampa&#8221; isimli rap \u015fark\u0131 ve klip, Resul Aydemir yorumuyla seyircilerin be\u011fenisine sunuldu.<\/span><\/p>\n<p><strong><span style=\"font-family: arial, helvetica, sans-serif; font-size: 14px;\">Yetenekler ke\u015ffedildi<\/span><\/strong><br \/>\n<span style=\"font-family: arial, helvetica, sans-serif; font-size: 14px;\">Sanat \u0130\u00e7in Ben de Var\u0131m Festivalinde, geleneksel ve g\u00f6rsel sanatlar eserleri sergisi ziyaret\u00e7ilerin be\u011fenisine sunulacak. Edebiyat at\u00f6lyesi \u00f6\u011frencilerinin \u00fcretti\u011fi edebi eserlerin derlendi\u011fi Sanat \u0130\u00e7in Ben de Var\u0131m Se\u00e7ki kitab\u0131 da \u00f6\u011frenciler taraf\u0131ndan ziyaret\u00e7ilere takdim edilecek. Edebiyat masas\u0131nda yap\u0131lacak edebiyat ve \u015fiir s\u00f6yle\u015filerinde ise \u00f6zel bireyler ve ziyaret\u00e7iler \u0130smail K\u0131l\u0131\u00e7arslan, G\u00f6khan Erg\u00fcr, Tar\u0131k Tufan, Selahattin Yusuf ile bulu\u015facak.<\/span><br \/>\n<span style=\"font-family: arial, helvetica, sans-serif; font-size: 14px;\">K\u00fclt\u00fcr ve Turizm Bakanl\u0131\u011f\u0131, Telif Haklar\u0131 Genel M\u00fcd\u00fcrl\u00fc\u011f\u00fc taraf\u0131ndan desteklenen Sanat \u0130\u00e7in Ben de Var\u0131m projesi festivalinde \u00f6zel bireyler ald\u0131klar\u0131 tiyatro e\u011fitimlerinin sonu\u00e7 \u00e7\u0131kt\u0131s\u0131 olarak bir tiyatro oyunu g\u00f6sterimi yapacak. M\u00fczik at\u00f6lyesi \u00f6\u011frencileri taraf\u0131ndan da bir konser verilecek, bireysel performanslar sanatseverlerle bulu\u015facak.<\/span><br \/>\n<span style=\"font-family: arial, helvetica, sans-serif; font-size: 14px;\">Gazeteci yazar Ersin \u00c7elik sunumuyla dijital medya \u00f6\u011frencilerinin kat\u0131laca\u011f\u0131 \u201cErsin \u00c7elik ile Aile \u00dczerine\u201d s\u00f6yle\u015fisi ger\u00e7ekle\u015ftirilecek olan festivalde, ayr\u0131ca yazar U\u011fur Bat\u0131 proje ve proje belgeseli ile ilgili sahne alacak.<\/span><\/p>\n","protected":false},"excerpt":{"rendered":"<p>Kocaeli&#8217;de \u00f6zel bireylerin y\u0131l boyunca ortaya \u00e7\u0131kartt\u0131klar\u0131 eserlerin yer ald\u0131\u011f\u0131 &#8220;Sanat \u0130\u00e7in Ben De Var\u0131m&#8221; festivali ba\u015flad\u0131. Kocaeli B\u00fcy\u00fck\u015fehir Belediyesinin<\/p>\n","protected":false},"author":3,"featured_media":14076,"comment_status":"open","ping_status":"open","sticky":false,"template":"","format":"standard","meta":{"colormag_page_container_layout":"default_layout","colormag_page_sidebar_layout":"default_layout","footnotes":""},"categories":[1,5,6,8],"tags":[],"class_list":["post-14074","post","type-post","status-publish","format-standard","has-post-thumbnail","hentry","category-genel","category-gundem","category-kultur-sanat","category-siyaset"],"_links":{"self":[{"href":"https:\/\/marmarayerelhizmet.com\/index.php\/wp-json\/wp\/v2\/posts\/14074","targetHints":{"allow":["GET"]}}],"collection":[{"href":"https:\/\/marmarayerelhizmet.com\/index.php\/wp-json\/wp\/v2\/posts"}],"about":[{"href":"https:\/\/marmarayerelhizmet.com\/index.php\/wp-json\/wp\/v2\/types\/post"}],"author":[{"embeddable":true,"href":"https:\/\/marmarayerelhizmet.com\/index.php\/wp-json\/wp\/v2\/users\/3"}],"replies":[{"embeddable":true,"href":"https:\/\/marmarayerelhizmet.com\/index.php\/wp-json\/wp\/v2\/comments?post=14074"}],"version-history":[{"count":0,"href":"https:\/\/marmarayerelhizmet.com\/index.php\/wp-json\/wp\/v2\/posts\/14074\/revisions"}],"wp:featuredmedia":[{"embeddable":true,"href":"https:\/\/marmarayerelhizmet.com\/index.php\/wp-json\/wp\/v2\/media\/14076"}],"wp:attachment":[{"href":"https:\/\/marmarayerelhizmet.com\/index.php\/wp-json\/wp\/v2\/media?parent=14074"}],"wp:term":[{"taxonomy":"category","embeddable":true,"href":"https:\/\/marmarayerelhizmet.com\/index.php\/wp-json\/wp\/v2\/categories?post=14074"},{"taxonomy":"post_tag","embeddable":true,"href":"https:\/\/marmarayerelhizmet.com\/index.php\/wp-json\/wp\/v2\/tags?post=14074"}],"curies":[{"name":"wp","href":"https:\/\/api.w.org\/{rel}","templated":true}]}}