{"id":14062,"date":"2023-08-20T10:43:18","date_gmt":"2023-08-20T07:43:18","guid":{"rendered":"https:\/\/marmarayerelhizmet.com\/?p=14062"},"modified":"2023-08-20T10:43:18","modified_gmt":"2023-08-20T07:43:18","slug":"ak-partiden-anma-programi","status":"publish","type":"post","link":"https:\/\/marmarayerelhizmet.com\/index.php\/2023\/08\/20\/ak-partiden-anma-programi\/","title":{"rendered":"AK Parti&#8217;den Anma Program\u0131"},"content":{"rendered":"<p><strong><span style=\"font-family: arial, helvetica, sans-serif; font-size: 14px;\">AK Parti \u0130stanbul \u0130l Ba\u015fkanl\u0131\u011f\u0131, Kore ve K\u0131br\u0131s sava\u015flar\u0131ndaki \u015fehit ve gaziler i\u00e7in anma program\u0131 ger\u00e7ekle\u015ftirdi. Aile ve Sosyal Hizmetler Bakan Yard\u0131mc\u0131s\u0131 Sevim Say\u0131m Madak, yapt\u0131\u011f\u0131 konu\u015fmada &#8220;\u00dclkemizin kahraman evlatlar\u0131, cesaretleri ve sava\u015f\u00e7\u0131 kabiliyetleriyle destanlar yazarak kendi ifadelerine g\u00f6re \u2018kan karde\u015f ve can dostu\u2019 olmu\u015flard\u0131r&#8221; dedi.<\/span><\/strong><\/p>\n<p><span style=\"font-family: arial, helvetica, sans-serif; font-size: 14px;\">AK Parti \u0130stanbul \u0130l Ba\u015fkanl\u0131\u011f\u0131 taraf\u0131ndan &#8220;Kore&#8217;den K\u0131br\u0131s&#8217;a Hep Mazlumun Yan\u0131nda&#8221; ismiyle \u015fehit ve gazileri anma program\u0131 ger\u00e7ekle\u015ftirildi. S\u00fctl\u00fcce&#8217;deki AK Parti \u0130stanbul \u0130l Ba\u015fkanl\u0131\u011f\u0131 Binas\u0131&#8217;nda ger\u00e7ekle\u015fen program, Kur&#8217;an-\u0131 Kerim tilavetiyle ba\u015flad\u0131. Programa, Aile ve Sosyal Hizmetler Bakan Yard\u0131mc\u0131s\u0131 Sevim Say\u0131m Madak, AK Parti \u0130l Ba\u015fkan Yard\u0131mc\u0131s\u0131 Mehmet Fatih Serdar, \u0130l \u015eehit, Gazi ve Yetim Komisyonu Ba\u015fkan\u0131 Selman Enes Y\u00fccel, \u015fehit yak\u0131nlar\u0131, gaziler ve gazi yak\u0131nlar\u0131 kat\u0131ld\u0131.<\/span><\/p>\n<p><span style=\"font-family: arial, helvetica, sans-serif; font-size: 14px;\">&#8220;\u0130lelebet s\u00fcrecek bir dostlu\u011fun kurulmas\u0131n\u0131 temin etmi\u015flerdir&#8221;<\/span><br \/>\n<span style=\"font-family: arial, helvetica, sans-serif; font-size: 14px;\">Aile ve Sosyal Hizmetler Bakan Yard\u0131mc\u0131s\u0131 Sevim Say\u0131m Madak programda yapt\u0131\u011f\u0131 konu\u015fmada, &#8220;Kore halk\u0131n\u0131n huzuru, g\u00fcvenli\u011fi ve uluslararas\u0131 bar\u0131\u015f\u0131n tesisi i\u00e7in omuz omuza sava\u015fan kahraman askerlerimiz Kore ile ilelebet s\u00fcrecek bir dostlu\u011fun kurulmas\u0131n\u0131 temin etmi\u015flerdir. \u00dclkemizin kahraman evlatlar\u0131, cesaretleri ve sava\u015f\u00e7\u0131 kabiliyetleriyle destanlar yazarak kendi ifadelerine g\u00f6re \u2018kan karde\u015f ve can dostu\u2019 olmu\u015flard\u0131r. Bundan tam 49 y\u0131l \u00f6nce bir sabah 31 bin 671 askerimizle ger\u00e7ekle\u015ftirdi\u011fimiz K\u0131br\u0131s Bar\u0131\u015f Harekat\u0131 ile askerimiz K\u0131br\u0131s\u2019a ayak basm\u0131\u015f, b\u00fct\u00fcn K\u0131br\u0131s\u2019\u0131 bar\u0131\u015f ve huzura kavu\u015fturmu\u015ftur. Gazilerimizin gelirine bak\u0131lmaks\u0131z\u0131n her birinin maa\u015flar\u0131 asgari \u00fccret tutar\u0131nda seviyeye y\u00fckseltilerek \u00f6denmeye ba\u015flad\u0131. Ayr\u0131ca kamuda istihdam hakk\u0131, faizsiz konut kredisi hakk\u0131, \u00fccretsiz seyahat hakk\u0131, elektrik ve su indirimi, ek \u00f6deme ve \u00f6\u011frenim yard\u0131m\u0131 gibi bir\u00e7ok yeni hak sa\u011flanm\u0131\u015f ve \u00f6nceden var olanlar\u0131n da alan\u0131 geni\u015fletilmi\u015ftir&#8221; diye konu\u015ftu.<\/span><\/p>\n<p><span style=\"font-family: arial, helvetica, sans-serif; font-size: 14px;\">Programda &#8220;Bilin\u00e7li Anne G\u00fc\u00e7l\u00fc Aile&#8221; projesine yapt\u0131klar\u0131 katk\u0131lar\u0131 dolay\u0131s\u0131yla il\u00e7e temsilcilerine Aile ve Sosyal Hizmetler Bakan Yard\u0131mc\u0131s\u0131 Madak taraf\u0131ndan plaket takdim edildi.<\/span><\/p>\n","protected":false},"excerpt":{"rendered":"<p>AK Parti \u0130stanbul \u0130l Ba\u015fkanl\u0131\u011f\u0131, Kore ve K\u0131br\u0131s sava\u015flar\u0131ndaki \u015fehit ve gaziler i\u00e7in anma program\u0131 ger\u00e7ekle\u015ftirdi. Aile ve Sosyal Hizmetler<\/p>\n","protected":false},"author":3,"featured_media":14064,"comment_status":"open","ping_status":"open","sticky":false,"template":"","format":"standard","meta":{"colormag_page_container_layout":"default_layout","colormag_page_sidebar_layout":"default_layout","footnotes":""},"categories":[1,5,8],"tags":[],"class_list":["post-14062","post","type-post","status-publish","format-standard","has-post-thumbnail","hentry","category-genel","category-gundem","category-siyaset"],"_links":{"self":[{"href":"https:\/\/marmarayerelhizmet.com\/index.php\/wp-json\/wp\/v2\/posts\/14062","targetHints":{"allow":["GET"]}}],"collection":[{"href":"https:\/\/marmarayerelhizmet.com\/index.php\/wp-json\/wp\/v2\/posts"}],"about":[{"href":"https:\/\/marmarayerelhizmet.com\/index.php\/wp-json\/wp\/v2\/types\/post"}],"author":[{"embeddable":true,"href":"https:\/\/marmarayerelhizmet.com\/index.php\/wp-json\/wp\/v2\/users\/3"}],"replies":[{"embeddable":true,"href":"https:\/\/marmarayerelhizmet.com\/index.php\/wp-json\/wp\/v2\/comments?post=14062"}],"version-history":[{"count":0,"href":"https:\/\/marmarayerelhizmet.com\/index.php\/wp-json\/wp\/v2\/posts\/14062\/revisions"}],"wp:featuredmedia":[{"embeddable":true,"href":"https:\/\/marmarayerelhizmet.com\/index.php\/wp-json\/wp\/v2\/media\/14064"}],"wp:attachment":[{"href":"https:\/\/marmarayerelhizmet.com\/index.php\/wp-json\/wp\/v2\/media?parent=14062"}],"wp:term":[{"taxonomy":"category","embeddable":true,"href":"https:\/\/marmarayerelhizmet.com\/index.php\/wp-json\/wp\/v2\/categories?post=14062"},{"taxonomy":"post_tag","embeddable":true,"href":"https:\/\/marmarayerelhizmet.com\/index.php\/wp-json\/wp\/v2\/tags?post=14062"}],"curies":[{"name":"wp","href":"https:\/\/api.w.org\/{rel}","templated":true}]}}