{"id":14049,"date":"2023-08-19T23:43:13","date_gmt":"2023-08-19T20:43:13","guid":{"rendered":"https:\/\/marmarayerelhizmet.com\/?p=14049"},"modified":"2023-08-19T23:43:13","modified_gmt":"2023-08-19T20:43:13","slug":"challenge-istanbul-3-eylulde-basliyor","status":"publish","type":"post","link":"https:\/\/marmarayerelhizmet.com\/index.php\/2023\/08\/19\/challenge-istanbul-3-eylulde-basliyor\/","title":{"rendered":"Challenge \u0130stanbul 3 Eyl\u00fcl&#8217;de Ba\u015fl\u0131yor"},"content":{"rendered":"<p><strong><span style=\"font-family: arial, helvetica, sans-serif; font-size: 14px;\">Bu y\u0131l \u00fc\u00e7\u00fcnc\u00fcs\u00fc d\u00fczenlenecek olan triatlon yar\u0131\u015fmas\u0131 Challenge \u0130stanbul\u2019un bas\u0131n lansman\u0131 ger\u00e7ekle\u015ftirildi. 3 Eyl\u00fcl Pazar g\u00fcn\u00fc Beykoz\u2019da yap\u0131lacak yar\u0131\u015flara bin sporcu kat\u0131lacak.<br \/>\n<\/span><\/strong><br \/>\n<span style=\"font-family: arial, helvetica, sans-serif; font-size: 14px;\">D\u00fcnyan\u0131n \u00f6nemli triatlon yar\u0131\u015fmalar\u0131 aras\u0131nda yer alan Challenge \u0130stanbul, bu sene \u00fc\u00e7\u00fcnc\u00fc kez Beykoz&#8217;da ger\u00e7ekle\u015ftirilecek. Triatlon&#8217;da \u0130stanbul\u2019u uluslararas\u0131 haritaya koyan ve iki k\u0131ta aras\u0131ndaki tek triatlon unvan\u0131n\u0131 ta\u015f\u0131yan yar\u0131\u015fma, Gen\u00e7lik ve Spor Bakanl\u0131\u011f\u0131&#8217;n\u0131n himayesinde, T\u00fcrkiye Triatlon Federasyonu&#8217;nun organizasyonu ve Beykoz Belediyesi\u2019nin ev sahipli\u011fiyle 3 Eyl\u00fcl Pazar g\u00fcn\u00fc yap\u0131lacak. Yar\u0131\u015fmayla ilgili d\u00fczenlenen bas\u0131n toplant\u0131s\u0131na T\u00fcrkiye Triatlon Federasyonu Ba\u015fkan\u0131 Bayram Yal\u00e7\u0131nkaya, \u0130stanbul Gen\u00e7lik ve Spor \u0130l M\u00fcd\u00fcr\u00fc Prof. Dr. Burhanettin Hac\u0131cafero\u011flu, Beykoz Belediye Ba\u015fkan\u0131 Murat Ayd\u0131n ve sponsor firman\u0131n Kurumsal \u0130leti\u015fim Direkt\u00f6r\u00fc Nesli \u015eeno\u011flu K\u0131l\u0131\u00e7al kat\u0131ld\u0131.<\/span><\/p>\n<p><strong><span style=\"font-family: arial, helvetica, sans-serif; font-size: 14px;\">Bin triatlet kat\u0131lacak<\/span><\/strong><br \/>\n<span style=\"font-family: arial, helvetica, sans-serif; font-size: 14px;\">T\u00fcrkiye&#8217;den ve d\u00fcnyadan yakla\u015f\u0131k bin triatletin kat\u0131lmas\u0131 beklenen yar\u0131\u015fmada sporcular 2.3 kilometre y\u00fczme, 40 kilometre bisiklet ve 10 kilometre ko\u015fudan olu\u015fan parkurda m\u00fccadele edecek. Y\u00fczme etab\u0131 Kanl\u0131ca-K\u00fc\u00e7\u00fcksu aras\u0131nda, ko\u015fu etab\u0131 K\u00fc\u00e7\u00fcksu-\u00c7ubuklu aras\u0131nda ko\u015fulacak. K\u00fc\u00e7\u00fcksu\u2019dan ba\u015flayarak Asya\u2019dan Avrupa\u2019ya pedal \u00e7evrilecek bisiklet etab\u0131 i\u00e7in Fatih Sultan Mehmet K\u00f6pr\u00fcs\u00fc ara\u00e7 trafi\u011fine tek y\u00f6nl\u00fc olarak kapat\u0131lacak. Yar\u0131\u015fmaya kat\u0131l\u0131m i\u00e7in ba\u015fvurular federasyonun internet sitesi \u00fczerinden 24 A\u011fustos g\u00fcn\u00fc saat 23.59&#8217;a kadar yap\u0131labilecek.<\/span><\/p>\n<p><strong><span style=\"font-family: arial, helvetica, sans-serif; font-size: 14px;\">Bayram Yal\u00e7\u0131nkaya: \u201cTarihte bir ilki ger\u00e7ekle\u015ftirece\u011fimiz i\u00e7in \u00e7ok heyecanl\u0131y\u0131m\u201d<\/span><\/strong><br \/>\n<span style=\"font-family: arial, helvetica, sans-serif; font-size: 14px;\">\u00dc\u00e7\u00fcnc\u00fcs\u00fc d\u00fczenlenen yar\u0131\u015flar hakk\u0131nda bilgi veren ve 2025\u2019te yap\u0131lacak organizasyona dair de m\u00fcjdeyi a\u00e7\u0131klayan T\u00fcrkiye Triatlon Federasyonu Ba\u015fkan\u0131 Bayram Yal\u00e7\u0131nkaya, \u201cBu organizasyon bu sene Challenge Family ile uluslararas\u0131 boyut buldu. Kay\u0131tlar 24 A\u011fustos\u2019ta bitecek. Kay\u0131tlarda \u015fu anda 18 \u00fclke, 180\u2019e yak\u0131n yabanc\u0131 sporcu g\u00f6z\u00fck\u00fcyor. Yabanc\u0131 kayd\u0131n 250\u2019ye ula\u015fmas\u0131n\u0131 bekliyoruz. Bu sene bin sporcuyla s\u0131n\u0131rlayaca\u011f\u0131z kay\u0131tlar\u0131. \u0130stanbul trafi\u011fini \u00e7ok fazla aksatmamak i\u00e7in. \u015eu anda \u00e7ok ciddi bir haz\u0131rl\u0131k var. Bir bilgi daha vermek istiyorum. 2025 y\u0131l\u0131nda Asya ve Avrupa triatlon \u015fampiyonalar\u0131 tarihte ilk defa \u0130stanbul\u2019da beraber yap\u0131lacak. Tarihte bir ilki ger\u00e7ekle\u015ftirece\u011fimiz i\u00e7in ger\u00e7ekten \u00e7ok heyecanl\u0131y\u0131m\u201d diye konu\u015ftu.<\/span><\/p>\n<p><strong><span style=\"font-family: arial, helvetica, sans-serif; font-size: 14px;\">Murat Ayd\u0131n: \u201cToplumun i\u00e7erisinde sporun yayg\u0131nla\u015ft\u0131r\u0131lmas\u0131 laz\u0131m\u201d<\/span><\/strong><br \/>\n<span style=\"font-family: arial, helvetica, sans-serif; font-size: 14px;\">Sporun toplumda yayg\u0131nla\u015fmas\u0131 ad\u0131na katk\u0131da bulunduklar\u0131 i\u00e7in mutlu oldu\u011funu belirten Beykoz Belediye Ba\u015fkan\u0131 Murat Ayd\u0131n, \u201c\u0130nsanlar\u0131m\u0131z\u0131 mutlu k\u0131lmak istiyoruz. Beykoz\u2019da ya\u015fayan insanlar\u0131n sa\u011fl\u0131kl\u0131 olmalar\u0131na katk\u0131 vermek istiyoruz. Sporun da bu alanda \u00e7ok etkili bir ara\u00e7 oldu\u011funa inan\u0131yorum. Gen\u00e7ler \u00fczerinde disiplinli ve \u00f6zg\u00fcvenli olmay\u0131 sa\u011fl\u0131yor. Sporun baz\u0131 bran\u015flar\u0131 var ki i\u015fte o bran\u015flar triatlon b\u00fcnyesinde bulunuyor. Y\u00fczme, ko\u015fma, bisiklet \u00dc\u00e7\u00fc de do\u011fa da yap\u0131l\u0131yor. Do\u011fada ileti\u015fim ve do\u011fan\u0131n fark\u0131na varmak bu anlamda insan psikolojisi \u00fczerinde olumlu etki sa\u011fl\u0131yor. Toplumun i\u00e7erisinde sporun yayg\u0131nla\u015ft\u0131r\u0131lmas\u0131 laz\u0131m. Biz bu alanda triatlon federasyonu ile bir araya geldik. Toplumda fark\u0131ndal\u0131k olu\u015fturmak ve onlar\u0131n sa\u011fl\u0131\u011f\u0131na katk\u0131 vermek amac\u0131yla biz sporun her alan\u0131nda var\u0131z ve var olmaya devam edece\u011fiz. Bu organizasyonun ger\u00e7ekle\u015fmesini m\u00fcmk\u00fcn k\u0131lan b\u00fct\u00fcn kurumlara ve yetkililere te\u015fekk\u00fcr ediyorum\u201d ifadelerini kulland\u0131.<\/span><\/p>\n<p><strong><span style=\"font-family: arial, helvetica, sans-serif; font-size: 14px;\">Burhanettin Hac\u0131cafero\u011flu: \u201c\u0130stanbul\u2019un turizmine de katk\u0131s\u0131 olaca\u011f\u0131na inan\u0131yorum\u201d<\/span><\/strong><br \/>\n<span style=\"font-family: arial, helvetica, sans-serif; font-size: 14px;\">Bu t\u00fcr organizasyonlar\u0131n \u0130stanbul turizmine de katk\u0131s\u0131 olaca\u011f\u0131na de\u011finen \u0130stanbul Gen\u00e7lik ve Spor \u0130l M\u00fcd\u00fcr\u00fc Prof. Dr. Burhanettin Hac\u0131cafero\u011flu ise, \u201c\u0130stanbul Bo\u011faz\u0131\u2019nda 3 sporun birle\u015fti\u011fi bir etkinli\u011fi yapmak anlaml\u0131 olur diye d\u00fc\u015f\u00fcnd\u00fck. \u2018Neden Bo\u011faz\u2019da triatlon yap\u0131lmas\u0131n?\u2019 dedik. Bu bir fikirdi ama hayata ge\u00e7irilmesi zor bir organizasyondu. \u0130nan\u0131yorum ki Challenge \u0130stanbul \u00f6n\u00fcm\u00fczdeki y\u0131llarda t\u00fcm d\u00fcnyada bilinen organizasyonlardan biri haline gelecektir. Hi\u00e7bir \u015fey ilk ba\u015flad\u0131\u011f\u0131nda \u00e7ok b\u00fcy\u00fck olmuyor. \u015eu anda emekleyen ve yava\u015f yava\u015f ayaklar\u0131 \u00fczerine kalkmaya ba\u015flayan triatlonumuz ko\u015farak hedefine do\u011fru gidecektir. Bu t\u00fcr organizasyonlar\u0131 geli\u015ftirdi\u011fimiz s\u00fcrece \u0130stanbul\u2019un turizmine de katk\u0131s\u0131 olaca\u011f\u0131na inan\u0131yorum. Sporun \u015fehri \u0130stanbul\u2019da her spor bran\u015f\u0131nda organizasyon say\u0131m\u0131z\u0131 art\u0131rmak ve bu organizasyonlar\u0131 geli\u015ftirmek amac\u0131m\u0131z\u201d dedi.<\/span><\/p>\n","protected":false},"excerpt":{"rendered":"<p>Bu y\u0131l \u00fc\u00e7\u00fcnc\u00fcs\u00fc d\u00fczenlenecek olan triatlon yar\u0131\u015fmas\u0131 Challenge \u0130stanbul\u2019un bas\u0131n lansman\u0131 ger\u00e7ekle\u015ftirildi. 3 Eyl\u00fcl Pazar g\u00fcn\u00fc Beykoz\u2019da yap\u0131lacak yar\u0131\u015flara bin<\/p>\n","protected":false},"author":3,"featured_media":14051,"comment_status":"open","ping_status":"open","sticky":false,"template":"","format":"standard","meta":{"colormag_page_container_layout":"default_layout","colormag_page_sidebar_layout":"default_layout","footnotes":""},"categories":[1,5,8,9],"tags":[],"class_list":["post-14049","post","type-post","status-publish","format-standard","has-post-thumbnail","hentry","category-genel","category-gundem","category-siyaset","category-spor"],"_links":{"self":[{"href":"https:\/\/marmarayerelhizmet.com\/index.php\/wp-json\/wp\/v2\/posts\/14049","targetHints":{"allow":["GET"]}}],"collection":[{"href":"https:\/\/marmarayerelhizmet.com\/index.php\/wp-json\/wp\/v2\/posts"}],"about":[{"href":"https:\/\/marmarayerelhizmet.com\/index.php\/wp-json\/wp\/v2\/types\/post"}],"author":[{"embeddable":true,"href":"https:\/\/marmarayerelhizmet.com\/index.php\/wp-json\/wp\/v2\/users\/3"}],"replies":[{"embeddable":true,"href":"https:\/\/marmarayerelhizmet.com\/index.php\/wp-json\/wp\/v2\/comments?post=14049"}],"version-history":[{"count":0,"href":"https:\/\/marmarayerelhizmet.com\/index.php\/wp-json\/wp\/v2\/posts\/14049\/revisions"}],"wp:featuredmedia":[{"embeddable":true,"href":"https:\/\/marmarayerelhizmet.com\/index.php\/wp-json\/wp\/v2\/media\/14051"}],"wp:attachment":[{"href":"https:\/\/marmarayerelhizmet.com\/index.php\/wp-json\/wp\/v2\/media?parent=14049"}],"wp:term":[{"taxonomy":"category","embeddable":true,"href":"https:\/\/marmarayerelhizmet.com\/index.php\/wp-json\/wp\/v2\/categories?post=14049"},{"taxonomy":"post_tag","embeddable":true,"href":"https:\/\/marmarayerelhizmet.com\/index.php\/wp-json\/wp\/v2\/tags?post=14049"}],"curies":[{"name":"wp","href":"https:\/\/api.w.org\/{rel}","templated":true}]}}