{"id":14045,"date":"2023-08-19T23:41:48","date_gmt":"2023-08-19T20:41:48","guid":{"rendered":"https:\/\/marmarayerelhizmet.com\/?p=14045"},"modified":"2023-08-19T23:48:28","modified_gmt":"2023-08-19T20:48:28","slug":"buyukcekmecede-70-konut-yikildi","status":"publish","type":"post","link":"https:\/\/marmarayerelhizmet.com\/index.php\/2023\/08\/19\/buyukcekmecede-70-konut-yikildi\/","title":{"rendered":"B\u00fcy\u00fck\u00e7ekmece\u2019de 70 Konut Y\u0131k\u0131ld\u0131"},"content":{"rendered":"<p><strong><span style=\"font-family: arial, helvetica, sans-serif; font-size: 14px;\">B\u00fcy\u00fck\u00e7ekmece\u2019de 17 A\u011fustos 1999 y\u0131l\u0131nda meydan gelen Marmara depreminin 24\u2019\u00fcnc\u00fc y\u0131l d\u00f6n\u00fcm\u00fcnde kentsel d\u00f6n\u00fc\u015f\u00fcm projesi \u00e7er\u00e7evesinde 70 konutun y\u0131k\u0131m\u0131 ger\u00e7ekle\u015ftirildi.<br \/>\n<\/span><\/strong><br \/>\n<span style=\"font-family: arial, helvetica, sans-serif; font-size: 14px;\">Beklenen b\u00fcy\u00fck \u0130stanbul depremi \u00f6ncesinde, B\u00fcy\u00fck\u00e7ekmece belediyesi taraf\u0131ndan kentsel d\u00f6n\u00fc\u015f\u00fcm projesi \u00e7er\u00e7evesinde, Atat\u00fcrk Mahallesi&#8217;nde \u00f6nceden hasarl\u0131 oldu\u011fu tespit edilen 70 konutun y\u0131k\u0131m\u0131 belediye ekiplerinin g\u00f6zetiminde ger\u00e7ekle\u015ftirildi. Y\u0131k\u0131lan binan\u0131n bodrum kat\u0131nda bulunan duvarlar\u0131ndan d\u0131\u015far\u0131ya \u00e7\u0131kan ve \u00e7\u00fcr\u00fcyen in\u015faat demirleri ise \u015fok etti.<\/span><\/p>\n<p><span style=\"font-family: arial, helvetica, sans-serif; font-size: 14px;\">&#8220;B\u00fcy\u00fck\u00e7ekmece\u2019yi depreme dayan\u0131kl\u0131 kent haline <strong>getirece\u011fiz&#8221;<\/strong><\/span><br \/>\n<span style=\"font-family: arial, helvetica, sans-serif; font-size: 14px;\">Y\u0131k\u0131m \u00e7al\u0131\u015fmalar\u0131n\u0131 yerinde inceleyen B\u00fcy\u00fck\u00e7ekmece Belediye Ba\u015fkan\u0131 Hasan Akg\u00fcn, \u201c1999 Marmara depreminin ard\u0131ndan depreme haz\u0131rl\u0131k konusunda seferberlik ba\u015flatan B\u00fcy\u00fck\u00e7ekmece Belediyesi, belediye ve vatanda\u015f i\u015fbirli\u011fiyle bug\u00fcne kadar 40 binin \u00fczerinde konutu y\u0131karak yerlerine depreme dayan\u0131kl\u0131 modern yap\u0131lar\u0131n in\u015fa edilmesine \u00f6nc\u00fcl\u00fck etti. Teknik ekibi ile birlikte kentsel d\u00f6n\u00fc\u015f\u00fcm y\u0131k\u0131m\u0131na kat\u0131lan B\u00fcy\u00fck\u00e7ekmece Belediye Ba\u015fkan\u0131 Dr. Hasan Akg\u00fcn B\u00fcy\u00fck\u00e7ekmece\u2019yi depreme dayan\u0131kl\u0131 kent haline getirmekte kararl\u0131 oldu\u011funu vurgulayarak \u015funlar\u0131 s\u00f6yledi: \u2018\u2019Bug\u00fcn 17 A\u011fustos 2023. 1999 17 A\u011fustos\u2019unda ben yine belediye ba\u015fkan\u0131yd\u0131m ve korkun\u00e7 depremi ayakta ge\u00e7irdik. Hepimiz bunu ya\u015fad\u0131k. Ondan sonraki s\u00fcre\u00e7 i\u00e7erisinde 1999 depreminden ald\u0131\u011f\u0131m\u0131z dersle hemen 2000 y\u0131l\u0131ndan itibaren B\u00fcy\u00fck\u00e7ekmece\u2019de yeni olacak depreme kar\u015f\u0131 haz\u0131rl\u0131\u011fa ba\u015flad\u0131k. 1999 y\u0131l\u0131ndaki depremden hemen sonra b\u00fct\u00fcn d\u00fcnyadaki ve bilim insanlar\u0131 2030\u2019lu y\u0131llar\u0131n ba\u015f\u0131ndan itibaren \u0130stanbul\u2019da 7.5 ve \u00fczerinde bir deprem olaca\u011f\u0131n\u0131 ifade etmi\u015flerdir. Sonu\u00e7 olarak b\u00fcy\u00fck \u0130stanbul depreminin olabilece\u011fi d\u00f6neme giriyoruz. 2030 y\u0131l\u0131na kadar 7 y\u0131ll\u0131k s\u00fcre\u00e7 i\u00e7erisinde \u0130stanbul\u2019da \u00e7ok h\u0131zl\u0131 ko\u015farak \u0130stanbul\u2019da mutlak y\u0131k\u0131laca\u011f\u0131n\u0131 bildi\u011fimiz binalar\u0131 e\u011fer yenileyemezsek \u0130stanbul&#8217;da \u00e7ok b\u00fcy\u00fck can kay\u0131plar\u0131 olacak. \u0130stanbul\u2019da \u00e7ok b\u00fcy\u00fck kay\u0131plar olacak maddi ve manevi. Bizim i\u00e7in can kayb\u0131 esast\u0131r. Bunlar\u0131 engellemek i\u00e7in 39 il\u00e7e durmadan yorulmadan Say\u0131n Bakan\u0131m\u0131z Mehmet \u00d6zhaseki eski bir belediye ba\u015fkan\u0131. Bu i\u015fi bilen ki\u015fi. Onu arkam\u0131za, yan\u0131m\u0131za alarak \u0130stanbul B\u00fcy\u00fck\u015fehir Belediye Ba\u015fkan\u0131m\u0131z Ekrem \u0130mamo\u011flu\u2019nu yan\u0131m\u0131za alarak devletin di\u011fer unsurlar\u0131yla birle\u015fip \u0130stanbul&#8217;u depreme haz\u0131rlayamad\u0131\u011f\u0131m\u0131z takdirde \u00e7ok ama \u00e7ok ge\u00e7 kal\u0131nm\u0131\u015ft\u0131r. \u0130stanbul\u2019da y\u00fczbinlerce \u00f6l\u00fc ve \u00e7ok b\u00fcy\u00fck ekonomik \u00e7\u00f6k\u00fcnt\u00fc olacakt\u0131r. Allah in\u015fallah bu g\u00fcnleri bize g\u00f6stermez. Y\u0131k\u0131ma devam ediyoruz. Yakla\u015f\u0131k burada 60,70 daireyi y\u0131k\u0131yoruz. \u00c7\u00fcnk\u00fc deprem olacak. \u0130nsanlar bu binalarda \u00f6lecek. Bunu biliyoruz. Bildi\u011fimiz i\u00e7in de bug\u00fcne kadar 1999 depreminden ald\u0131\u011f\u0131m\u0131z dersle y\u0131k\u0131lacak binalar\u0131 y\u0131kmaya ve yenilemeye devam ediyoruz. B\u00fcy\u00fck\u00e7ekmece\u2019de 1999 depreminden \u00f6nce ve 1999 depreminden sonra da y\u00f6netmelik 2004\u2019ten itibaren de\u011fi\u015fmeye ba\u015flad\u0131. 2004\u2019ten geriye do\u011fru B\u00fcy\u00fck\u00e7ekmece\u2019de eski binalar\u0131n say\u0131s\u0131 20 bin 100\u2019d\u00fcr. Yakla\u015f\u0131k 68 bin de daire vard\u0131r. O eski binalarda. 1999 depreminde ya\u015fananlardan sonra \u00f6zellikle 2004\u2019ten sonra geriye d\u00f6n\u00fck ne kadar bina varsa tespitini yapt\u0131k ve bunlardan 67 bin ba\u011f\u0131ms\u0131z b\u00f6l\u00fcm\u00fcn, konut ve i\u015fyerinin 40 binini yeniledik. B\u00fcy\u00fck\u00e7ekmece hi\u00e7bir \u015fekilde ba\u015fka bir yerden yard\u0131m almadan sadece B\u00fcy\u00fck\u015fehir Meclisi\u2019nden 3 katlar\u0131 4 kat yapt\u0131k. 2 katlar\u0131 3 kat yapt\u0131k. 4 katlar 5 kat oldu. Vatanda\u015f\u0131m\u0131za 1 kat ilave yaparak B\u00fcy\u00fck\u00e7ekmece&#8217;de kentsel d\u00f6n\u00fc\u015f\u00fcm\u00fcn belini k\u0131rd\u0131k\u201d gibi ifadeler kulland\u0131.<\/span><\/p>\n","protected":false},"excerpt":{"rendered":"<p>B\u00fcy\u00fck\u00e7ekmece\u2019de 17 A\u011fustos 1999 y\u0131l\u0131nda meydan gelen Marmara depreminin 24\u2019\u00fcnc\u00fc y\u0131l d\u00f6n\u00fcm\u00fcnde kentsel d\u00f6n\u00fc\u015f\u00fcm projesi \u00e7er\u00e7evesinde 70 konutun y\u0131k\u0131m\u0131 ger\u00e7ekle\u015ftirildi.<\/p>\n","protected":false},"author":3,"featured_media":14047,"comment_status":"open","ping_status":"open","sticky":false,"template":"","format":"standard","meta":{"colormag_page_container_layout":"default_layout","colormag_page_sidebar_layout":"default_layout","footnotes":""},"categories":[1,5,8],"tags":[],"class_list":["post-14045","post","type-post","status-publish","format-standard","has-post-thumbnail","hentry","category-genel","category-gundem","category-siyaset"],"_links":{"self":[{"href":"https:\/\/marmarayerelhizmet.com\/index.php\/wp-json\/wp\/v2\/posts\/14045","targetHints":{"allow":["GET"]}}],"collection":[{"href":"https:\/\/marmarayerelhizmet.com\/index.php\/wp-json\/wp\/v2\/posts"}],"about":[{"href":"https:\/\/marmarayerelhizmet.com\/index.php\/wp-json\/wp\/v2\/types\/post"}],"author":[{"embeddable":true,"href":"https:\/\/marmarayerelhizmet.com\/index.php\/wp-json\/wp\/v2\/users\/3"}],"replies":[{"embeddable":true,"href":"https:\/\/marmarayerelhizmet.com\/index.php\/wp-json\/wp\/v2\/comments?post=14045"}],"version-history":[{"count":0,"href":"https:\/\/marmarayerelhizmet.com\/index.php\/wp-json\/wp\/v2\/posts\/14045\/revisions"}],"wp:featuredmedia":[{"embeddable":true,"href":"https:\/\/marmarayerelhizmet.com\/index.php\/wp-json\/wp\/v2\/media\/14047"}],"wp:attachment":[{"href":"https:\/\/marmarayerelhizmet.com\/index.php\/wp-json\/wp\/v2\/media?parent=14045"}],"wp:term":[{"taxonomy":"category","embeddable":true,"href":"https:\/\/marmarayerelhizmet.com\/index.php\/wp-json\/wp\/v2\/categories?post=14045"},{"taxonomy":"post_tag","embeddable":true,"href":"https:\/\/marmarayerelhizmet.com\/index.php\/wp-json\/wp\/v2\/tags?post=14045"}],"curies":[{"name":"wp","href":"https:\/\/api.w.org\/{rel}","templated":true}]}}