{"id":14037,"date":"2023-08-19T11:26:22","date_gmt":"2023-08-19T08:26:22","guid":{"rendered":"https:\/\/marmarayerelhizmet.com\/?p=14037"},"modified":"2023-08-19T11:26:22","modified_gmt":"2023-08-19T08:26:22","slug":"sanatin-adresi-balikesir-universitesi","status":"publish","type":"post","link":"https:\/\/marmarayerelhizmet.com\/index.php\/2023\/08\/19\/sanatin-adresi-balikesir-universitesi\/","title":{"rendered":"Sanat\u0131n Adresi Bal\u0131kesir \u00dcniversitesi"},"content":{"rendered":"<p><strong><span style=\"font-family: arial, helvetica, sans-serif; font-size: 14px;\">Bal\u0131kesir \u00dcniversitesi ilk kez yap\u0131lmakta olan ADRA\u2019FEST Festival Akademi Adramytteion Klasik M\u00fczik Konserleri Oda M\u00fczi\u011fi ve Orkestra Kamp\u0131na ev sahipli\u011fi yap\u0131yor.<br \/>\n<\/span><\/strong><br \/>\n<span style=\"font-family: arial, helvetica, sans-serif; font-size: 14px;\">Bal\u0131kesir \u00dcniversitesinin ev sahipli\u011finde, Adramytteion Antik Kenti ve \u00e7evre k\u00fclt\u00fcrel de\u011ferlerinin fark\u0131ndal\u0131\u011f\u0131 amac\u0131nda, \u00d6ren-Adramytteion Antik Kenti K\u00fclt\u00fcr Turizm ve Do\u011fa Derne\u011fi\u2019nin y\u00fcr\u00fct\u00fcc\u00fcl\u00fc\u011f\u00fcnde d\u00fczenlenen ADRA\u2019FEST, Bal\u0131kesir \u0130l K\u00fclt\u00fcr ve Turizm M\u00fcd\u00fcrl\u00fc\u011f\u00fc, Bal\u0131kesir Kent Konseyi, Burhaniye Belediyesi, CAKA ve Adramytteion Ara\u015ft\u0131rmalar\u0131 gibi \u00e7ok say\u0131da kurumun deste\u011fi ve i\u015fbirli\u011fi ile hayata ge\u00e7iriliyor.<\/span><br \/>\n<span style=\"font-family: arial, helvetica, sans-serif; font-size: 14px;\">Bir k\u00fclt\u00fcr, sanat ve e\u011fitim projesi olan ADRA\u2019FEST, d\u00fcnyaca \u00fcnl\u00fc keman sanat\u00e7\u0131m\u0131z Cihat A\u015fk\u0131n\u2019\u0131n sanat y\u00f6netmenli\u011finde, Bal\u0131kesir \u00dcniversitesi Burhaniye Uygulama Otelinde ger\u00e7ekle\u015ftiriliyor. Bal\u0131kesir \u00dcniversitesi Rekt\u00f6r\u00fc Prof. Dr. Y\u00fccel O\u011furlu da beraberinde Rekt\u00f6r Yard\u0131mc\u0131lar\u0131 Prof. Dr. Cevdet Avc\u0131kurt, Prof. Dr. Murat Do\u011fdubay ve Prof. Dr. Fatih Sat\u0131l ile birlikte festival dahilinde Burhaniye Uygulama Otelinde ger\u00e7ekle\u015ftirilen Oda M\u00fczi\u011fi Konserine ve gala yeme\u011fine kat\u0131ld\u0131.<\/span><br \/>\n<span style=\"font-family: arial, helvetica, sans-serif; font-size: 14px;\">Festival Sanat Y\u00f6netmeni Cihat A\u015fk\u0131n\u2019\u0131n a\u00e7\u0131l\u0131\u015f konu\u015fmas\u0131yla ba\u015flayan konserde, yerli ve yabanc\u0131 eserler, bireysel performanslar\u0131n yan\u0131 s\u0131ra orkestra taraf\u0131ndan seslendirildi. Konu\u015fmas\u0131nda, Anadolu topraklar\u0131n\u0131n hem do\u011fu medeniyetine hem de bat\u0131 medeniyetine ev sahipli\u011fi yapt\u0131\u011f\u0131n\u0131 ifade eden A\u015fk\u0131n, Anadolu topraklar\u0131ndaki b\u00fct\u00fcn de\u011ferleri i\u015fleyerek, g\u00fcn y\u00fcz\u00fcne \u00e7\u0131kararak, sosyal katmalar i\u00e7erisinde b\u00fct\u00fcn d\u00fcnyaya yans\u0131tmak amac\u0131n\u0131 ta\u015f\u0131d\u0131klar\u0131n\u0131 s\u00f6yledi. Festivalin g\u00f6rd\u00fc\u011f\u00fc ilgiden memnuniyet duyduklar\u0131n\u0131 belirten A\u015fk\u0131n, programa kat\u0131lan konuklara ve sanatseverlere de te\u015fekk\u00fcr etti.<\/span><br \/>\n<span style=\"font-family: arial, helvetica, sans-serif; font-size: 14px;\">Programda bir konu\u015fma yapan Bal\u0131kesir \u00dcniversitesi Rekt\u00f6r\u00fc Prof. Dr. Y\u00fccel O\u011furlu da \u00fcniversite olarak sanat\u0131n ve sanat\u00e7\u0131n\u0131n hem akademik anlamda hem de sanat anlam\u0131nda yanlar\u0131nda olduklar\u0131n\u0131 vurgularken, etkinli\u011fin d\u00fczenlenmesinde emekleri bulunanlara ve etkinli\u011fi destekleyen kurumlara da te\u015fekk\u00fcr etti. Rekt\u00f6r O\u011furlu konu\u015fmas\u0131nda Bal\u0131kesir \u00dcniversitesinin bundan sonra da akademik alanlar\u0131n yan\u0131 s\u0131ra, k\u00fclt\u00fcrel, her t\u00fcrl\u00fc sosyal faaliyetleriyle daha fazla \u00f6n planda olaca\u011f\u0131n\u0131n alt\u0131n\u0131 \u00e7izdi.<\/span><br \/>\n<span style=\"font-family: arial, helvetica, sans-serif; font-size: 14px;\">Be\u011feniyle izlenen konserin ard\u0131ndan Rekt\u00f6r Prof. Dr. Y\u00fccel O\u011furlu taraf\u0131ndan, Festival Sanat Y\u00f6netmeni Cihat A\u015fk\u0131n\u2019a \u00e7i\u00e7ek takdim edildi. Program, gala yeme\u011finin ard\u0131ndan etkinli\u011fe katk\u0131 sunan ki\u015fi ve kurumlara plaket takdim edilmesiyle sona erdi.<\/span><br \/>\n<span style=\"font-family: arial, helvetica, sans-serif; font-size: 14px;\">Burhaniye Uygulamal\u0131 Bilimler Fak\u00fcltesinden Do\u00e7. Dr. Sabriye U\u011fuz \u00c7elik\u2019in d\u00fczenleme kurulu ba\u015fkanl\u0131\u011f\u0131nda ve Necatibey E\u011fitim Fak\u00fcltesinden Do\u00e7. Dr. H.Hakan Okay\u2019\u0131n koordinat\u00f6rl\u00fc\u011f\u00fcnde ger\u00e7ekle\u015fen ADRA\u2019FEST\u2019te, Burhaniye-\u00d6ren, Ayval\u0131k, G\u00f6me\u00e7, Havran, Edremit-G\u00fcre ve Bal\u0131kesir\u2019deki klasik m\u00fczik konserleri sanatseverlerle bulu\u015furken, sanat e\u011fitimlerinin yan\u0131 s\u0131ra panel etkinlikleri de ger\u00e7ekle\u015ftiriliyor. Festival, 19 A\u011fustos Cumartesi, Saat 20.00\u2019de Bal\u0131kesir Avlu Fatih Salonunda ger\u00e7ekle\u015ftirilecek Orkestra Konseri ile sona erecek.<\/span><\/p>\n","protected":false},"excerpt":{"rendered":"<p>Bal\u0131kesir \u00dcniversitesi ilk kez yap\u0131lmakta olan ADRA\u2019FEST Festival Akademi Adramytteion Klasik M\u00fczik Konserleri Oda M\u00fczi\u011fi ve Orkestra Kamp\u0131na ev sahipli\u011fi<\/p>\n","protected":false},"author":3,"featured_media":14039,"comment_status":"open","ping_status":"open","sticky":false,"template":"","format":"standard","meta":{"colormag_page_container_layout":"default_layout","colormag_page_sidebar_layout":"default_layout","footnotes":""},"categories":[45,1,5],"tags":[],"class_list":["post-14037","post","type-post","status-publish","format-standard","has-post-thumbnail","hentry","category-egitim","category-genel","category-gundem"],"_links":{"self":[{"href":"https:\/\/marmarayerelhizmet.com\/index.php\/wp-json\/wp\/v2\/posts\/14037","targetHints":{"allow":["GET"]}}],"collection":[{"href":"https:\/\/marmarayerelhizmet.com\/index.php\/wp-json\/wp\/v2\/posts"}],"about":[{"href":"https:\/\/marmarayerelhizmet.com\/index.php\/wp-json\/wp\/v2\/types\/post"}],"author":[{"embeddable":true,"href":"https:\/\/marmarayerelhizmet.com\/index.php\/wp-json\/wp\/v2\/users\/3"}],"replies":[{"embeddable":true,"href":"https:\/\/marmarayerelhizmet.com\/index.php\/wp-json\/wp\/v2\/comments?post=14037"}],"version-history":[{"count":0,"href":"https:\/\/marmarayerelhizmet.com\/index.php\/wp-json\/wp\/v2\/posts\/14037\/revisions"}],"wp:featuredmedia":[{"embeddable":true,"href":"https:\/\/marmarayerelhizmet.com\/index.php\/wp-json\/wp\/v2\/media\/14039"}],"wp:attachment":[{"href":"https:\/\/marmarayerelhizmet.com\/index.php\/wp-json\/wp\/v2\/media?parent=14037"}],"wp:term":[{"taxonomy":"category","embeddable":true,"href":"https:\/\/marmarayerelhizmet.com\/index.php\/wp-json\/wp\/v2\/categories?post=14037"},{"taxonomy":"post_tag","embeddable":true,"href":"https:\/\/marmarayerelhizmet.com\/index.php\/wp-json\/wp\/v2\/tags?post=14037"}],"curies":[{"name":"wp","href":"https:\/\/api.w.org\/{rel}","templated":true}]}}