{"id":14029,"date":"2023-08-19T11:23:30","date_gmt":"2023-08-19T08:23:30","guid":{"rendered":"https:\/\/marmarayerelhizmet.com\/?p=14029"},"modified":"2023-08-19T11:23:30","modified_gmt":"2023-08-19T08:23:30","slug":"alparslan-turkes-caddesi-onerisi","status":"publish","type":"post","link":"https:\/\/marmarayerelhizmet.com\/index.php\/2023\/08\/19\/alparslan-turkes-caddesi-onerisi\/","title":{"rendered":"&#8216;Alparslan T\u00fcrke\u015f Caddesi&#8217; \u00d6nerisi"},"content":{"rendered":"<p><strong><span style=\"font-family: arial, helvetica, sans-serif; font-size: 14px;\">Karesi Belediyesi Meclis \u00fcyesi Kemal Ayd\u0131n, Bal\u0131kesir&#8217;in ana arterlerinden olan Band\u0131rma Caddesi&#8217;nin ad\u0131n\u0131n &#8216;Alparslan T\u00fcrke\u015f Caddesi&#8217; olarak de\u011fi\u015ftirilmesi i\u00e7in meclise yaz\u0131l\u0131 olarak ba\u015fvurdu. Ayd\u0131n, ayr\u0131ca Karesi Belediyesi taraf\u0131ndan yap\u0131lan Toygar-Sefak\u00f6y b\u00f6lgesindeki Millet Bah\u00e7esi&#8217;nin ad\u0131n\u0131n da &#8216;Alparslan T\u00fcrke\u015f Millet Bah\u00e7esi&#8217; olarak de\u011fi\u015ftirilmesini talep etti.<br \/>\n<\/span><\/strong><br \/>\n<span style=\"font-family: arial, helvetica, sans-serif; font-size: 14px;\">Karesi Belediyesi Meclis \u00fcyesi Kemal Ayd\u0131n, MHP&#8217;nin merhum lideri Alparsan T\u00fcrke\u015f&#8217;in ad\u0131n\u0131n Bal\u0131kesir&#8217;de ya\u015fat\u0131lmas\u0131 i\u00e7in Karesi Belediyesi&#8217;ne ba\u015fvuruda bulundu. Ayd\u0131n belediyeye sundu\u011fu yaz\u0131da, &#8220;T\u00fcrkiye Cumhuriyeti devletimiz, kadim tarihinin zengin haf\u0131zas\u0131nda bir\u00e7ok \u00f6nemli \u015fahsiyeti bar\u0131nd\u0131rmaktad\u0131r. T\u00fcrk milletinin evlatlar\u0131 olarak bizlere d\u00fc\u015fen g\u00f6rev bu k\u0131ymetli \u015fahsiyetlerin icraatlar\u0131n\u0131 ve \u00f6\u011f\u00fctlerini kendimize \u00f6dev edinmek ve bu k\u0131ymetli \u015fahsiyetlerin manevi varl\u0131\u011f\u0131n\u0131 nesilden nesle aktarmakt\u0131r. Verdi\u011fi m\u00fccadelelerin ve T\u00fcrk milletine olan ba\u011fl\u0131l\u0131\u011f\u0131n\u0131n gelecek ku\u015faklara \u00f6rnek te\u015fkil etmesi i\u00e7in Alparslan T\u00fcrke\u015f isminin her f\u0131rsatta gelece\u011fe aktar\u0131lmas\u0131 gerekti\u011fine inan\u0131yorum. Tarihimize damga vurmu\u015f, T\u00fcrk milletinin haf\u0131zas\u0131nda vatansever kimli\u011fiyle yer edinmi\u015f, T\u00fcrk milliyet\u00e7ili\u011fi fikriyat\u0131n\u0131n en b\u00fcy\u00fck liderlerinden Ba\u015fbu\u011f Alparslan T\u00fcrke\u015f de hi\u00e7 \u015f\u00fcphesiz bu k\u0131ymetli \u015fahsiyetlerden bir tanesidir. Verdi\u011fi m\u00fccadelelerin ve T\u00fcrk milletine olan ba\u011fl\u0131l\u0131\u011f\u0131n\u0131n gelecek ku\u015faklara \u00f6rnek te\u015fkil etmesi i\u00e7in Alparslan T\u00fcrke\u015f isminin her f\u0131rsatta gelece\u011fe aktar\u0131lmas\u0131 gerekti\u011fine inan\u0131yorum. Bu nedenle Karesi il\u00e7emizde bulunan Band\u0131rma Caddesi&#8217;nin ve belediyemizin yapm\u0131\u015f oldu\u011fu ba\u015far\u0131l\u0131 hizmetlerden birisi olan Toygar-Sefak\u00f6y b\u00f6lgesindeki Millet Bah\u00e7esi&#8217;nin isimlerinin Alparslan T\u00fcrke\u015f Caddesi ve Alparslan T\u00fcrke\u015f Millet Bah\u00e7esi olarak de\u011fi\u015ftirilmesinin tarihin bizlere y\u00fcklemi\u015f oldu\u011fu \u00f6nemli bir g\u00f6rev oldu\u011funu ifade etmek isterim. Konunun Meclis g\u00fcndemine al\u0131narak Belediye Ba\u015fkan\u0131m\u0131z ve Belediye Meclis \u00fcyelerimizin destekleri ile gere\u011finin yap\u0131lmas\u0131n\u0131 teklif ve arz ederim&#8221; dedi.<\/span><br \/>\n<span style=\"font-family: arial, helvetica, sans-serif; font-size: 14px;\">Meclis \u00fcyesi Ayd\u0131n&#8217;\u0131n talebi bir sonraki Karesi Belediyesi Meclisi&#8217;nde g\u00fcndeme al\u0131narak g\u00f6r\u00fc\u015f\u00fclecek.<\/span><\/p>\n","protected":false},"excerpt":{"rendered":"<p>Karesi Belediyesi Meclis \u00fcyesi Kemal Ayd\u0131n, Bal\u0131kesir&#8217;in ana arterlerinden olan Band\u0131rma Caddesi&#8217;nin ad\u0131n\u0131n &#8216;Alparslan T\u00fcrke\u015f Caddesi&#8217; olarak de\u011fi\u015ftirilmesi i\u00e7in meclise<\/p>\n","protected":false},"author":3,"featured_media":14031,"comment_status":"open","ping_status":"open","sticky":false,"template":"","format":"standard","meta":{"colormag_page_container_layout":"default_layout","colormag_page_sidebar_layout":"default_layout","footnotes":""},"categories":[1,5,8],"tags":[],"class_list":["post-14029","post","type-post","status-publish","format-standard","has-post-thumbnail","hentry","category-genel","category-gundem","category-siyaset"],"_links":{"self":[{"href":"https:\/\/marmarayerelhizmet.com\/index.php\/wp-json\/wp\/v2\/posts\/14029","targetHints":{"allow":["GET"]}}],"collection":[{"href":"https:\/\/marmarayerelhizmet.com\/index.php\/wp-json\/wp\/v2\/posts"}],"about":[{"href":"https:\/\/marmarayerelhizmet.com\/index.php\/wp-json\/wp\/v2\/types\/post"}],"author":[{"embeddable":true,"href":"https:\/\/marmarayerelhizmet.com\/index.php\/wp-json\/wp\/v2\/users\/3"}],"replies":[{"embeddable":true,"href":"https:\/\/marmarayerelhizmet.com\/index.php\/wp-json\/wp\/v2\/comments?post=14029"}],"version-history":[{"count":0,"href":"https:\/\/marmarayerelhizmet.com\/index.php\/wp-json\/wp\/v2\/posts\/14029\/revisions"}],"wp:featuredmedia":[{"embeddable":true,"href":"https:\/\/marmarayerelhizmet.com\/index.php\/wp-json\/wp\/v2\/media\/14031"}],"wp:attachment":[{"href":"https:\/\/marmarayerelhizmet.com\/index.php\/wp-json\/wp\/v2\/media?parent=14029"}],"wp:term":[{"taxonomy":"category","embeddable":true,"href":"https:\/\/marmarayerelhizmet.com\/index.php\/wp-json\/wp\/v2\/categories?post=14029"},{"taxonomy":"post_tag","embeddable":true,"href":"https:\/\/marmarayerelhizmet.com\/index.php\/wp-json\/wp\/v2\/tags?post=14029"}],"curies":[{"name":"wp","href":"https:\/\/api.w.org\/{rel}","templated":true}]}}