{"id":14025,"date":"2023-08-19T11:21:30","date_gmt":"2023-08-19T08:21:30","guid":{"rendered":"https:\/\/marmarayerelhizmet.com\/?p=14025"},"modified":"2023-08-19T11:21:30","modified_gmt":"2023-08-19T08:21:30","slug":"bursada-yelken-heyecani-basladi","status":"publish","type":"post","link":"https:\/\/marmarayerelhizmet.com\/index.php\/2023\/08\/19\/bursada-yelken-heyecani-basladi\/","title":{"rendered":"Bursa&#8217;da Yelken Heyecan\u0131 Ba\u015flad\u0131"},"content":{"rendered":"<p><strong><span style=\"font-family: arial, helvetica, sans-serif; font-size: 14px;\">Yelken sezonunun merakla beklenen yar\u0131\u015flar\u0131ndan, 11. TAYK-Eker Olympos Regatta ba\u015flad\u0131. Moda-Tirilye-Moda etaplar\u0131nda d\u00fczenlenen yar\u0131\u015f, Moda Deniz Kul\u00fcb\u00fc a\u00e7\u0131klar\u0131nda 26 teknenin kat\u0131l\u0131m\u0131yla start ald\u0131.<br \/>\n<\/span><\/strong><br \/>\n<span style=\"font-family: arial, helvetica, sans-serif; font-size: 14px;\">T\u00fcrkiye A\u00e7\u0131kdeniz Yar\u0131\u015f Kul\u00fcb\u00fc (TAYK) taraf\u0131ndan Eker S\u00fct \u00dcr\u00fcnleri ana sponsorlu\u011funda, Bursa Yelken Kul\u00fcb\u00fc ve Moda Deniz Kul\u00fcb\u00fc i\u015f birli\u011finde d\u00fczenlenen 11. TAYK &#8211; Eker Olympos Regatta, 18 A\u011fustos ak\u015fam\u0131 Moda Deniz Kul\u00fcb\u00fc a\u00e7\u0131klar\u0131nda start ald\u0131. T\u00fcrkiye\u2019de yelken sporu alan\u0131nda merakla beklenen bir organizasyon haline gelen 11. TAYK &#8211; Eker Olympos Regatta ile 18 A\u011fustos\u2019tan 20 A\u011fustos\u2019a kadar \u00fc\u00e7 g\u00fcn s\u00fcrecek bir yelken heyecan\u0131 ya\u015fanacak. \u0130stanbul\u2019dan Bursa\u2019ya uzanan yar\u0131\u015fta, Marmara Denizi\u2019nin de\u011fi\u015fen hava, r\u00fczg\u00e2r ve dalga ko\u015fullar\u0131yla m\u00fccadele eden yat yar\u0131\u015f\u00e7\u0131lar\u0131 kupan\u0131n sahibi olmaya \u00e7al\u0131\u015facak.<\/span><br \/>\n<span style=\"font-family: arial, helvetica, sans-serif; font-size: 14px;\">Moda Deniz Kul\u00fcb\u00fc \u00f6n\u00fcnden 18 A\u011fustos Cuma ak\u015fam\u0131 saat 18.30&#8217;da verilen start\u0131n ard\u0131ndan, tekneler gece boyunca Marmara Denizi ge\u00e7erek Tirilye\u2019de fini\u015f yapacak. TAYK-Eker Olympos Regatta, 19 A\u011fustos Cumartesi g\u00fcn\u00fc co\u011frafi g\u00fczellikleriyle Bursa&#8217;n\u0131n incisi olarak nitelendirilen Tirilye\u2019deki Koy Yar\u0131\u015flar\u0131 ile devam edecek. 20 A\u011fustos Pazar g\u00fcn\u00fc Tirilye\u2019den start verilecek yar\u0131\u015f, Moda\u2019da son bulacak.<br \/>\n<\/span><br \/>\n<strong><span style=\"font-family: arial, helvetica, sans-serif; font-size: 14px;\">Markalar, kurumlar yar\u0131\u015f\u0131yor<\/span><\/strong><br \/>\n<span style=\"font-family: arial, helvetica, sans-serif; font-size: 14px;\">T\u00fcrkiye\u2019nin en iyi yat yar\u0131\u015f\u00e7\u0131lar\u0131n\u0131n k\u0131yas\u0131ya rekabet etti\u011fi 11. TAYK-Eker Olympos Regatta, ge\u00e7mi\u015f y\u0131llarda oldu\u011fu gibi kat\u0131l\u0131mc\u0131 tak\u0131mlardaki \u00e7e\u015fitlilik ile dikkat \u00e7ekiyor. TAYK &#8211; Eker Olympos Regatta\u2019da, kurumsal yelken tak\u0131mlar\u0131ndan, yelken profesyonellerine ve spor kul\u00fcplerine kadar geni\u015f bir yelpazede kat\u0131l\u0131m ger\u00e7ekle\u015fiyor. Tak\u0131m ruhunu, birlik ve beraberli\u011fi peki\u015ftirmesiyle sayg\u0131n markalar\u0131n da ilgi g\u00f6sterdi\u011fi yelken sporu, i\u015f d\u00fcnyas\u0131nda yayg\u0131nla\u015fmaya devam ediyor. TAYK-Eker Olympos Regatta\u2019da, farkl\u0131 sekt\u00f6rlerden markalar\u0131n kurumsal tak\u0131mlar\u0131 m\u00fccadele ediyor.<\/span><br \/>\n<span style=\"font-family: arial, helvetica, sans-serif; font-size: 14px;\">TAYK &#8211; Eker Olympos Regatta\u2019da \u015fampiyon olan tak\u0131m, \u00fcnl\u00fc tasar\u0131mc\u0131 Mehmet Erdo\u011fdu taraf\u0131ndan tasarlanan kupay\u0131 kazanacak. TAYK &#8211; Eker Olympos Regatta Kupas\u0131n\u0131n Hik\u00e2yesi;<\/span><br \/>\n<span style=\"font-family: arial, helvetica, sans-serif; font-size: 14px;\">&#8220;Her \u00f6d\u00fcl\u00fcn bir hik\u00e2yesi vard\u0131r. Tasar\u0131m, Mehmet Erdo\u011fdu. \u00d6d\u00fcller asl\u0131nda birer sembolik kavramd\u0131r. \u00d6d\u00fcl\u00fcn kendi g\u00f6rselli\u011finden ziyade ifade etti\u011fi anlam ona de\u011fer kazand\u0131r\u0131r. \u00dcnl\u00fc tasar\u0131mc\u0131 Mehmet Erdo\u011fdu, TAYK-Eker Olympos Regatta Kupas\u0131\u2019n\u0131 tasarlarken denizden, r\u00fczg\u00e2rdan ve insanlar\u0131n bu do\u011fal g\u00fczelliklerle olan ili\u015fkisinden esinlendi. Mehmet Erdo\u011fdu\u2019nun tasar\u0131m felsefesine g\u00f6re yelken, insan\u0131n do\u011faya kar\u015f\u0131 meydan okumas\u0131d\u0131r. Denizin dalgalar\u0131na, r\u00fczg\u00e2ra, beklenmedik hava \u015fartlar\u0131na zihni ve kas g\u00fcc\u00fcyle dur der yelkenciler. T\u00fcm bu m\u00fccadele ya\u015fan\u0131rken, her iki tarafa da hayat veren toprak anan\u0131n ev sahipli\u011fi s\u00f6z konusudur. Bu y\u00fczden \u00f6d\u00fcl\u00fcn alt kaidesi i\u00e7in toprak anay\u0131 temsil eden ah\u015fap bir helezonik formun \u00fczerinde denizi ve dalgalar\u0131 sembolize eden lapis ta\u015f\u0131 kullan\u0131ld\u0131. \u0130nsani hareketleri hikayelendiren parlak tonlu yelken formlar\u0131 ise en \u00fcstte yer al\u0131yor. B\u00f6ylece z\u0131t renkleri birlikte yans\u0131tan, olduk\u00e7a dikkat \u00e7ekici, bulundu\u011fu vitrinlere de\u011fer katacak \u201cTAYK-Eker Olympos Regatta Kupas\u0131\u201d ortaya \u00e7\u0131kt\u0131.<\/span><br \/>\n<span style=\"font-family: arial, helvetica, sans-serif; font-size: 14px;\">T\u00fcrkiye\u2019yi lezzet ve tazelik ile bulu\u015fturan Eker, ayn\u0131 zamanda sporun en \u00f6nemli destek\u00e7ilerinden biri. Uzun y\u0131llard\u0131r \u00f6zellikle yelken sporuna destek veren ve Bursa\u2019n\u0131n Mudanya il\u00e7esinin T\u00fcrkiye\u2019nin en \u00f6nemli yelken yar\u0131\u015flar\u0131 destinasyonlar\u0131ndan biri haline gelmesini sa\u011flayan Eker, \u00e7al\u0131\u015fanlar\u0131n\u0131n olu\u015fturdu\u011fu \u201cEker Sailing\u201d ve sadece kad\u0131n \u00e7al\u0131\u015fanlar\u0131n yer ald\u0131\u011f\u0131 \u201cEker Kad\u0131n Yelken Tak\u0131m\u0131\u201d ile hem ulusal hem de uluslararas\u0131 pek \u00e7ok kupada birincilikler ve ba\u015far\u0131lar elde etti. Ayr\u0131ca Eker\u2019in, &#8220;Sa\u011fl\u0131kl\u0131 Ya\u015fam \u0130\u00e7in Ko\u015f&#8221; mottosuyla d\u00fczenledi\u011fi Eker I Run Ko\u015fusu da her y\u0131l y\u00fckselen bir ivme ile devam ediyor. Profesyonel ko\u015fucularla birlikte, ko\u015fu sporuna ba\u015flamak i\u00e7in bir f\u0131rsat arayanlar\u0131 ve minik sporseverleri de kucaklayan Eker I Run, dopdolu program\u0131yla bir yar\u0131\u015fmadan \u00e7ok daha fazlas\u0131n\u0131 vadediyor. \u00d6zg\u00fcrce ko\u015fabilen Eker I Run kat\u0131l\u0131mc\u0131lar\u0131, yard\u0131mseverlik kampanyalar\u0131n\u0131n da bir par\u00e7as\u0131 haline gelerek unutulmaz deneyimler ya\u015f\u0131yor. Ayr\u0131ca Eker I Run Ko\u015fusu\u2019nda STK\u2019lar\u0131n projelerine kaynak olu\u015fturulmas\u0131 i\u00e7in Ad\u0131m Ad\u0131m ile birlikte yard\u0131mseverlik ko\u015fusu d\u00fczenlenerek ba\u011f\u0131\u015f toplan\u0131yor. 10. Eker I Run, 1 Ekim 2023 Pazar g\u00fcn\u00fc Bursa&#8217;da d\u00fczenlenecek.<\/span><\/p>\n","protected":false},"excerpt":{"rendered":"<p>Yelken sezonunun merakla beklenen yar\u0131\u015flar\u0131ndan, 11. TAYK-Eker Olympos Regatta ba\u015flad\u0131. Moda-Tirilye-Moda etaplar\u0131nda d\u00fczenlenen yar\u0131\u015f, Moda Deniz Kul\u00fcb\u00fc a\u00e7\u0131klar\u0131nda 26 teknenin<\/p>\n","protected":false},"author":3,"featured_media":14027,"comment_status":"open","ping_status":"open","sticky":false,"template":"","format":"standard","meta":{"colormag_page_container_layout":"default_layout","colormag_page_sidebar_layout":"default_layout","footnotes":""},"categories":[1,5,9],"tags":[],"class_list":["post-14025","post","type-post","status-publish","format-standard","has-post-thumbnail","hentry","category-genel","category-gundem","category-spor"],"_links":{"self":[{"href":"https:\/\/marmarayerelhizmet.com\/index.php\/wp-json\/wp\/v2\/posts\/14025","targetHints":{"allow":["GET"]}}],"collection":[{"href":"https:\/\/marmarayerelhizmet.com\/index.php\/wp-json\/wp\/v2\/posts"}],"about":[{"href":"https:\/\/marmarayerelhizmet.com\/index.php\/wp-json\/wp\/v2\/types\/post"}],"author":[{"embeddable":true,"href":"https:\/\/marmarayerelhizmet.com\/index.php\/wp-json\/wp\/v2\/users\/3"}],"replies":[{"embeddable":true,"href":"https:\/\/marmarayerelhizmet.com\/index.php\/wp-json\/wp\/v2\/comments?post=14025"}],"version-history":[{"count":0,"href":"https:\/\/marmarayerelhizmet.com\/index.php\/wp-json\/wp\/v2\/posts\/14025\/revisions"}],"wp:featuredmedia":[{"embeddable":true,"href":"https:\/\/marmarayerelhizmet.com\/index.php\/wp-json\/wp\/v2\/media\/14027"}],"wp:attachment":[{"href":"https:\/\/marmarayerelhizmet.com\/index.php\/wp-json\/wp\/v2\/media?parent=14025"}],"wp:term":[{"taxonomy":"category","embeddable":true,"href":"https:\/\/marmarayerelhizmet.com\/index.php\/wp-json\/wp\/v2\/categories?post=14025"},{"taxonomy":"post_tag","embeddable":true,"href":"https:\/\/marmarayerelhizmet.com\/index.php\/wp-json\/wp\/v2\/tags?post=14025"}],"curies":[{"name":"wp","href":"https:\/\/api.w.org\/{rel}","templated":true}]}}