{"id":14009,"date":"2023-08-18T19:57:10","date_gmt":"2023-08-18T16:57:10","guid":{"rendered":"https:\/\/marmarayerelhizmet.com\/?p=14009"},"modified":"2023-08-18T19:57:10","modified_gmt":"2023-08-18T16:57:10","slug":"filenin-sultanlari-galibiyetle-basladi","status":"publish","type":"post","link":"https:\/\/marmarayerelhizmet.com\/index.php\/2023\/08\/18\/filenin-sultanlari-galibiyetle-basladi\/","title":{"rendered":"Filenin Sultanlar\u0131 Galibiyetle Ba\u015flad\u0131"},"content":{"rendered":"<p><strong><span style=\"font-family: arial, helvetica, sans-serif; font-size: 14px;\">CEV Avrupa Voleybol \u015eampiyonas\u0131&#8217;nda m\u00fccadele eden A Milli Kad\u0131n Voleybol Tak\u0131m\u0131, ilk ma\u00e7\u0131nda \u0130sve\u00e7&#8217;i 3-0 ma\u011flup etti.<\/span><\/strong><\/p>\n<p><span style=\"font-family: arial, helvetica, sans-serif; font-size: 14px;\">Bel\u00e7ika, Almanya, \u0130talya ve Estonya\u2019n\u0131n ev sahipli\u011finde d\u00fczenlenen CEV Kad\u0131nlar Avrupa Voleybol \u015eampiyonas\u0131 ilk ma\u00e7\u0131nda T\u00fcrkiye, \u0130sve\u00e7&#8217;i 25-22, 25-18, 25-13 setlerle 3-0 ma\u011flup etti.<\/span><br \/>\n<span style=\"font-family: arial, helvetica, sans-serif; font-size: 14px;\">Avrupa \u015eampiyonas\u0131&#8217;na galibiyetle ba\u015flayan ay-y\u0131ld\u0131zl\u0131 ekip, gruptaki ikinci ma\u00e7\u0131nda pazar g\u00fcn\u00fc saat 21.00&#8217;de Azerbaycan ile kar\u015f\u0131la\u015facak. M\u00fcsabaka, TRT Spor Y\u0131ld\u0131z&#8217;dan canl\u0131 yay\u0131nlanacak.<\/span><\/p>\n<p><span style=\"font-family: arial, helvetica, sans-serif; font-size: 14px;\">Salon: Castello<\/span><br \/>\n<span style=\"font-family: arial, helvetica, sans-serif; font-size: 14px;\">T\u00fcrkiye: Eda, Elif, Ebrar, Zehra, Vargas, Derya, Gizem (L) (Ay\u00e7a, \u0130lkin)<\/span><br \/>\n<span style=\"font-family: arial, helvetica, sans-serif; font-size: 14px;\">\u0130sve\u00e7: A. Haak, Andersson, I. Haak, A. Lazic, Wasserfaller, Julevik, Brink (L) (Arrestad, R. Lazic, Gustafsson, E. Anderson (L), Hellvig, Nilsson)<\/span><br \/>\n<span style=\"font-family: arial, helvetica, sans-serif; font-size: 14px;\">Setler: 25-22, 25-18, 25-13<\/span><br \/>\n<span style=\"font-family: arial, helvetica, sans-serif; font-size: 14px;\">S\u00fcre: 1 saat 15 dakika (32&#8242;,23&#8242;,20&#8242;)<\/span><\/p>\n","protected":false},"excerpt":{"rendered":"<p>CEV Avrupa Voleybol \u015eampiyonas\u0131&#8217;nda m\u00fccadele eden A Milli Kad\u0131n Voleybol Tak\u0131m\u0131, ilk ma\u00e7\u0131nda \u0130sve\u00e7&#8217;i 3-0 ma\u011flup etti. Bel\u00e7ika, Almanya, \u0130talya<\/p>\n","protected":false},"author":3,"featured_media":14011,"comment_status":"open","ping_status":"open","sticky":false,"template":"","format":"standard","meta":{"colormag_page_container_layout":"default_layout","colormag_page_sidebar_layout":"default_layout","footnotes":""},"categories":[1,5,9],"tags":[],"class_list":["post-14009","post","type-post","status-publish","format-standard","has-post-thumbnail","hentry","category-genel","category-gundem","category-spor"],"_links":{"self":[{"href":"https:\/\/marmarayerelhizmet.com\/index.php\/wp-json\/wp\/v2\/posts\/14009","targetHints":{"allow":["GET"]}}],"collection":[{"href":"https:\/\/marmarayerelhizmet.com\/index.php\/wp-json\/wp\/v2\/posts"}],"about":[{"href":"https:\/\/marmarayerelhizmet.com\/index.php\/wp-json\/wp\/v2\/types\/post"}],"author":[{"embeddable":true,"href":"https:\/\/marmarayerelhizmet.com\/index.php\/wp-json\/wp\/v2\/users\/3"}],"replies":[{"embeddable":true,"href":"https:\/\/marmarayerelhizmet.com\/index.php\/wp-json\/wp\/v2\/comments?post=14009"}],"version-history":[{"count":0,"href":"https:\/\/marmarayerelhizmet.com\/index.php\/wp-json\/wp\/v2\/posts\/14009\/revisions"}],"wp:featuredmedia":[{"embeddable":true,"href":"https:\/\/marmarayerelhizmet.com\/index.php\/wp-json\/wp\/v2\/media\/14011"}],"wp:attachment":[{"href":"https:\/\/marmarayerelhizmet.com\/index.php\/wp-json\/wp\/v2\/media?parent=14009"}],"wp:term":[{"taxonomy":"category","embeddable":true,"href":"https:\/\/marmarayerelhizmet.com\/index.php\/wp-json\/wp\/v2\/categories?post=14009"},{"taxonomy":"post_tag","embeddable":true,"href":"https:\/\/marmarayerelhizmet.com\/index.php\/wp-json\/wp\/v2\/tags?post=14009"}],"curies":[{"name":"wp","href":"https:\/\/api.w.org\/{rel}","templated":true}]}}