{"id":14003,"date":"2023-08-18T17:39:43","date_gmt":"2023-08-18T14:39:43","guid":{"rendered":"https:\/\/marmarayerelhizmet.com\/?p=14003"},"modified":"2023-08-18T17:39:43","modified_gmt":"2023-08-18T14:39:43","slug":"kocaelide-28-okul-yikilacak","status":"publish","type":"post","link":"https:\/\/marmarayerelhizmet.com\/index.php\/2023\/08\/18\/kocaelide-28-okul-yikilacak\/","title":{"rendered":"Kocaeli&#8217;de 28 Okul Y\u0131k\u0131lacak"},"content":{"rendered":"<p><strong><span style=\"font-family: arial, helvetica, sans-serif; font-size: 14px;\">Kocaeli Valisi Seddar Yavuz, kentte depreme dayan\u0131kl\u0131 olmad\u0131\u011f\u0131 tespit edilen 28 okulun y\u0131k\u0131laca\u011f\u0131n\u0131 belirterek, &#8220;Y\u0131kaca\u011f\u0131m\u0131z okullardaki \u00f6\u011frencilerimizin en yak\u0131n okullarda e\u011fitim almalar\u0131 i\u00e7in planlama \u00e7al\u0131\u015fmalar\u0131 devam ediyor&#8221; dedi.<br \/>\n<\/span><\/strong><br \/>\n<span style=\"font-family: arial, helvetica, sans-serif; font-size: 14px;\">Yeni e\u011fitim \u00f6\u011fretim y\u0131l\u0131 \u00f6ncesinde Milli E\u011fitim Bakanl\u0131\u011f\u0131na ba\u011fl\u0131 okullarda yap\u0131lan deprem performans tahkiki neticesinde y\u0131k\u0131m\u0131na karar verilen binalarla ilgili Kocaeli Valisi Seddar Yavuz ba\u015fkanl\u0131\u011f\u0131nda toplant\u0131 ger\u00e7ekle\u015ftirildi. Deprem \u015fehitlerini anarak konu\u015fmas\u0131na ba\u015flayan Seddar Yavuz, &#8220;6 \u015eubat depreminde \u00e7ok ciddi bir yard\u0131m kampanyas\u0131 ger\u00e7ekle\u015ftirdiniz. Bizim hesaplamalar\u0131m\u0131za g\u00f6re 38 bine yak\u0131n g\u0131da paketi okullar\u0131m\u0131zdan topland\u0131. Bu ger\u00e7ekten anlaml\u0131 ve \u00f6zel bir destekti. Bu sebeple sizin \u015fahs\u0131n\u0131zda okul m\u00fcd\u00fcrlerimize, t\u00fcm \u00f6\u011fretmenlerimize, \u00f6\u011frencilerimize ve velilerimize, buna vesile olan \u0130l Milli E\u011fitim M\u00fcd\u00fcr\u00fcm\u00fcze, il\u00e7elerimizdeki \u00e7ok de\u011ferli meslekta\u015flar\u0131m\u0131za, vali yard\u0131mc\u0131lar\u0131m\u0131za ve eme\u011fi, katk\u0131s\u0131 olan herkese te\u015fekk\u00fcr ediyorum&#8221; dedi.<\/span><\/p>\n<p><strong><span style=\"font-family: arial, helvetica, sans-serif; font-size: 14px;\">&#8220;Kamu binalar\u0131n\u0131n sa\u011flam kalmas\u0131n\u0131n \u00e7ok b\u00fcy\u00fck bir avantaj oldu\u011funu g\u00f6rd\u00fck&#8221;<\/span><\/strong><br \/>\n<span style=\"font-family: arial, helvetica, sans-serif; font-size: 14px;\">Deprem ve afetlere haz\u0131r olunmas\u0131 gerekti\u011finin alt\u0131n\u0131 \u00e7izen Vali Yavuz, &#8220;G\u00fcndemimiz deprem. Bu konuyu y\u0131llardan beri konu\u015fuyoruz, tart\u0131\u015f\u0131yoruz ve bu noktada ald\u0131\u011f\u0131m\u0131z \u00f6nemli mesafeler var. \u00d6zellikle 6 \u015eubat depreminde Kahramanmara\u015f\u2019ta g\u00f6rev yapt\u0131\u011f\u0131m s\u0131rada kamu binalar\u0131n\u0131n sa\u011flam kalmas\u0131n\u0131n \u00e7ok b\u00fcy\u00fck bir avantaj oldu\u011funu g\u00f6rd\u00fck. Bu t\u00fcr afetlerin gece vakti olabilece\u011fi gibi g\u00fcn\u00fcn herhangi bir saatinde de olabilece\u011fini de\u011ferlendirirsek; neredeyse 500 bin \u00f6\u011frencinin okullarda oldu\u011funu da d\u00fc\u015f\u00fcn\u00fcrsek, vahametin yani kar\u015f\u0131la\u015fabilece\u011fimiz riskin ne kadar b\u00fcy\u00fck oldu\u011funu da g\u00f6rm\u00fc\u015f oluruz&#8221; diye konu\u015ftu.<\/span><\/p>\n<p><strong><span style=\"font-family: arial, helvetica, sans-serif; font-size: 14px;\">&#8220;Depreme dayan\u0131kl\u0131 olmayan 28 okulumuzu y\u0131karak yeniden in\u015fa edece\u011fiz&#8221;<\/span><\/strong><br \/>\n<span style=\"font-family: arial, helvetica, sans-serif; font-size: 14px;\">Vali Seddar Yavuz, s\u00f6zlerini \u015f\u00f6yle s\u00fcrd\u00fcrd\u00fc:<\/span><br \/>\n<span style=\"font-family: arial, helvetica, sans-serif; font-size: 14px;\">&#8220;\u015eu anda 15 tane g\u00fc\u00e7lendirme i\u015fini yapt\u0131\u011f\u0131m\u0131z e\u011fitim kurumu var. Bunlar\u0131n bir k\u0131sm\u0131n\u0131 hizmete alm\u0131\u015f olaca\u011f\u0131z. Y\u00fcklenici firmalar\u0131m\u0131zla bir araya gelerek bunlar\u0131n bir k\u0131sm\u0131n\u0131n 20 Eyl\u00fcl\u2019de ve bir di\u011fer k\u0131sm\u0131n\u0131n ise 30 Ekim\u2019de tamamlanmas\u0131 talebinde bulunduk. Di\u011fer taraftan in\u015faat\u0131 devam eden yat\u0131r\u0131mlar\u0131m\u0131z var. Son 3 y\u0131lda 553 s\u0131n\u0131fl\u0131 46 okul binas\u0131n\u0131n yap\u0131m\u0131 tamamlanm\u0131\u015f ve yap\u0131m\u0131 devam eden 300 s\u0131n\u0131fl\u0131 13 okulumuz bulunmaktad\u0131r. Tamamlanma tarihi 2024 y\u0131l\u0131n\u0131n May\u0131s ay\u0131 olarak belirlenen bu okullar\u0131m\u0131z\u0131n tamamlanma s\u00fcrelerinin \u00f6ne \u00e7ekilmesi i\u00e7in m\u00fcteahhitlerle g\u00f6r\u00fc\u015ferek mutabakat sa\u011flad\u0131k. \u0130hale ve yer teslim a\u015famas\u0131nda olan 136 s\u0131n\u0131fl\u0131 11 okulumuzun ihale ve yer teslim i\u015flemleri devam etmekte olup, bunu h\u0131zland\u0131rarak s\u00fcreleri k\u0131saltaca\u011f\u0131z. Bunun yan\u0131 s\u0131ra 314 s\u0131n\u0131fl\u0131 15 okul binas\u0131 ise g\u00fc\u00e7lendirilmi\u015ftir. Okullar\u0131m\u0131zdaki d\u00f6n\u00fc\u015f\u00fcme hay\u0131rseverlerin de katk\u0131lar\u0131 oldu. \u0130limizde \u00e7ok say\u0131da hay\u0131rseverimiz taraf\u0131ndan ge\u00e7mi\u015f y\u0131llarda yap\u0131lm\u0131\u015f ve halen yap\u0131lmakta olan e\u011fitim kurumlar\u0131m\u0131z s\u00f6z konusu. Son 3 y\u0131l i\u00e7erisinde 1,5 milyar TL tutar\u0131nda 12 e\u011fitim kurumunun bir k\u0131sm\u0131 tamamlanm\u0131\u015f ve bir k\u0131sm\u0131 tamamlanmak \u00fczeredir. Depreme dayan\u0131kl\u0131 olmayan 28 okulumuzu y\u0131karak yeniden in\u015fa edece\u011fiz. Y\u0131kaca\u011f\u0131m\u0131z okullardaki \u00f6\u011frencilerimizi en yak\u0131n okullarda e\u011fitim almalar\u0131 i\u00e7in planlama \u00e7al\u0131\u015fmalar\u0131 devam ediyor. 2023-2024 e\u011fitim-\u00f6\u011fretim d\u00f6neminde ildeki bin 577 okulda 428 bin 208 \u00f6\u011frenci ve 26 bin 32 \u00f6\u011fretmen ders ba\u015f\u0131 yapacak.&#8221;<\/span><br \/>\n<span style=\"font-family: arial, helvetica, sans-serif; font-size: 14px;\">Vali Seddar Yavuz\u2019un konu\u015fmas\u0131n\u0131n ard\u0131ndan \u0130l Milli E\u011fitim M\u00fcd\u00fcr\u00fc \u00d6mer Akman\u015fen, &#8220;Deprem Tahkiki&#8221; konulu sunum ger\u00e7ekle\u015ftirdi.<\/span><br \/>\n<span style=\"font-family: arial, helvetica, sans-serif; font-size: 14px;\">Toplant\u0131ya; kaymakamlar, milli e\u011fitim m\u00fcd\u00fcrleri, y\u0131k\u0131m\u0131na karar verilen okullar\u0131n m\u00fcd\u00fcrleri, \u00c7evre, \u015eehircilik ve \u0130klim De\u011fi\u015fikli\u011fi \u0130l M\u00fcd\u00fcrl\u00fc\u011f\u00fcnde g\u00f6revli in\u015faat m\u00fchendisleri ile Yat\u0131r\u0131m \u0130zleme ve Koordinasyon Ba\u015fkanl\u0131\u011f\u0131&#8217;nda (Y\u0130KOB) g\u00f6revli in\u015faat m\u00fchendisleri kat\u0131ld\u0131.<\/span><\/p>\n","protected":false},"excerpt":{"rendered":"<p>Kocaeli Valisi Seddar Yavuz, kentte depreme dayan\u0131kl\u0131 olmad\u0131\u011f\u0131 tespit edilen 28 okulun y\u0131k\u0131laca\u011f\u0131n\u0131 belirterek, &#8220;Y\u0131kaca\u011f\u0131m\u0131z okullardaki \u00f6\u011frencilerimizin en yak\u0131n okullarda<\/p>\n","protected":false},"author":3,"featured_media":14005,"comment_status":"open","ping_status":"open","sticky":false,"template":"","format":"standard","meta":{"colormag_page_container_layout":"default_layout","colormag_page_sidebar_layout":"default_layout","footnotes":""},"categories":[1,5,8],"tags":[],"class_list":["post-14003","post","type-post","status-publish","format-standard","has-post-thumbnail","hentry","category-genel","category-gundem","category-siyaset"],"_links":{"self":[{"href":"https:\/\/marmarayerelhizmet.com\/index.php\/wp-json\/wp\/v2\/posts\/14003","targetHints":{"allow":["GET"]}}],"collection":[{"href":"https:\/\/marmarayerelhizmet.com\/index.php\/wp-json\/wp\/v2\/posts"}],"about":[{"href":"https:\/\/marmarayerelhizmet.com\/index.php\/wp-json\/wp\/v2\/types\/post"}],"author":[{"embeddable":true,"href":"https:\/\/marmarayerelhizmet.com\/index.php\/wp-json\/wp\/v2\/users\/3"}],"replies":[{"embeddable":true,"href":"https:\/\/marmarayerelhizmet.com\/index.php\/wp-json\/wp\/v2\/comments?post=14003"}],"version-history":[{"count":0,"href":"https:\/\/marmarayerelhizmet.com\/index.php\/wp-json\/wp\/v2\/posts\/14003\/revisions"}],"wp:featuredmedia":[{"embeddable":true,"href":"https:\/\/marmarayerelhizmet.com\/index.php\/wp-json\/wp\/v2\/media\/14005"}],"wp:attachment":[{"href":"https:\/\/marmarayerelhizmet.com\/index.php\/wp-json\/wp\/v2\/media?parent=14003"}],"wp:term":[{"taxonomy":"category","embeddable":true,"href":"https:\/\/marmarayerelhizmet.com\/index.php\/wp-json\/wp\/v2\/categories?post=14003"},{"taxonomy":"post_tag","embeddable":true,"href":"https:\/\/marmarayerelhizmet.com\/index.php\/wp-json\/wp\/v2\/tags?post=14003"}],"curies":[{"name":"wp","href":"https:\/\/api.w.org\/{rel}","templated":true}]}}