{"id":13999,"date":"2023-08-18T17:00:56","date_gmt":"2023-08-18T14:00:56","guid":{"rendered":"https:\/\/marmarayerelhizmet.com\/?p=13999"},"modified":"2023-08-18T17:37:42","modified_gmt":"2023-08-18T14:37:42","slug":"kuran-kursu-ogrencilerine-bisiklet","status":"publish","type":"post","link":"https:\/\/marmarayerelhizmet.com\/index.php\/2023\/08\/18\/kuran-kursu-ogrencilerine-bisiklet\/","title":{"rendered":"Kur\u2019an Kursu \u00d6\u011frencilerine Bisiklet"},"content":{"rendered":"<p><strong><span style=\"font-family: arial, helvetica, sans-serif; font-size: 14px;\">\u00c7ekmek\u00f6y Belediyesi yaz tatilinde Kur\u2019an kurslar\u0131nda e\u011fitim g\u00f6ren \u00f6\u011frencilere mezuniyet program\u0131 d\u00fczenledi. \u00c7e\u015fitli etkinlikler ve ikramlar\u0131n yap\u0131ld\u0131\u011f\u0131 programda e\u011fitimlerini ald\u0131klar\u0131 Kur\u2019an kurslar\u0131nda birinci olan 105 \u00f6\u011frenciye bisiklet hediye edildi.<br \/>\n<\/span><\/strong><br \/>\n<span style=\"font-family: arial, helvetica, sans-serif; font-size: 14px;\">\u00c7ekmek\u00f6y Belediyesi, 6 haftal\u0131k yaz Kur\u2019an kursunda e\u011fitim alan yakla\u015f\u0131k 6 bin \u00f6\u011frenci i\u00e7in mezuniyet t\u00f6reni d\u00fczenledi. \u00c7ekmek\u00f6y Belediye Ba\u015fkan\u0131 Ahmet Poyraz\u2019\u0131n ev sahipli\u011finde Ta\u015fdelen Cemal G\u00fcng\u00f6r Park\u0131\u2019nda d\u00fczenlenen mezuniyet t\u00f6reni; \u00c7ekmek\u00f6y Kaymakam\u0131 Resul \u00c7elik, \u00c7ekmek\u00f6y \u0130l\u00e7e Emniyet M\u00fcd\u00fcr\u00fc Abdurrahman So\u011fuksu, \u00c7ekmek\u00f6y Gen\u00e7lik ve Spor \u0130l\u00e7e M\u00fcd\u00fcr\u00fc Damla Do\u011fru Yal\u00e7\u0131n, \u00c7ekmek\u00f6y M\u00fcft\u00fcs\u00fc Vehbi Ak\u015fit, ba\u015fkan yard\u0131mc\u0131lar\u0131, \u00f6\u011frenciler ve velilerin kat\u0131l\u0131m\u0131yla ger\u00e7ekle\u015fti. Kur\u2019an kursu \u00f6\u011frencilerinin Kur\u2019an-\u0131 Kerim tilaveti ile ba\u015flayan programda Kur\u2019an kurslar\u0131n da birinci olan 105 \u00f6\u011frenciye Kaymakam \u00c7elik, Ba\u015fkan Poyraz ve beraberinde ki heyet bisiklet hediyelerini takdim etti.<br \/>\n<\/span><br \/>\n<strong><span style=\"font-family: arial, helvetica, sans-serif; font-size: 14px;\">\u00d6\u011frenciler mezuniyet t\u00f6reninde doyas\u0131ya e\u011flendi<\/span><\/strong><br \/>\n<span style=\"font-family: arial, helvetica, sans-serif; font-size: 14px;\">Yaz Kur\u2019an kursunda 6 haftal\u0131k e\u011fitimlerinin ard\u0131ndan d\u00fczenlenen mezuniyet t\u00f6reninde \u00f6\u011frenciler doyas\u0131ya e\u011flendi. Mezuniyet t\u00f6reninde; palya\u00e7o g\u00f6sterisi, ill\u00fczyon g\u00f6sterisi, bubble \u015fov ve \u00e7ocuk ske\u00e7leri renkli g\u00f6r\u00fcnt\u00fclere sahne oldu. Programa kat\u0131lan \u00f6\u011frencilere dondurma, meyve suyu, patlam\u0131\u015f m\u0131s\u0131r ve kek ikram edildi.<\/span><br \/>\n<span style=\"font-family: arial, helvetica, sans-serif; font-size: 14px;\">Ba\u015fkan Poyraz, bu y\u0131l sadece birinciye verilen bisiklet hediyesinin \u00f6n\u00fcm\u00fczdeki y\u0131l de\u011fi\u015ftirilece\u011fini ve yerine kurslarda birinci olacak \u00f6\u011frenciye bilgisayar ikinci ve \u00fc\u00e7\u00fcnc\u00fc olacak \u00f6\u011frencilere bisiklet verilece\u011fi m\u00fcjdesini de payla\u015ft\u0131.<\/span><\/p>\n<p><strong><span style=\"font-family: arial, helvetica, sans-serif; font-size: 14px;\">\u201cArkam\u0131zdan bizi hay\u0131rla ve Kur&#8217;an&#8217;la yad edecek evlatlara ihtiyac\u0131m\u0131z var\u201d<\/span><\/strong><br \/>\n<span style=\"font-family: arial, helvetica, sans-serif; font-size: 14px;\">Bisiklet alan \u00e7ocuklardan Yakup Durmaz, \u201c\u00c7ok g\u00fczeldi. Baya\u011f\u0131 e\u011flendik. Bisiklet verdiler \u00e7ok be\u011fendim kaliteliydi\u201d dedi.<\/span><br \/>\n<span style=\"font-family: arial, helvetica, sans-serif; font-size: 14px;\">Kur\u2019an kursuna giden ve bisiklet kazanan Mustafa Can \u00c7etinta\u015f, \u201cBisiklet ald\u0131\u011f\u0131m i\u00e7in mutluyum. \u00c7ok g\u00fczel bir d\u00f6nemdi, yedi\u011fimiz \u00f6n\u00fcm\u00fczde yemedi\u011fimiz arkam\u0131zdayd\u0131. B\u00fct\u00fcn her \u015feyi belediyemiz kar\u015f\u0131lad\u0131. Hi\u00e7bir \u015feyimiz eksik de\u011fildi\u201d diye konu\u015ftu.<\/span><br \/>\n<span style=\"font-family: arial, helvetica, sans-serif; font-size: 14px;\">\u00c7ekmek\u00f6y Belediye Ba\u015fkan\u0131 Ahmet Poyraz, \u201cEvlatlar\u0131m\u0131z\u0131 yeti\u015ftiremezsek sonra \u2018eyvah\u2019 ediyoruz. Bazen evlere gidiyoruz bana \u2018Ba\u015fkan\u0131m bizim bu parkta \u00e7ocuklar sabaha kadar ahlaks\u0131z uygunsuz \u015feyler yap\u0131yorlar\u2019 diyorlar. Ben de diyorum ki \u2018bu \u00e7ocuk kimin \u00e7ocu\u011fu, bu \u00e7ocuk ya senin \u00e7ocu\u011fun ya kom\u015funun \u00e7ocu\u011fu veya yak\u0131n\u0131n\u0131n, yani bu mahallenin \u00e7ocu\u011fu\u2019 diyorum. Bu \u00e7ocuklar\u0131m\u0131z bu hale gelmeden niye m\u00fcdafaa edip m\u00fcdahale edemiyoruz. \u00c7\u00fcnk\u00fc ne istiyoruz biliyor musunuz, ben dahil, \u00e7ocuklar\u0131m\u0131z iyi fen lisesini iyi anadolu lisesini kazans\u0131n sonras\u0131nda da iyi bir \u00fcniversite kazans\u0131n istiyoruz. Bunlar\u0131n hepsi tamam, bunlar\u0131 kazanmak Kur\u2019an yolundan ge\u00e7er. Benim iki karde\u015fim var \u0130kisi de haf\u0131z, birisi u\u00e7ak m\u00fchendisi T\u00fcrkiye\u2019de ilk 100\u2019de \u00fcniversiteye girdi, biri de bilgisayar m\u00fchendisi. Yani Kur\u2019an\u2019\u0131 \u00f6\u011frendi\u011fi zaman o \u00e7ocuk mimar da olur m\u00fchendis de doktor da olur, bu \u015fehre bu \u00fclkeye, bu \u00fclkenin bir evlad\u0131 olarak hizmet eder. Ama \u00f6nemli olan \u00f6nce Kur&#8217;an. Onunla beraber \u00e7ocuklar\u0131m\u0131z\u0131 yeti\u015ftirelim. Onun i\u00e7in bu m\u00fccadeleyi ediyor de\u011ferli hocalar\u0131m\u0131z. Yaz\u0131n bu s\u0131ca\u011f\u0131nda camilerde \u00e7ocuklar\u0131m\u0131z\u0131 okutmak i\u00e7in n\u00f6bet tutuyorlar. Hemen sa\u011f\u0131m\u0131zda solumuzda mezarlar var gidece\u011fimiz yer belli. Burada kalan yok. Oraya gitti\u011fimiz zaman neye ihtiyac\u0131m\u0131z var? Arkam\u0131zdan bizi hay\u0131rla ve Kur&#8217;an&#8217;la yad edecek evlatlara ihtiyac\u0131m\u0131z var. Huzur Kur&#8217;an&#8217;da. Elbette ki d\u00fcnya ilminin en iyisini verelim evlatlar\u0131m\u0131za ama Kur&#8217;an&#8217;la beraber verelim. Biz de \u00c7ekmek\u00f6y Belediyesi olarak Kur&#8217;an kurslar\u0131na giden gitmeyen b\u00fct\u00fcn \u00e7ocuklar\u0131m\u0131za yaz spor okullar\u0131 ile havuzlar\u0131m\u0131zla hizmet veriyoruz. \u00c7ocuklar \u00e7ok memnun anne babalar \u00e7ok memnun\u201d dedi.<\/span><br \/>\n<span style=\"font-family: arial, helvetica, sans-serif; font-size: 14px;\">Ba\u015fkan Poyraz, \u201cB\u00fct\u00fcn kitaplar\u0131 biliyorsunuz Cumhurba\u015fkan\u0131m\u0131z Recep Tayyip Erdo\u011fan 21 y\u0131ld\u0131r veriyor. Rabbim bu \u00fclkeye nice uzun y\u0131llar hizmet etmeyi Cumhurba\u015fkan\u0131 Erdo\u011fan&#8217;a ve ekibine nasip etsin. Kitab\u0131 devletimiz veriyor, bunun d\u0131\u015f\u0131nda kalan b\u00fct\u00fcn malzemeyi de, ilk orta ve liseye giden 50 bin \u00f6\u011frencimizin defterinden kaleminden silgisinden cetvelinden ya\u011fl\u0131 boyas\u0131na kadar tamam\u0131n\u0131 da \u00c7ekmek\u00f6y Belediyesi olarak size hediye edece\u011fiz in\u015fallah. Bu da size bug\u00fcn\u00fcn bir m\u00fcjdesi olsun\u201d dedi.<\/span><\/p>\n","protected":false},"excerpt":{"rendered":"<p>\u00c7ekmek\u00f6y Belediyesi yaz tatilinde Kur\u2019an kurslar\u0131nda e\u011fitim g\u00f6ren \u00f6\u011frencilere mezuniyet program\u0131 d\u00fczenledi. \u00c7e\u015fitli etkinlikler ve ikramlar\u0131n yap\u0131ld\u0131\u011f\u0131 programda e\u011fitimlerini ald\u0131klar\u0131<\/p>\n","protected":false},"author":3,"featured_media":14001,"comment_status":"open","ping_status":"open","sticky":false,"template":"","format":"standard","meta":{"colormag_page_container_layout":"default_layout","colormag_page_sidebar_layout":"default_layout","footnotes":""},"categories":[1,5,8],"tags":[],"class_list":["post-13999","post","type-post","status-publish","format-standard","has-post-thumbnail","hentry","category-genel","category-gundem","category-siyaset"],"_links":{"self":[{"href":"https:\/\/marmarayerelhizmet.com\/index.php\/wp-json\/wp\/v2\/posts\/13999","targetHints":{"allow":["GET"]}}],"collection":[{"href":"https:\/\/marmarayerelhizmet.com\/index.php\/wp-json\/wp\/v2\/posts"}],"about":[{"href":"https:\/\/marmarayerelhizmet.com\/index.php\/wp-json\/wp\/v2\/types\/post"}],"author":[{"embeddable":true,"href":"https:\/\/marmarayerelhizmet.com\/index.php\/wp-json\/wp\/v2\/users\/3"}],"replies":[{"embeddable":true,"href":"https:\/\/marmarayerelhizmet.com\/index.php\/wp-json\/wp\/v2\/comments?post=13999"}],"version-history":[{"count":0,"href":"https:\/\/marmarayerelhizmet.com\/index.php\/wp-json\/wp\/v2\/posts\/13999\/revisions"}],"wp:featuredmedia":[{"embeddable":true,"href":"https:\/\/marmarayerelhizmet.com\/index.php\/wp-json\/wp\/v2\/media\/14001"}],"wp:attachment":[{"href":"https:\/\/marmarayerelhizmet.com\/index.php\/wp-json\/wp\/v2\/media?parent=13999"}],"wp:term":[{"taxonomy":"category","embeddable":true,"href":"https:\/\/marmarayerelhizmet.com\/index.php\/wp-json\/wp\/v2\/categories?post=13999"},{"taxonomy":"post_tag","embeddable":true,"href":"https:\/\/marmarayerelhizmet.com\/index.php\/wp-json\/wp\/v2\/tags?post=13999"}],"curies":[{"name":"wp","href":"https:\/\/api.w.org\/{rel}","templated":true}]}}