{"id":13995,"date":"2023-08-18T17:33:24","date_gmt":"2023-08-18T14:33:24","guid":{"rendered":"https:\/\/marmarayerelhizmet.com\/?p=13995"},"modified":"2023-08-18T17:33:24","modified_gmt":"2023-08-18T14:33:24","slug":"balikesir-valisi-goreve-basladi","status":"publish","type":"post","link":"https:\/\/marmarayerelhizmet.com\/index.php\/2023\/08\/18\/balikesir-valisi-goreve-basladi\/","title":{"rendered":"Bal\u0131kesir Valisi G\u00f6reve Ba\u015flad\u0131"},"content":{"rendered":"<p><strong><span style=\"font-family: arial, helvetica, sans-serif; font-size: 14px;\">Cumhurba\u015fkan\u0131 Recep Tayyip Erdo\u011fan taraf\u0131ndan imzalanarak Resmi Gazete&#8217;de yay\u0131mlanan Valiler Kararnamesi ile Bal\u0131kesir\u2019e atanan Vali \u0130smail Ustao\u011flu d\u00fczenlenen t\u00f6renle g\u00f6revine ba\u015flad\u0131.<\/span><\/strong><\/p>\n<p><span style=\"font-family: arial, helvetica, sans-serif; font-size: 14px;\">Valilik binas\u0131 \u00f6n\u00fcnde il protokol\u00fc taraf\u0131ndan kar\u015f\u0131lanan Vali \u0130smail Ustao\u011flu, Bal\u0131kesir\u2019deki g\u00f6rev s\u00fcresince insan merkezli, hukuka ba\u011fl\u0131, insan haklar\u0131na sayg\u0131l\u0131, \u015feffaf ve hesap verebilen, toplumun b\u00fct\u00fcn kesimlerini kucaklayan, g\u00fcler y\u00fczl\u00fc, \u015fefkatli bir y\u00f6netim anlay\u0131\u015f\u0131nda olaca\u011f\u0131na vurgu yapt\u0131.<\/span><\/p>\n<p><strong><span style=\"font-family: arial, helvetica, sans-serif; font-size: 14px;\">\u201cBal\u0131kesir Valili\u011fi g\u00f6revine ba\u015flam\u0131\u015f bulunuyorum\u201d<\/span><\/strong><br \/>\n<span style=\"font-family: arial, helvetica, sans-serif; font-size: 14px;\">\u0130l Protokol\u00fc taraf\u0131ndan Valilik binas\u0131nda kar\u015f\u0131land\u0131ktan sonra g\u00f6reve ba\u015flama yaz\u0131s\u0131n\u0131 imzalayan Vali \u0130smail Ustao\u011flu, \u201c10 A\u011fustos 2023 tarihli Cumhurba\u015fkanl\u0131\u011f\u0131 Kararnamesiyle atanm\u0131\u015f oldu\u011fum Bal\u0131kesir Valili\u011fi g\u00f6revine bug\u00fcn itibariyle ba\u015flam\u0131\u015f bulunmaktay\u0131m. Dolay\u0131s\u0131yla Kuvayi Milliye ruhunun ilk k\u0131v\u0131lc\u0131mlar\u0131n\u0131n ate\u015flendi\u011fi hem Ege Denizi\u2019ne hem de Marmara Denizi\u2019ne k\u0131y\u0131s\u0131 olan geni\u015f co\u011frafyas\u0131, g\u0131da sekt\u00f6r\u00fcndeki \u00f6nc\u00fc rol\u00fc ile T\u00fcrkiye\u2019yi Doyuran \u0130l unvan\u0131na sahip tar\u0131m ve turizm kendi Bal\u0131kesir\u2019imizin de\u011feri halk\u0131na hizmet etme f\u0131rsat\u0131n\u0131 bana veren Cumhurba\u015fkan\u0131m\u0131z Say\u0131n Recep Tayyip Erdo\u011fan\u2019a ve Say\u0131n \u0130\u00e7i\u015fleri Bakan\u0131m\u0131za \u015f\u00fckranlar\u0131m\u0131 sunuyorum\u201d diye konu\u015ftu.<\/span><\/p>\n<p><strong><span style=\"font-family: arial, helvetica, sans-serif; font-size: 14px;\">\u201cHerkesi kucakla\u015fan bir y\u00f6netim anlay\u0131\u015f\u0131m\u0131z olacak\u201d<\/span><\/strong><br \/>\n<span style=\"font-family: arial, helvetica, sans-serif; font-size: 14px;\">Bal\u0131kesir\u2019de valilik yapacak olmaktan duydu\u011fu memnuniyeti dile getiren Vali Ustao\u011flu, \u201cTarihi ge\u00e7mi\u015fi Antik \u00c7a\u011f\u2019a kadar uzanan kadim \u015fehrimiz Bal\u0131kesir\u2019imizi ve Bal\u0131kesirli hem\u015ferilerimi sevgi ve sayg\u0131lar\u0131mla selaml\u0131yor, bu \u015fehre hizmet edecek olmaktan duydu\u011fum memnuniyeti ifade etmek istiyorum. B\u00f6ylesine \u00f6nemli bir kente hizmet ederken, \u00fczerimizdeki sorumlulu\u011fun fark\u0131nda olarak; b\u00fct\u00fcn mesai arkada\u015flar\u0131mla birlikte insan merkezli, hukuka ba\u011fl\u0131, insan haklar\u0131na sayg\u0131l\u0131, \u015feffaf ve hesap verebilen, toplumun b\u00fct\u00fcn kesimlerini kucaklayan, g\u00fcler y\u00fczl\u00fc, \u015fefkatli bir y\u00f6netim anlay\u0131\u015f\u0131m\u0131z olacakt\u0131r. Her zaman vatanda\u015flar\u0131m\u0131z\u0131n aras\u0131nda, \u00f6zellikle \u015fehitlerimizin k\u0131ymetli aileleri ile gazilerimiz ba\u015fta olmak \u00fczere devletin deste\u011fine ve \u015fefkatine daha \u00e7ok ihtiya\u00e7 duyan ailelerimiz ile kimsesiz, yetim \u00e7ocuklar\u0131m\u0131z, engellilerimiz ve ya\u015fl\u0131 insanlar\u0131m\u0131zla bizleri daha \u00e7ok bir arada g\u00f6receksiniz. Gelecek nesillere daha g\u00fczel ve ya\u015fanabilir bir Bal\u0131kesir b\u0131rakmak; e\u011fitim, sa\u011fl\u0131k, turizm, gen\u00e7lik ve spor, sosyal hizmetler, \u00e7evrenin korunmas\u0131 ve di\u011fer t\u00fcm alanlarda ilimizi daha ileri ta\u015f\u0131mak \u00f6ncelikli hedefimiz olacakt\u0131r. Bal\u0131kesir Valisi olarak atand\u0131\u011f\u0131m bu \u015fehre, bug\u00fcnden itibaren adanm\u0131\u015f olarak hizmet etmek temel gayem olacakt\u0131r\u201d ifadelerini kulland\u0131.<\/span><\/p>\n<p><strong><span style=\"font-family: arial, helvetica, sans-serif; font-size: 14px;\">\u201c\u015eehrin t\u00fcm dinamikleriyle uyum i\u00e7inde \u00e7al\u0131\u015faca\u011f\u0131z\u201d<\/span><\/strong><br \/>\n<span style=\"font-family: arial, helvetica, sans-serif; font-size: 14px;\">Bal\u0131kesir\u2019de devam eden kamu yat\u0131r\u0131mlar\u0131n\u0131n tamamlanmas\u0131 ve yeni yat\u0131r\u0131mlar\u0131n gelmesi i\u00e7in \u00e7al\u0131\u015faca\u011f\u0131n\u0131 da dile getiren Vali Ustao\u011flu, \u201cDevam eden kamu yat\u0131r\u0131mlar\u0131n\u0131n tamamlanmas\u0131, yeni projelerin ise bir an \u00f6nce uygulamaya konularak halk\u0131m\u0131z\u0131n hizmetine sunulmas\u0131nda ba\u015fta Say\u0131n Milletvekillerimiz olmak \u00fczere B\u00fcy\u00fck\u015fehir belediye Ba\u015fkan\u0131m\u0131zla, Bal\u0131kesir\u2019imizin t\u00fcm dinamikleri ile birlikte hareket edip b\u00fct\u00fcn imkanlar\u0131n de\u011ferlendirilmesi sa\u011flanacakt\u0131r. \u00c7al\u0131\u015fmalar\u0131m\u0131z\u0131n y\u00fcr\u00fct\u00fclmesinde, halk\u0131m\u0131z\u0131n talepleri ile devlet aras\u0131nda k\u00f6pr\u00fc vazifesini \u00fcstlenen yerel bas\u0131n mensuplar\u0131m\u0131z\u0131 selaml\u0131yor, g\u00f6revim s\u00fcresince yak\u0131n ileti\u015fim halinde olarak, \u00e7al\u0131\u015fmalar\u0131m\u0131z\u0131 desteklemelerini bekliyorum\u201d dedi.<\/span><\/p>\n<p><strong><span style=\"font-family: arial, helvetica, sans-serif; font-size: 14px;\">\u201cBal\u0131kesir\u2019e hizmeti olan herkese \u015f\u00fckranlar\u0131m\u0131 sunuyorum\u201d<\/span><\/strong><br \/>\n<span style=\"font-family: arial, helvetica, sans-serif; font-size: 14px;\">Bal\u0131kesir\u2019den \u015eanl\u0131urfa\u2019ya atanan Vali Hasan \u015e\u0131ldak ve daha \u00f6nce valilik yapm\u0131\u015f isimlere te\u015fekk\u00fcrlerini sunan Vali \u0130smail Ustao\u011flu, \u201c\u0130limizin sosyal ve ekonomik kalk\u0131nmas\u0131na, e\u011fitim, sa\u011fl\u0131k, tar\u0131m, sanayi, k\u00fclt\u00fcr ve turizm alan\u0131nda geli\u015fmesine y\u00f6nelik olarak kamu ve \u00f6zel sekt\u00f6r yat\u0131r\u0131mlar\u0131n\u0131n hayata ge\u00e7irilmesinde ba\u015far\u0131l\u0131 \u00e7al\u0131\u015fmalar y\u00fcr\u00fcten Say\u0131n Hasan \u015e\u0131ldak Bey\u2019e ve ilimize hizmet etmi\u015f t\u00fcm valilerimize \u015f\u00fckranlar\u0131m\u0131 sunuyorum\u201d dedi.<\/span><\/p>\n<p><span style=\"font-family: arial, helvetica, sans-serif; font-size: 14px;\">Vali \u0130smail Usta a\u00e7\u0131klamas\u0131n\u0131n sonunda t\u00fcm Bal\u0131kesirlileri selamlayarak \u015fehitleri rahmetle anarak, gazilerie se minnet ve \u015f\u00fckranlar\u0131n\u0131 iletti.<\/span><\/p>\n","protected":false},"excerpt":{"rendered":"<p>Cumhurba\u015fkan\u0131 Recep Tayyip Erdo\u011fan taraf\u0131ndan imzalanarak Resmi Gazete&#8217;de yay\u0131mlanan Valiler Kararnamesi ile Bal\u0131kesir\u2019e atanan Vali \u0130smail Ustao\u011flu d\u00fczenlenen t\u00f6renle g\u00f6revine<\/p>\n","protected":false},"author":3,"featured_media":13997,"comment_status":"open","ping_status":"open","sticky":false,"template":"","format":"standard","meta":{"colormag_page_container_layout":"default_layout","colormag_page_sidebar_layout":"default_layout","footnotes":""},"categories":[1,5,8],"tags":[],"class_list":["post-13995","post","type-post","status-publish","format-standard","has-post-thumbnail","hentry","category-genel","category-gundem","category-siyaset"],"_links":{"self":[{"href":"https:\/\/marmarayerelhizmet.com\/index.php\/wp-json\/wp\/v2\/posts\/13995","targetHints":{"allow":["GET"]}}],"collection":[{"href":"https:\/\/marmarayerelhizmet.com\/index.php\/wp-json\/wp\/v2\/posts"}],"about":[{"href":"https:\/\/marmarayerelhizmet.com\/index.php\/wp-json\/wp\/v2\/types\/post"}],"author":[{"embeddable":true,"href":"https:\/\/marmarayerelhizmet.com\/index.php\/wp-json\/wp\/v2\/users\/3"}],"replies":[{"embeddable":true,"href":"https:\/\/marmarayerelhizmet.com\/index.php\/wp-json\/wp\/v2\/comments?post=13995"}],"version-history":[{"count":0,"href":"https:\/\/marmarayerelhizmet.com\/index.php\/wp-json\/wp\/v2\/posts\/13995\/revisions"}],"wp:featuredmedia":[{"embeddable":true,"href":"https:\/\/marmarayerelhizmet.com\/index.php\/wp-json\/wp\/v2\/media\/13997"}],"wp:attachment":[{"href":"https:\/\/marmarayerelhizmet.com\/index.php\/wp-json\/wp\/v2\/media?parent=13995"}],"wp:term":[{"taxonomy":"category","embeddable":true,"href":"https:\/\/marmarayerelhizmet.com\/index.php\/wp-json\/wp\/v2\/categories?post=13995"},{"taxonomy":"post_tag","embeddable":true,"href":"https:\/\/marmarayerelhizmet.com\/index.php\/wp-json\/wp\/v2\/tags?post=13995"}],"curies":[{"name":"wp","href":"https:\/\/api.w.org\/{rel}","templated":true}]}}