{"id":13987,"date":"2023-08-18T13:47:42","date_gmt":"2023-08-18T10:47:42","guid":{"rendered":"https:\/\/marmarayerelhizmet.com\/?p=13987"},"modified":"2023-08-18T13:47:42","modified_gmt":"2023-08-18T10:47:42","slug":"g20-zirvesinde-anadolu-turkuleri","status":"publish","type":"post","link":"https:\/\/marmarayerelhizmet.com\/index.php\/2023\/08\/18\/g20-zirvesinde-anadolu-turkuleri\/","title":{"rendered":"G20 Zirvesinde &#8216;Anadolu T\u00fcrk\u00fcleri&#8217;"},"content":{"rendered":"<p><strong><span style=\"font-family: arial, helvetica, sans-serif; font-size: 14px;\">D\u00fcnya ekonomisine y\u00f6n veren 19 \u00fclke ile Avrupa Birli\u011fi liderlerini bir araya getiren G-20 Zirvesi&#8217;ne, bu sene Hindistan ev sahipli\u011fi yap\u0131yor. Bah\u00e7e\u015fehir \u00dcniversitesi (BAU) Konservatuvar\u0131 \u00d6\u011fretim G\u00f6revlisi ve ses sanat\u00e7\u0131s\u0131 \u0130smet Ayd\u0131n, Hindistan K\u00fclt\u00fcr Bakanl\u0131\u011f\u0131n\u0131n G-20 Zirvesi kapsam\u0131ndaki \u00f6zel davetiyle, 26 A\u011fustos 2023 tarihinde Varanasi\u2019de \u201cAnadolu T\u00fcrk\u00fcleri\u201d konseri verecek.<br \/>\n<\/span><\/strong><br \/>\n<span style=\"font-family: arial, helvetica, sans-serif; font-size: 14px;\">Eyl\u00fcl 2023\u2019te ba\u015fkent Yeni Delhi\u2019de d\u00fczenlenecek G-20 Liderler Zirvesi etkinlikleri kapsam\u0131nda, G-20 Culture Working Group (CWG) taraf\u0131ndan d\u00fczenlenen k\u00fclt\u00fcrel seride 20 \u00fclkenin K\u00fclt\u00fcr Bakan\u0131n\u0131n kat\u0131l\u0131m\u0131 ile 29 farkl\u0131 \u00fclkeden sanat\u00e7\u0131 bir araya geliyor. \u201cSur Vasudha\u201d ba\u015fl\u0131\u011f\u0131 alt\u0131nda \u201cTek D\u00fcnya, Tek Aile, Tek Gelecek\u201d slogan\u0131yla d\u00fczenlenen konserde, T\u00fcrkiye\u2019yi temsilen sanat\u00e7\u0131 \u0130smet Ayd\u0131n, Hindistan K\u00fclt\u00fcr Bakanl\u0131\u011f\u0131 Orkestras\u0131 e\u015fli\u011finde A\u015f\u0131k Veysel\u2019den Ne\u015fet Erta\u015f\u2019a Anadolu\u2019nun kadim ezgilerinden olu\u015fan repertuvar\u0131n\u0131 seslendirecek.<\/span><\/p>\n<p><strong><span style=\"font-family: arial, helvetica, sans-serif; font-size: 14px;\">\u201cSaz\u0131mdan \u00e7\u0131kacak ezgileri Kahramanmara\u015f depreminde kaybetti\u011fimiz insanlar\u0131m\u0131za ad\u0131yorum\u201d<\/span><\/strong><br \/>\n<span style=\"font-family: arial, helvetica, sans-serif; font-size: 14px;\">Benzersiz bir gurur ya\u015fad\u0131\u011f\u0131n\u0131 ifade eden \u0130smet Ayd\u0131n davete ili\u015fkin duygu ve d\u00fc\u015f\u00fcnceleri \u015f\u00f6yle ifade etti: &#8220;\u00dclkemizi b\u00f6yle \u00f6nemli bir organizasyonda temsil etmek, Anadolu m\u00fczik k\u00fclt\u00fcr\u00fcn\u00fcn kadim miras\u0131n\u0131n \u00fczerimize y\u00fckledi\u011fi b\u00fcy\u00fck sorumlulukla birle\u015fince, benim i\u00e7in bamba\u015fka anlamlara b\u00fcr\u00fcn\u00fcyor. Ki\u015fisel bir icran\u0131n \u00f6tesinde, Anadolu&#8217;nun sesini Hint co\u011frafyas\u0131ndan b\u00fct\u00fcn d\u00fcnyaya duyurmak, benzersiz bir gurur. G-20&#8217;de, saz\u0131m\u0131n telinden ve han\u00e7eremden \u00e7\u0131kacak her Anadolu ezgisini, Kahramanmara\u015f depreminde kaybetti\u011fimiz insanlar\u0131m\u0131za adamak isterim. Ayr\u0131ca orada, d\u00fcnyan\u0131n d\u00f6rt bir yan\u0131ndan gelecek m\u00fczisyenler ile f\u00fczyon bir \u00e7al\u0131\u015fma yapaca\u011f\u0131z. T\u00fcrk m\u00fczi\u011finin d\u00fcnya \u00e7alg\u0131lar\u0131ndan olu\u015fan &#8220;G-20 Orkestras\u0131&#8221; ile seslendirilmesi de benim i\u00e7in tarifsiz bir onur ve deneyim olacak.&#8221;<\/span><\/p>\n<p><strong><span style=\"font-family: arial, helvetica, sans-serif; font-size: 14px;\">\u201cAnadolu ozanlar\u0131n\u0131n bilge s\u00f6zleri \u00e7\u0131nlayacak\u201d<\/span><\/strong><br \/>\n<span style=\"font-family: arial, helvetica, sans-serif; font-size: 14px;\">Daha \u00f6nce \u00f6zg\u00fcn ses ve yorumu, uluslararas\u0131 m\u00fczik projeleri, f\u00fczyon alb\u00fcm \u00e7al\u0131\u015fmalar\u0131, T\u00fcrk Halk M\u00fczi\u011fi \u00fczerine yapt\u0131\u011f\u0131 akademik \u00e7al\u0131\u015fmalar\u0131 ile tan\u0131nan ve \u0130ngiltere Royal Albert Hall\u2019de verdi\u011fi konser ile Anadolu m\u00fczi\u011fini yabanc\u0131 m\u00fczikseverlerle bulu\u015fturan Ayd\u0131n, \u201cD\u00fcnya birli\u011fi temal\u0131 global bulu\u015fmada Anadolu ozanlar\u0131n\u0131n bilge s\u00f6zlerinin \u00e7\u0131nlamas\u0131n\u0131 olduk\u00e7a \u00f6nemli buluyorum. Uygarl\u0131klar mozai\u011fi \u00fclkemizin geleneksel m\u00fczi\u011finin uluslararas\u0131 bar\u0131\u015f temas\u0131na sunaca\u011f\u0131 katk\u0131 i\u00e7in heyecanl\u0131y\u0131m\u201d diyerek s\u00f6zlerini tamamlad\u0131.<\/span><\/p>\n","protected":false},"excerpt":{"rendered":"<p>D\u00fcnya ekonomisine y\u00f6n veren 19 \u00fclke ile Avrupa Birli\u011fi liderlerini bir araya getiren G-20 Zirvesi&#8217;ne, bu sene Hindistan ev sahipli\u011fi<\/p>\n","protected":false},"author":3,"featured_media":13989,"comment_status":"open","ping_status":"open","sticky":false,"template":"","format":"standard","meta":{"colormag_page_container_layout":"default_layout","colormag_page_sidebar_layout":"default_layout","footnotes":""},"categories":[1,5],"tags":[],"class_list":["post-13987","post","type-post","status-publish","format-standard","has-post-thumbnail","hentry","category-genel","category-gundem"],"_links":{"self":[{"href":"https:\/\/marmarayerelhizmet.com\/index.php\/wp-json\/wp\/v2\/posts\/13987","targetHints":{"allow":["GET"]}}],"collection":[{"href":"https:\/\/marmarayerelhizmet.com\/index.php\/wp-json\/wp\/v2\/posts"}],"about":[{"href":"https:\/\/marmarayerelhizmet.com\/index.php\/wp-json\/wp\/v2\/types\/post"}],"author":[{"embeddable":true,"href":"https:\/\/marmarayerelhizmet.com\/index.php\/wp-json\/wp\/v2\/users\/3"}],"replies":[{"embeddable":true,"href":"https:\/\/marmarayerelhizmet.com\/index.php\/wp-json\/wp\/v2\/comments?post=13987"}],"version-history":[{"count":0,"href":"https:\/\/marmarayerelhizmet.com\/index.php\/wp-json\/wp\/v2\/posts\/13987\/revisions"}],"wp:featuredmedia":[{"embeddable":true,"href":"https:\/\/marmarayerelhizmet.com\/index.php\/wp-json\/wp\/v2\/media\/13989"}],"wp:attachment":[{"href":"https:\/\/marmarayerelhizmet.com\/index.php\/wp-json\/wp\/v2\/media?parent=13987"}],"wp:term":[{"taxonomy":"category","embeddable":true,"href":"https:\/\/marmarayerelhizmet.com\/index.php\/wp-json\/wp\/v2\/categories?post=13987"},{"taxonomy":"post_tag","embeddable":true,"href":"https:\/\/marmarayerelhizmet.com\/index.php\/wp-json\/wp\/v2\/tags?post=13987"}],"curies":[{"name":"wp","href":"https:\/\/api.w.org\/{rel}","templated":true}]}}