{"id":13979,"date":"2023-08-18T13:43:39","date_gmt":"2023-08-18T10:43:39","guid":{"rendered":"https:\/\/marmarayerelhizmet.com\/?p=13979"},"modified":"2023-08-18T13:43:39","modified_gmt":"2023-08-18T10:43:39","slug":"bakanlar-togg-tesislerini-gezdi","status":"publish","type":"post","link":"https:\/\/marmarayerelhizmet.com\/index.php\/2023\/08\/18\/bakanlar-togg-tesislerini-gezdi\/","title":{"rendered":"Bakanlar TOGG Tesislerini Gezdi"},"content":{"rendered":"<p><strong><span style=\"font-family: arial, helvetica, sans-serif; font-size: 14px;\">Sanayi ve Teknoloji Bakan\u0131 Mehmet Fatih Kac\u0131r ile Hazine ile Maliye Bakan\u0131 Mehmet \u015eim\u015fek, Gemlik&#8217;te Togg \u00fcretim ve teknoloji kamp\u00fcs\u00fcn\u00fc ziyaret ederek, a\u00e7\u0131klamalarda bulundu.<br \/>\n<\/span><\/strong><br \/>\n<span style=\"font-family: arial, helvetica, sans-serif; font-size: 14px;\">Bakanlar Kac\u0131r ve \u015eim\u015fek, Togg\u2019un \u00fcretim a\u015famalar\u0131n\u0131 birer birer inceleyerek, yetkililerden bilgi ald\u0131. Togg \u00e7al\u0131\u015fanlar\u0131yla sohbet eden bakanlara, T\u00fcrkiye Odalar ve Borsalar Birli\u011fi Ba\u015fkan\u0131 Rifat Hisarc\u0131l\u0131o\u011flu da e\u015flik etti. \u0130ki bakan daha sonra Togg\u2019un direksiyonuna ge\u00e7erek arac\u0131 test etti.<\/span><\/p>\n<p><strong><span style=\"font-family: arial, helvetica, sans-serif; font-size: 14px;\">Y\u0131l sonu hedefine ad\u0131m ad\u0131m<\/span><\/strong><br \/>\n<span style=\"font-family: arial, helvetica, sans-serif; font-size: 14px;\">Bakan Kac\u0131r ziyaret sonras\u0131 a\u00e7\u0131klamalarda bulunarak A\u011fustos ay\u0131n\u0131n ilk yar\u0131s\u0131nda teslim edilen Togg say\u0131s\u0131n\u0131n Temmuz ay\u0131n\u0131n toplam\u0131n\u0131 ge\u00e7ti\u011fini belirterek, y\u0131l sonuna kadar toplam 28 bin Togg T10X \u00fcretilece\u011fini s\u00f6yledi. Togg&#8217;un sadece T\u00fcrkiye&#8217;de de\u011fil, uluslararas\u0131 pazarlarda da ba\u015far\u0131l\u0131 bir marka olmas\u0131 i\u00e7in T\u00fcrk Devleti olarak desteklemeye devam edeceklerini belirten Kac\u0131r, \u015funlar\u0131 s\u00f6yledi; &#8220;29 Ekim 2022&#8217;de Togg&#8217;un \u00fcretimini ba\u015flatarak, Cumhuriyetimizin 100. Y\u0131l\u0131na milli ak\u0131ll\u0131 otomobilimizin \u00fcretimi ile ad\u0131m atm\u0131\u015f olduk. G\u00fcn ge\u00e7tikte \u00fcretim d\u00fczeyi y\u00fckseliyor. Burada T\u00fcrk Sanayinin \u00fcreten g\u00fcc\u00fcn\u00fcn geldi\u011fi seviyeye hep birlikte \u015fahitlik ettik. T\u00fcrkiye art\u0131k \u00e7ok y\u00fcksek katma de\u011ferli, y\u00fcksek teknoloji ve Ar-Ge bar\u0131nd\u0131ran end\u00fcstri \u00fcr\u00fcnlerini milli imkanlar\u0131yla \u00fcretebilen bir \u00fclke olma noktas\u0131na geldi. Togg&#8217;un sadece T\u00fcrkiye&#8217;de de\u011fil, uluslararas\u0131 pazarlarda da ba\u015far\u0131l\u0131 bir marka olmas\u0131 i\u00e7in T\u00fcrk Devleti olarak yerli ve milli markam\u0131z\u0131 desteklemeye devam edece\u011fiz. Togg i\u00e7in 177 bin \u00f6n talep ger\u00e7ekle\u015fmi\u015fti, bu y\u0131l toplam 28 bin ara\u00e7 \u00fcretilecek ama \u00f6n\u00fcm\u00fczdeki y\u0131l bu say\u0131 iki bu\u00e7uk kat\u0131na \u00e7\u0131kacak.&#8221; dedi.<br \/>\n<\/span><br \/>\n<strong><span style=\"font-family: arial, helvetica, sans-serif; font-size: 14px;\">Bakan \u015eim\u015fek&#8217;ten tam not ald\u0131<\/span><\/strong><br \/>\n<span style=\"font-family: arial, helvetica, sans-serif; font-size: 14px;\">Hazine ve Maliye Bakan\u0131 Mehmet \u015eim\u015fek de teknoloji kamp\u00fcs\u00fc ziyaretinde ilgililerden bilgi ald\u0131. \u00dcretim band\u0131ndan \u00e7\u0131kan Togg otomobillerini inceleyen \u015eim\u015fek, Otomobilin yerlilik oranlar\u0131n\u0131n olduk\u00e7a y\u00fcksek oldu\u011funu belirterek, &#8220;Ger\u00e7ekten \u00e7ok etkileyici. B\u00fcy\u00fck bir teknoloji \u00fcss\u00fc. Y\u00fczde 90 otomasyonla \u00fcretim yap\u0131lmas\u0131 ger\u00e7ekten b\u00fcy\u00fck ba\u015far\u0131. Y\u00fcksek teknoloji bar\u0131nd\u0131ran son derece verimli ve muazzam \u015fekilde faaliyet g\u00f6steren b\u00fcy\u00fck bir teknoloji \u00fcss\u00fc, Eme\u011fi ge\u00e7en herkesi tebrik ediyorum.&#8221; a\u00e7\u0131klamas\u0131nda bulundu.<\/span><\/p>\n","protected":false},"excerpt":{"rendered":"<p>Sanayi ve Teknoloji Bakan\u0131 Mehmet Fatih Kac\u0131r ile Hazine ile Maliye Bakan\u0131 Mehmet \u015eim\u015fek, Gemlik&#8217;te Togg \u00fcretim ve teknoloji kamp\u00fcs\u00fcn\u00fc<\/p>\n","protected":false},"author":3,"featured_media":13981,"comment_status":"open","ping_status":"open","sticky":false,"template":"","format":"standard","meta":{"colormag_page_container_layout":"default_layout","colormag_page_sidebar_layout":"default_layout","footnotes":""},"categories":[3,1,5,8],"tags":[],"class_list":["post-13979","post","type-post","status-publish","format-standard","has-post-thumbnail","hentry","category-ekonomi","category-genel","category-gundem","category-siyaset"],"_links":{"self":[{"href":"https:\/\/marmarayerelhizmet.com\/index.php\/wp-json\/wp\/v2\/posts\/13979","targetHints":{"allow":["GET"]}}],"collection":[{"href":"https:\/\/marmarayerelhizmet.com\/index.php\/wp-json\/wp\/v2\/posts"}],"about":[{"href":"https:\/\/marmarayerelhizmet.com\/index.php\/wp-json\/wp\/v2\/types\/post"}],"author":[{"embeddable":true,"href":"https:\/\/marmarayerelhizmet.com\/index.php\/wp-json\/wp\/v2\/users\/3"}],"replies":[{"embeddable":true,"href":"https:\/\/marmarayerelhizmet.com\/index.php\/wp-json\/wp\/v2\/comments?post=13979"}],"version-history":[{"count":0,"href":"https:\/\/marmarayerelhizmet.com\/index.php\/wp-json\/wp\/v2\/posts\/13979\/revisions"}],"wp:featuredmedia":[{"embeddable":true,"href":"https:\/\/marmarayerelhizmet.com\/index.php\/wp-json\/wp\/v2\/media\/13981"}],"wp:attachment":[{"href":"https:\/\/marmarayerelhizmet.com\/index.php\/wp-json\/wp\/v2\/media?parent=13979"}],"wp:term":[{"taxonomy":"category","embeddable":true,"href":"https:\/\/marmarayerelhizmet.com\/index.php\/wp-json\/wp\/v2\/categories?post=13979"},{"taxonomy":"post_tag","embeddable":true,"href":"https:\/\/marmarayerelhizmet.com\/index.php\/wp-json\/wp\/v2\/tags?post=13979"}],"curies":[{"name":"wp","href":"https:\/\/api.w.org\/{rel}","templated":true}]}}