{"id":13963,"date":"2023-08-17T23:55:27","date_gmt":"2023-08-17T20:55:27","guid":{"rendered":"https:\/\/marmarayerelhizmet.com\/?p=13963"},"modified":"2023-08-18T00:22:46","modified_gmt":"2023-08-17T21:22:46","slug":"maribor-0-fenerbahce-3","status":"publish","type":"post","link":"https:\/\/marmarayerelhizmet.com\/index.php\/2023\/08\/17\/maribor-0-fenerbahce-3\/","title":{"rendered":"Maribor: 0 &#8211; Fenerbah\u00e7e: 3"},"content":{"rendered":"<p><span style=\"font-family: arial, helvetica, sans-serif; font-size: 14px;\"><strong>UEFA Avrupa Konferans Ligi 3. \u00d6n Eleme Turu r\u00f6van\u015f ma\u00e7\u0131nda Fenerbah\u00e7e, deplasmanda Slovenya ekibi Maribor&#8217;u 3-0 yenerek play-off&#8217;a ad\u0131n\u0131 yazd\u0131rd\u0131. Sar\u0131-lacivertliler bu turda Hollanda ekibi Twente ile kar\u015f\u0131la\u015facak.<\/strong><\/span><\/p>\n<p><span style=\"font-family: arial, helvetica, sans-serif; font-size: 14px;\"><strong>Ma\u00e7tan dakikalar<\/strong><\/span><br \/>\n<span style=\"font-family: arial, helvetica, sans-serif; font-size: 14px;\">4. dakikada Zajc\u2019\u0131n ceza sahas\u0131 d\u0131\u015f\u0131ndan vuru\u015funda kaleci Jug, topu kontrol etti.<\/span><br \/>\n<span style=\"font-family: arial, helvetica, sans-serif; font-size: 14px;\">11. dakikada Jukupovic\u2019in ceza sahas\u0131 d\u0131\u015f\u0131ndan kulland\u0131\u011f\u0131 serbest vuru\u015fta top \u00fcstten auta \u00e7\u0131kt\u0131.<\/span><br \/>\n<span style=\"font-family: arial, helvetica, sans-serif; font-size: 14px;\">17. dakikada h\u0131zl\u0131 geli\u015fen Fenerbah\u00e7e ata\u011f\u0131nda Tadic\u2019in pas\u0131nda ceza sahas\u0131 sa\u011f \u00e7aprazda topla Batshuayi\u2019nin arka dire\u011fe ortas\u0131nda \u0130rfan Can me\u015fin yuvarla\u011f\u0131 a\u011flara g\u00f6nderdi. 0-1<\/span><br \/>\n<span style=\"font-family: arial, helvetica, sans-serif; font-size: 14px;\">25. dakikada sol kanattan Oosterwolde\u2019nin ortas\u0131nda defanstan d\u00f6nen topa ceza sahas\u0131 i\u00e7inde Tadic\u2019in vuru\u015funda \u00f6nce savunmaya ard\u0131ndan da dire\u011fe \u00e7arpan me\u015fin yuvarlak oyun alan\u0131na geri d\u00f6nd\u00fc.<\/span><br \/>\n<span style=\"font-family: arial, helvetica, sans-serif; font-size: 14px;\">31. dakikada Peres ceza sahas\u0131 i\u00e7inde Jakupovic\u2019i d\u00fc\u015f\u00fcr\u00fcnce hakem penalt\u0131 noktas\u0131n\u0131 g\u00f6sterdi.<\/span><br \/>\n<span style=\"font-family: arial, helvetica, sans-serif; font-size: 14px;\">32. dakikada beyaz noktan\u0131n ba\u015f\u0131na ge\u00e7en Jakupovic\u2019in vuru\u015funda kaleci \u0130rfan Can gole izin vermedi.<\/span><br \/>\n<span style=\"font-family: arial, helvetica, sans-serif; font-size: 14px;\">48. dakikada Ferdi\u2019nin pas\u0131nda topla bulu\u015fan Miha Zajc\u2019\u0131n ceza yay\u0131 \u00fczerinden vuru\u015funda me\u015fin yuvarlak farkl\u0131 \u015fekilde auta gitti.<\/span><br \/>\n<span style=\"font-family: arial, helvetica, sans-serif; font-size: 14px;\">55. dakikada Dusan Tadic&#8217;in arka dire\u011fe ortas\u0131nda Batshuayi\u2019nin indirdi\u011fi topa bombo\u015f durumda Zajc\u2019\u0131n vuru\u015funda top dire\u011fe \u00e7arparak d\u0131\u015far\u0131 \u00e7\u0131kt\u0131.<\/span><br \/>\n<span style=\"font-family: arial, helvetica, sans-serif; font-size: 14px;\">60. dakikada Milec\u2019in sa\u011f \u00e7aprazdan ceza sahas\u0131na girerek yapt\u0131\u011f\u0131 vuru\u015fta \u0130rfan k\u00f6\u015feye giden topu kornere \u00e7eldi.<\/span><br \/>\n<span style=\"font-family: arial, helvetica, sans-serif; font-size: 14px;\">66. dakikada trib\u00fcnde \u00e7\u0131kan olaylardan dolay\u0131 kar\u015f\u0131la\u015fma 32 dakika durdu.<\/span><br \/>\n<span style=\"font-family: arial, helvetica, sans-serif; font-size: 14px;\">69. dakikada Brnic&#8217;in ceza sahas\u0131na ortas\u0131nda Marko Bozic\u2019in \u015futunda kaleci \u0130rfan Can gole izin vermedi.<\/span><br \/>\n<span style=\"font-family: arial, helvetica, sans-serif; font-size: 14px;\">70. dakikada Jayden Oosterwolde\u2019nin pas\u0131nda ceza sahas\u0131 i\u00e7inde topla bulu\u015fan Umut Nayir&#8217;in \u015futu d\u0131\u015far\u0131 \u00e7\u0131kt\u0131.<\/span><br \/>\n<span style=\"font-family: arial, helvetica, sans-serif; font-size: 14px;\">78. dakikada \u0130rfan Can\u2019\u0131n pas\u0131nda ceza yay\u0131 \u00fczerinde topla bulu\u015fan Szymanski\u2019nin geli\u015fine sert vuru\u015funda top a\u011flara gitti. 0-2<\/span><br \/>\n<span style=\"font-family: arial, helvetica, sans-serif; font-size: 14px;\">80. dakikada sol kanattan son \u00e7izgiye inen King\u2019in yerden ceza sahas\u0131na pas\u0131nda Tadic, topu filelere yollad\u0131. 0-3<\/span><\/p>\n<p><span style=\"font-family: arial, helvetica, sans-serif; font-size: 14px;\">Stat: Ljudski Vrt<\/span><br \/>\n<span style=\"font-family: arial, helvetica, sans-serif; font-size: 14px;\">Hakemler: Fabio Verissimo, Pedro Martins, Pedro Almeida<\/span><br \/>\n<span style=\"font-family: arial, helvetica, sans-serif; font-size: 14px;\">Maribor: Jug, Milec, Watson, Uskokovic, Urata (Strajnar dk. 68), Pihler (Lausic dk. 46), Lorber (Bozic dk. 68), Repas (Antolin dk. 83), Skuka (Ilicic dk. 58), Brnic, Jakupovic<\/span><br \/>\n<span style=\"font-family: arial, helvetica, sans-serif; font-size: 14px;\">Yedekler: Zalokar, Bergsen, Karic, Mitrovic, Zinic, Rafiu, Tine Cuk,<\/span><br \/>\n<span style=\"font-family: arial, helvetica, sans-serif; font-size: 14px;\">Teknik Direkt\u00f6r: Damir Krznar<\/span><br \/>\n<span style=\"font-family: arial, helvetica, sans-serif; font-size: 14px;\">Fenerbah\u00e7e: \u0130rfan Can E\u011fribayat, Ferdi (Mert M\u00fcld\u00fcr dk. 68), Samet (Djiku dk. 46), Luan Peres, Oosterwolde, \u0130smail Y\u00fcksek, Zajc (Bartu\u011f Elmaz dk. 86), Szymanski, \u0130rfan Can Kahveci (King dk. 79), Tadic, Batshuayi (Umut Nayir dk. 68)<\/span><br \/>\n<span style=\"font-family: arial, helvetica, sans-serif; font-size: 14px;\">Yedekler: Altay, Furkan Onur Aky\u00fcz, Kent, Bartu\u011f Elmaz, Yusuf Kocat\u00fcrk, Efekan Karayaz\u0131, Dzeko<\/span><br \/>\n<span style=\"font-family: arial, helvetica, sans-serif; font-size: 14px;\">Teknik Direkt\u00f6r: \u0130smail Kartal<\/span><br \/>\n<span style=\"font-family: arial, helvetica, sans-serif; font-size: 14px;\">Goller: \u0130rfan Can (dk. 17), Szymanski (dk. 78), Tadic (dk. 80) (Fenerbah\u00e7e)<\/span><br \/>\n<span style=\"font-family: arial, helvetica, sans-serif; font-size: 14px;\">Sar\u0131 kartlar: Skuka, Milec, Uskokovic (Maribor)<\/span><\/p>\n","protected":false},"excerpt":{"rendered":"<p>UEFA Avrupa Konferans Ligi 3. \u00d6n Eleme Turu r\u00f6van\u015f ma\u00e7\u0131nda Fenerbah\u00e7e, deplasmanda Slovenya ekibi Maribor&#8217;u 3-0 yenerek play-off&#8217;a ad\u0131n\u0131 yazd\u0131rd\u0131.<\/p>\n","protected":false},"author":3,"featured_media":13965,"comment_status":"open","ping_status":"open","sticky":false,"template":"","format":"standard","meta":{"colormag_page_container_layout":"default_layout","colormag_page_sidebar_layout":"default_layout","footnotes":""},"categories":[1,5,9],"tags":[],"class_list":["post-13963","post","type-post","status-publish","format-standard","has-post-thumbnail","hentry","category-genel","category-gundem","category-spor"],"_links":{"self":[{"href":"https:\/\/marmarayerelhizmet.com\/index.php\/wp-json\/wp\/v2\/posts\/13963","targetHints":{"allow":["GET"]}}],"collection":[{"href":"https:\/\/marmarayerelhizmet.com\/index.php\/wp-json\/wp\/v2\/posts"}],"about":[{"href":"https:\/\/marmarayerelhizmet.com\/index.php\/wp-json\/wp\/v2\/types\/post"}],"author":[{"embeddable":true,"href":"https:\/\/marmarayerelhizmet.com\/index.php\/wp-json\/wp\/v2\/users\/3"}],"replies":[{"embeddable":true,"href":"https:\/\/marmarayerelhizmet.com\/index.php\/wp-json\/wp\/v2\/comments?post=13963"}],"version-history":[{"count":0,"href":"https:\/\/marmarayerelhizmet.com\/index.php\/wp-json\/wp\/v2\/posts\/13963\/revisions"}],"wp:featuredmedia":[{"embeddable":true,"href":"https:\/\/marmarayerelhizmet.com\/index.php\/wp-json\/wp\/v2\/media\/13965"}],"wp:attachment":[{"href":"https:\/\/marmarayerelhizmet.com\/index.php\/wp-json\/wp\/v2\/media?parent=13963"}],"wp:term":[{"taxonomy":"category","embeddable":true,"href":"https:\/\/marmarayerelhizmet.com\/index.php\/wp-json\/wp\/v2\/categories?post=13963"},{"taxonomy":"post_tag","embeddable":true,"href":"https:\/\/marmarayerelhizmet.com\/index.php\/wp-json\/wp\/v2\/tags?post=13963"}],"curies":[{"name":"wp","href":"https:\/\/api.w.org\/{rel}","templated":true}]}}