{"id":13959,"date":"2023-08-17T23:55:29","date_gmt":"2023-08-17T20:55:29","guid":{"rendered":"https:\/\/marmarayerelhizmet.com\/?p=13959"},"modified":"2023-08-18T00:19:09","modified_gmt":"2023-08-17T21:19:09","slug":"7-baraj-depremde-cok-riskli","status":"publish","type":"post","link":"https:\/\/marmarayerelhizmet.com\/index.php\/2023\/08\/17\/7-baraj-depremde-cok-riskli\/","title":{"rendered":"&#8216;7 Baraj Depremde \u00c7ok Riskli&#8217;"},"content":{"rendered":"<p><strong><span style=\"font-family: arial, helvetica, sans-serif; font-size: 14px;\">Jeolog ve deprem uzman\u0131 Prof. Dr. Naci G\u00f6r\u00fcr, \u201cDepremde \u0130stanbul\u2019da 14 baraj\u0131n, 7&#8217;si \u00e7ok tehlikeli. Yani bu depremi \u00e7\u0131kart\u0131r veya \u00e7\u0131kartmaz. Ayr\u0131ca \u0130stanbul&#8217;da en az 100 milyon ton at\u0131k \u00e7\u0131kar. Bunlar\u0131 \u015fimdiden, uluslararas\u0131 y\u00f6ntemlere g\u00f6re nas\u0131l bertaraf edece\u011fiz? Nas\u0131l bunlar\u0131 ortadan kald\u0131raca\u011f\u0131z? Nas\u0131l geri d\u00f6n\u00fc\u015f\u00fcme tabii tutaca\u011f\u0131n\u0131z\u0131n planlanmas\u0131 laz\u0131m.\u201d dedi.<\/span><\/strong><\/p>\n<p><span style=\"font-family: arial, helvetica, sans-serif; font-size: 14px;\">Bak\u0131rk\u00f6y Florya\u2019da \u2018Afete Dayan\u0131kl\u0131 \u015eehir 17 A\u011fustos Anma Program\u0131\u2019 paneli d\u00fczenlendi. Panele, konu\u015fmac\u0131 olarak End\u00fcstri M\u00fchendisi Prof. Dr. Burcu Bal\u00e7\u0131k, ODT\u00dc \u015eehir Planlama \u00d6\u011fretim G\u00f6revlisi Prof. Dr. H\u00fcseyin Tar\u0131k \u015eeng\u00fcl ve deprem uzman\u0131 Prof. Dr. Naci G\u00f6r\u00fcr kat\u0131ld\u0131. \u2018Deprem ve \u0130stanbul\u2019 konulu sunum yapan Prof. Dr. Naci G\u00f6r\u00fcr, endi\u015feyle beklenen &#8216;Marmara Depremi&#8217; ve &#8216;\u0130stanbul Depremi&#8217; hakk\u0131nda uyar\u0131larda bulundu. G\u00f6r\u00fcr, \u201c\u0130stersek sahaya inip \u0130stanbul&#8217;u depreme haz\u0131rlamaya ba\u015flayabiliriz. Zaten ben merak ediyorum. Niye bekliyoruz ki? S\u00fcrekli proje, proje, proje, proje, b\u00fct\u00fcn raflar doldu proje. D\u00fcnyada en fazla deprem haz\u0131rl\u0131k projesi yapan T\u00fcrkiye&#8217;dir eminim. \u00d6yle \u0130stanbul bakir bir yer de\u011fil. Yani depremle ilgili haz\u0131rl\u0131\u011f\u0131n yap\u0131lmad\u0131\u011f\u0131 yer de\u011fil. 1999&#8217;dan bu yana ger\u00e7ekten \u0130stanbul&#8217;da inan\u0131lmaz derecede depreme haz\u0131rl\u0131k \u00e7al\u0131\u015fmalar\u0131 yap\u0131ld\u0131. Ama sonu\u00e7 daha tam olarak \u0130stanbul depreme haz\u0131r de\u011fil. Yap\u0131lmas\u0131 gerekenlerin yan\u0131nda daha az. Onun i\u00e7in \u0130stanbul&#8217;da s\u0131f\u0131r \u00e7al\u0131\u015fma diye bir \u015fey yok.\u201d diye konu\u015ftu.<\/span><\/p>\n<p><strong><span style=\"font-family: arial, helvetica, sans-serif; font-size: 14px;\">\u201cDeprem gelmeden ilk defa haz\u0131rl\u0131k bu h\u00fck\u00fcmet taraf\u0131ndan yap\u0131ld\u0131\u201d<\/span><\/strong><br \/>\n<span style=\"font-family: arial, helvetica, sans-serif; font-size: 14px;\">Depremi beklemeden haz\u0131rl\u0131klar\u0131n ilk defa mevcut h\u00fck\u00fcmet taraf\u0131ndan yap\u0131ld\u0131\u011f\u0131n\u0131 anlatan G\u00f6r\u00fcr, \u201cBu h\u00fck\u00fcmet ilk kez 2006 y\u0131l\u0131nda dedi ki: &#8216;Bundan sonra biz depremin olmas\u0131n\u0131 beklemeden, biz \u00f6zellikle risk y\u00f6netimini uygulamaya ba\u015flayaca\u011f\u0131z. Deprem gelmeden \u00f6nce zarar azalt\u0131c\u0131 \u00e7al\u0131\u015fmalar yapaca\u011f\u0131z.&#8217; Do\u011fru olan \u00e7a\u011fda\u015f olan bu. \u0130stanbul i\u00e7in gelin \u00f6zel bir kanun \u00e7\u0131kartal\u0131m. Bu \u00f6zel olmas\u0131 gerekmiyor. B\u00fct\u00fcn deprem haz\u0131rl\u0131\u011f\u0131na girilmi\u015f kentlerde deprem ve haz\u0131rlama ad\u0131n\u0131 \u00f6yle koyal\u0131m. Kanunu \u00e7\u0131kartal\u0131m. \u015eimdi o kanunla birlikte siz ne t\u00fcr zorlukla kar\u015f\u0131la\u015f\u0131yorsan\u0131z i\u015fte T\u00fcrkiye B\u00fcy\u00fck Millet Meclisi onu \u00e7\u00f6z\u00fcn. Yani \u00e7ok zor bir \u015fey de\u011fil. \u0130nsanlar\u0131m\u0131z \u00f6lmesin diye l\u00fctfen bunu da yap\u0131n.\u201d diye konu\u015ftu.<\/span><\/p>\n<p><strong><span style=\"font-family: arial, helvetica, sans-serif; font-size: 14px;\">\u201cB\u00fcy\u00fck depremlerin olu\u015faca\u011f\u0131 periyotlara giriyoruz&#8221;<\/span><\/strong><br \/>\n<span style=\"font-family: arial, helvetica, sans-serif; font-size: 14px;\">Deprem haz\u0131rl\u0131\u011f\u0131 i\u00e7in belediyeler ile merkezi h\u00fck\u00fcmetin omuz omuza irade birli\u011fi yaparak haz\u0131rl\u0131k yap\u0131lmas\u0131 gerekti\u011fini s\u00f6yleyen G\u00f6r\u00fcr, \u201cHalk\u0131 muhakkak bu i\u015fin i\u00e7ine sokacaks\u0131n\u0131z. Halk da bu g\u00fc\u00e7 i\u00e7erisine \u00fc\u00e7l\u00fc olarak girecek. E\u011fer \u0130stanbullu deprem k\u00fclt\u00fcr\u00fcne, bilgisine bilincine bilgi ve birikimine haiz de\u011filse \u0130stanbul&#8217;u depreme asla haz\u0131rlayamazs\u0131n\u0131z. \u0130stanbul&#8217;daki insanlar\u0131m\u0131z\u0131n, e\u011fer ki deprem k\u00fclt\u00fcr\u00fc olsa, bilinci olsa, burada ka\u00e7ak g\u00f6\u00e7ek bina yap\u0131lmaz. Halk\u0131n bu i\u015fe sahip \u00e7\u0131kmas\u0131 laz\u0131m. Depreme halk sahip \u00e7\u0131kmaz, talep etmezse yerel ve merkezi y\u00f6netimlerden siz bu depremi haz\u0131rlanmay\u0131 unutun, hepimizin \u00f6mr\u00fc bu as\u0131r s\u00fcresince depremlerde on biner on biner, elli biner, elli biner g\u00f6meriz insanlar\u0131 bize. Bunu \u015faka etmiyorum. \u00c7\u00fcnk\u00fc gelecek periyodun nas\u0131l gelece\u011fi belli. \u00d6yle bir periyotta ya\u015f\u0131yoruz ki b\u00fcy\u00fck depremlerin art\u0131k olu\u015fmaya ba\u015flayaca\u011f\u0131 d\u00f6nemlere giriyoruz.\u201d diye belirtti.<\/span><\/p>\n<p><strong><span style=\"font-family: arial, helvetica, sans-serif; font-size: 14px;\">\u201c\u0130stanbul\u2019daki 7 baraj depremde \u00e7ok riskli\u201d<\/span><\/strong><br \/>\n<span style=\"font-family: arial, helvetica, sans-serif; font-size: 14px;\">\u0130stanbul\u2019daki barajlardan 7 tanesinin depremde riskli oldu\u011funu anlatan Prof. Dr. G\u00f6r\u00fcr, \u201c\u0130SK\u0130\u2019nin barajlar\u0131nda ben de hasbelkader g\u00f6rev yapt\u0131m. Teknik \u00fcniversiteden ekibe de ince sondajlarla \u00e7al\u0131\u015fma yap\u0131yorduk. 14 tane baraj\u0131n 7&#8217;si \u00e7ok tehlikeli. Yani bu depremi \u00e7\u0131kart\u0131r veya \u00e7\u0131kartmaz. Ayr\u0131ca \u0130stanbul&#8217;da en az y\u00fcz milyon ton at\u0131k \u00e7\u0131kar. At\u0131k dedi\u011fim olur. Bunun i\u00e7in de asbest de dahil, parlay\u0131c\u0131, patlay\u0131c\u0131, toksin, kimyevi maddelerin hepsi. Bunlar\u0131 \u015fimdiden, uluslararas\u0131 y\u00f6ntemlere g\u00f6re nas\u0131l bertaraf edece\u011fiz? Nas\u0131l bunlar\u0131 ortadan kald\u0131raca\u011f\u0131z? Nas\u0131l geri d\u00f6n\u00fc\u015f\u00fcme tabii tutaca\u011f\u0131n\u0131z\u0131n planlanmas\u0131 laz\u0131m.\u201d \u015feklinde konu\u015ftu.<\/span><\/p>\n","protected":false},"excerpt":{"rendered":"<p>Jeolog ve deprem uzman\u0131 Prof. Dr. Naci G\u00f6r\u00fcr, \u201cDepremde \u0130stanbul\u2019da 14 baraj\u0131n, 7&#8217;si \u00e7ok tehlikeli. Yani bu depremi \u00e7\u0131kart\u0131r veya<\/p>\n","protected":false},"author":3,"featured_media":13961,"comment_status":"open","ping_status":"open","sticky":false,"template":"","format":"standard","meta":{"colormag_page_container_layout":"default_layout","colormag_page_sidebar_layout":"default_layout","footnotes":""},"categories":[1,5],"tags":[],"class_list":["post-13959","post","type-post","status-publish","format-standard","has-post-thumbnail","hentry","category-genel","category-gundem"],"_links":{"self":[{"href":"https:\/\/marmarayerelhizmet.com\/index.php\/wp-json\/wp\/v2\/posts\/13959","targetHints":{"allow":["GET"]}}],"collection":[{"href":"https:\/\/marmarayerelhizmet.com\/index.php\/wp-json\/wp\/v2\/posts"}],"about":[{"href":"https:\/\/marmarayerelhizmet.com\/index.php\/wp-json\/wp\/v2\/types\/post"}],"author":[{"embeddable":true,"href":"https:\/\/marmarayerelhizmet.com\/index.php\/wp-json\/wp\/v2\/users\/3"}],"replies":[{"embeddable":true,"href":"https:\/\/marmarayerelhizmet.com\/index.php\/wp-json\/wp\/v2\/comments?post=13959"}],"version-history":[{"count":0,"href":"https:\/\/marmarayerelhizmet.com\/index.php\/wp-json\/wp\/v2\/posts\/13959\/revisions"}],"wp:featuredmedia":[{"embeddable":true,"href":"https:\/\/marmarayerelhizmet.com\/index.php\/wp-json\/wp\/v2\/media\/13961"}],"wp:attachment":[{"href":"https:\/\/marmarayerelhizmet.com\/index.php\/wp-json\/wp\/v2\/media?parent=13959"}],"wp:term":[{"taxonomy":"category","embeddable":true,"href":"https:\/\/marmarayerelhizmet.com\/index.php\/wp-json\/wp\/v2\/categories?post=13959"},{"taxonomy":"post_tag","embeddable":true,"href":"https:\/\/marmarayerelhizmet.com\/index.php\/wp-json\/wp\/v2\/tags?post=13959"}],"curies":[{"name":"wp","href":"https:\/\/api.w.org\/{rel}","templated":true}]}}