{"id":13946,"date":"2023-08-17T13:59:58","date_gmt":"2023-08-17T10:59:58","guid":{"rendered":"https:\/\/marmarayerelhizmet.com\/?p=13946"},"modified":"2023-08-17T14:01:08","modified_gmt":"2023-08-17T11:01:08","slug":"deprem-saatinde-anildilar","status":"publish","type":"post","link":"https:\/\/marmarayerelhizmet.com\/index.php\/2023\/08\/17\/deprem-saatinde-anildilar\/","title":{"rendered":"Deprem Saatinde An\u0131ld\u0131lar"},"content":{"rendered":"<p><strong><span style=\"font-family: arial, helvetica, sans-serif; font-size: 14px;\">Kocaeli\u2019nin G\u00f6lc\u00fck il\u00e7esinde B\u00fcy\u00fck\u00a0Marmara\u00a0Depremi\u2019nin 24. y\u0131l d\u00f6n\u00fcm\u00fcnde hayat\u0131n\u0131 kaybedenler saat 03.02\u2018de an\u0131ld\u0131.<br \/>\n<\/span><\/strong><br \/>\n<span style=\"font-family: arial, helvetica, sans-serif; font-size: 14px;\">G\u00f6lc\u00fck\u2019te 17 A\u011fustos\u00a0depreminde hayat\u0131n\u0131 kaybedenler\u00a0depremin 24. y\u0131l d\u00f6n\u00fcm\u00fcnde saat 03.02\u2019de an\u0131ld\u0131. Kavakl\u0131 Sahili\u2019nde bulunan an\u0131t \u00f6n\u00fcnde toplan\u0131ld\u0131. An\u0131t\u0131n \u00f6n\u00fcne \u00e7elenk b\u0131rakma merasimi ger\u00e7ekle\u015fmesinin ard\u0131ndan depremde hayat\u0131n\u0131 kaybeden \u015fehitler i\u00e7in dua edildi. Duan\u0131n ard\u0131nda, G\u00f6lc\u00fck Belediye Ba\u015fkan\u0131 Ali Y\u0131ld\u0131r\u0131m Sezer, \u201c17 A\u011fustos 1999 tarihinde G\u00f6lc\u00fck merkezli meydana gelen\u00a0Marmara\u00a0Depremi&#8217;nin 24. y\u0131l d\u00f6n\u00fcm\u00fcndeyiz. Aradan ge\u00e7en bunca seneye ra\u011fmen bu ak\u015fam yap\u0131lan anma t\u00f6renlerinde ve\u00a0depremin meydana geldi\u011fi saat olan 03.02\u2019de buradaki hissetmi\u015f oldu\u011fumuz aradan ge\u00e7en bunca zamana ra\u011fmen ya\u015fanan ac\u0131lar\u0131n halen canl\u0131 ve diri oldu\u011funu g\u00f6steriyor. Vatanda\u015flar\u0131m\u0131z s<\/span><span style=\"font-family: arial, helvetica, sans-serif; font-size: 14px;\">\u00fcre\u00e7 i\u00e7erisinde \u015fehir tekrar yeniden imar edilmesine ihya edilmesine ra\u011fmen kaybedenin kaybedilenlerin depremde art\u0131k hayat\u0131n\u0131 kaybeden hem\u015ferilerimizin, yak\u0131nlar\u0131m\u0131z\u0131n geri gelmeyece\u011finin bilincinde\u201d ifadelerini kulland\u0131.<br \/>\n<\/span><br \/>\n<strong><span style=\"font-family: arial, helvetica, sans-serif; font-size: 14px;\">\u201cDeprem de\u011fil sa\u011flam olmayan bina insan hayat\u0131na mal oluyor\u201d<\/span><\/strong><br \/>\n<span style=\"font-family: arial, helvetica, sans-serif; font-size: 14px;\">Merasim sonras\u0131 bas\u0131n mensuplar\u0131na a\u00e7\u0131klamalarda bulunan G\u00f6lc\u00fck Belediye Ba\u015fkan\u0131 Ali Y\u0131ld\u0131r\u0131m Sezer, Mara\u015f\u00a0depreminden etkilenen vatanda\u015flar\u0131n ne kadar zorluk ya\u015farsa ya\u015fas\u0131n toparlanabilece\u011fini, G\u00f6lc\u00fck \u00f6rne\u011fine bakmalar\u0131n\u0131 istedi. Sa\u011flam yap\u0131lar\u0131n afetlerdeki zarar\u0131 azaltaca\u011f\u0131n\u0131 belirten Sezer, \u201c6 \u015eubat tarihinde Kahramanmara\u015f merkezli depremde \u00e7ok a\u011f\u0131r bir kayba u\u011frad\u0131k. Netice itibariyle \u00f6zellikle depremden etkilenen vatanda\u015flar\u0131m\u0131z\u0131, yak\u0131nlar\u0131n\u0131 kaybeden vatanda\u015flar\u0131m\u0131za G\u00f6lc\u00fck \u00f6rne\u011fini anlatmak istiyorum. Bu kadar ge\u00e7en s\u00fcre\u00e7 i\u00e7erisinde biz de \u00e7ok b\u00fcy\u00fck s\u0131k\u0131nt\u0131lar ya\u015fad\u0131k. Zorluklar ya\u015fad\u0131k. Ancak bug\u00fcn gelece\u011fe umutla bakan, modern bir G\u00f6lc\u00fck var. Ayn\u0131 \u015fekilde bu \u015fehirlerimizde, yine devlet millet i\u015f birli\u011fiyle eski g\u00fczel g\u00fcnlerine kavu\u015facaklar. Bir tek geriye gelmeyecek olan depremde hayat\u0131n\u0131 kaybeden yak\u0131nlar\u0131 olacak. Bunun telafisi m\u00fcmk\u00fcn de\u011fil. Bunun i\u00e7in T\u00fcrkiye&#8217;de bir deprem ger\u00e7e\u011fi var 1999 y\u0131l\u0131 bir milat olmu\u015ftu. O g\u00fcnden sonra T\u00fcrkiye&#8217;nin g\u00fcndemine deprem ger\u00e7e\u011fi tam manas\u0131yla oturmu\u015ftu ancak 6 \u015eubat&#8217;ta ya\u015fad\u0131\u011f\u0131m\u0131z deprem haz\u0131rl\u0131k yap\u0131lmad\u0131\u011f\u0131 takdirde yine ayn\u0131 ac\u0131lar\u0131n yeniden ya\u015fanabildi\u011fini bize g\u00f6sterdi. Yapmam\u0131z gereken yasaya, mevzuata uygun, sa\u011flam ve zemine uygun olan binalar yapmak. Biz de G\u00f6lc\u00fck Belediyesi olarak Hatay&#8217;da g\u00f6rev yapm\u0131\u015ft\u0131k. Bu deprem sonras\u0131 ya\u015fanan arama kurtarmayla ilgili olarak zamanla yar\u0131\u015f\u0131lan s\u00fcre\u00e7leri ve ya\u015fanan di\u011fer zorluklar\u0131 ya\u015famamam\u0131z sonucu ortaya \u00e7\u0131kacak. Sa\u011flam binalar yapt\u0131\u011f\u0131m\u0131z takdirde \u015funu unutmayaca\u011f\u0131z.\u00a0Depremin de\u011fil sa\u011flam olmayan binan\u0131n insanlar\u0131n hayat\u0131na mal oldu\u011funu akl\u0131m\u0131zdan \u00e7\u0131karmamam\u0131z laz\u0131m. Ben hem 1999\u00a0depreminde hem de 6 \u015eubat tarihinde meydana gelen depremlerde hayat\u0131n\u0131 kaybeden vatanda\u015flar\u0131m\u0131za Allah&#8217;tan rahmet diliyorum. Yaralananlara acil \u015fifalar diliyorum. Geride kalanlara da sabr\u0131 cemil diliyorum. Onlara sab\u0131rlar diliyorum. Zorlu bir s\u00fcre\u00e7. Ancak metanetle az \u00f6nce de s\u00f6yledi\u011fim gibi devlet, millet i\u015f birli\u011fiyle \u00e7al\u0131\u015f\u0131l\u0131r bu s\u00fcrecin de atlat\u0131laca\u011f\u0131n\u0131 can\u0131 g\u00f6n\u00fclden inan\u0131yorum\u201d dedi.<\/span><\/p>\n","protected":false},"excerpt":{"rendered":"<p>Kocaeli\u2019nin G\u00f6lc\u00fck il\u00e7esinde B\u00fcy\u00fck\u00a0Marmara\u00a0Depremi\u2019nin 24. y\u0131l d\u00f6n\u00fcm\u00fcnde hayat\u0131n\u0131 kaybedenler saat 03.02\u2018de an\u0131ld\u0131. G\u00f6lc\u00fck\u2019te 17 A\u011fustos\u00a0depreminde hayat\u0131n\u0131 kaybedenler\u00a0depremin 24. y\u0131l d\u00f6n\u00fcm\u00fcnde<\/p>\n","protected":false},"author":3,"featured_media":13948,"comment_status":"open","ping_status":"open","sticky":false,"template":"","format":"standard","meta":{"colormag_page_container_layout":"default_layout","colormag_page_sidebar_layout":"default_layout","footnotes":""},"categories":[1,5],"tags":[],"class_list":["post-13946","post","type-post","status-publish","format-standard","has-post-thumbnail","hentry","category-genel","category-gundem"],"_links":{"self":[{"href":"https:\/\/marmarayerelhizmet.com\/index.php\/wp-json\/wp\/v2\/posts\/13946","targetHints":{"allow":["GET"]}}],"collection":[{"href":"https:\/\/marmarayerelhizmet.com\/index.php\/wp-json\/wp\/v2\/posts"}],"about":[{"href":"https:\/\/marmarayerelhizmet.com\/index.php\/wp-json\/wp\/v2\/types\/post"}],"author":[{"embeddable":true,"href":"https:\/\/marmarayerelhizmet.com\/index.php\/wp-json\/wp\/v2\/users\/3"}],"replies":[{"embeddable":true,"href":"https:\/\/marmarayerelhizmet.com\/index.php\/wp-json\/wp\/v2\/comments?post=13946"}],"version-history":[{"count":0,"href":"https:\/\/marmarayerelhizmet.com\/index.php\/wp-json\/wp\/v2\/posts\/13946\/revisions"}],"wp:featuredmedia":[{"embeddable":true,"href":"https:\/\/marmarayerelhizmet.com\/index.php\/wp-json\/wp\/v2\/media\/13948"}],"wp:attachment":[{"href":"https:\/\/marmarayerelhizmet.com\/index.php\/wp-json\/wp\/v2\/media?parent=13946"}],"wp:term":[{"taxonomy":"category","embeddable":true,"href":"https:\/\/marmarayerelhizmet.com\/index.php\/wp-json\/wp\/v2\/categories?post=13946"},{"taxonomy":"post_tag","embeddable":true,"href":"https:\/\/marmarayerelhizmet.com\/index.php\/wp-json\/wp\/v2\/tags?post=13946"}],"curies":[{"name":"wp","href":"https:\/\/api.w.org\/{rel}","templated":true}]}}