{"id":13934,"date":"2023-08-17T12:49:51","date_gmt":"2023-08-17T09:49:51","guid":{"rendered":"https:\/\/marmarayerelhizmet.com\/?p=13934"},"modified":"2023-08-17T12:49:51","modified_gmt":"2023-08-17T09:49:51","slug":"eminonunde-iett-otobusu-denize-dustu","status":"publish","type":"post","link":"https:\/\/marmarayerelhizmet.com\/index.php\/2023\/08\/17\/eminonunde-iett-otobusu-denize-dustu\/","title":{"rendered":"Emin\u00f6n\u00fc\u2019nde \u0130ETT Otob\u00fcs\u00fc Denize D\u00fc\u015ft\u00fc"},"content":{"rendered":"<p><strong><span style=\"font-family: arial, helvetica, sans-serif; font-size: 14px;\">Emin\u00f6n\u00fc\u2019ndeki \u0130ETT dura\u011f\u0131nda otob\u00fcs park halindeyken hen\u00fcz belirlenemeyen bir nedenle kayarak denize d\u00fc\u015ft\u00fc. Olay sonras\u0131 \u0130stanbul Halk Ula\u015f\u0131m Y\u00f6netim Kurulu Ba\u015fkan\u0131 Naci Ya\u011f\u0131z, \u201c Otob\u00fcs denizden \u00e7\u0131kart\u0131ld\u0131ktan sonra \u0130BB taraf\u0131ndan tak\u0131lan kamera sistemimiz var. Her \u015fey orada g\u00f6r\u00fcnecek zaten. U\u00e7aklardaki kara kutu gibi. Denize de d\u00fc\u015fse o kay\u0131tlar kaybolmuyor\u201d dedi.<br \/>\n<\/span><\/strong><br \/>\n<span style=\"font-family: arial, helvetica, sans-serif; font-size: 14px;\">A\u00e7\u0131klamalarda bulunan \u0130stanbul Halk Ula\u015f\u0131m Y\u00f6netim Kurulu Ba\u015fkan\u0131 Naci Ya\u011f\u0131z, &#8220;\u00c7ok b\u00fcy\u00fck ge\u00e7mi\u015f olsun. Arac\u0131m\u0131z \u0130stanbul Halk Ula\u015f\u0131m \u015firketine ba\u011fl\u0131. Arac\u0131m\u0131z\u0131n periyodik bak\u0131mlar\u0131 y\u0131lda 2 kez \u0130ETT Genel M\u00fcd\u00fcrl\u00fc\u011f\u00fc garaj\u0131nda yap\u0131l\u0131yor. Arac\u0131n bak\u0131m\u0131 ve eksikleri tamam. Ara\u00e7 sabah saat 07.12\u2019de Emin\u00f6n\u00fc\u2019ndeki peronuna geliyor. 07:33\u2019te de kalk\u0131\u015f saati var. Bu k\u0131sa arada \u015fof\u00f6r\u00fcm\u00fcz hen\u00fcz net olmamakla beraber otob\u00fcs\u00fcn el frenini \u00e7ekmedi\u011fini g\u00f6rd\u00fck. Ara\u00e7 \u00e7\u0131kt\u0131\u011f\u0131nda bunu daha net g\u00f6rece\u011fiz. Bundan dolay\u0131 kaynaklanan ve kalk\u0131\u015f\u0131na birka\u00e7 dakika kala \u015fof\u00f6r\u00fcm\u00fcz el kumandas\u0131 ile kap\u0131s\u0131 a\u00e7\u0131p i\u00e7erisine binmek \u00fczereyken ara\u00e7 hareket ediyor. Bir tane halk otob\u00fcs\u00fcne vurduktan sonra ara\u00e7 ba\u011f\u0131ms\u0131z hale gelerek denize d\u00fc\u015f\u00fcyor. \u00c7\u0131kart\u0131ld\u0131ktan sonra \u0130BB taraf\u0131ndan tak\u0131lan kamera sistemimiz var. Her \u015fey orada g\u00f6r\u00fcnecek zaten. Denize de d\u00fc\u015fse o kay\u0131tlar kaybolmuyor. U\u00e7aklardaki kara kutu gibi. Hepimize ge\u00e7mi\u015f olsun\u201d diye konu\u015ftu<\/span><br \/>\n<span style=\"font-family: arial, helvetica, sans-serif; font-size: 14px;\">\u00d6te yandan denize d\u00fc\u015fen \u0130ETT Otob\u00fcs\u00fcn\u00fc \u00e7\u0131karma \u00e7al\u0131\u015fmalar\u0131 devam ediyor.<\/span><\/p>\n","protected":false},"excerpt":{"rendered":"<p>Emin\u00f6n\u00fc\u2019ndeki \u0130ETT dura\u011f\u0131nda otob\u00fcs park halindeyken hen\u00fcz belirlenemeyen bir nedenle kayarak denize d\u00fc\u015ft\u00fc. Olay sonras\u0131 \u0130stanbul Halk Ula\u015f\u0131m Y\u00f6netim Kurulu<\/p>\n","protected":false},"author":3,"featured_media":13936,"comment_status":"open","ping_status":"open","sticky":false,"template":"","format":"standard","meta":{"colormag_page_container_layout":"default_layout","colormag_page_sidebar_layout":"default_layout","footnotes":""},"categories":[1,5],"tags":[],"class_list":["post-13934","post","type-post","status-publish","format-standard","has-post-thumbnail","hentry","category-genel","category-gundem"],"_links":{"self":[{"href":"https:\/\/marmarayerelhizmet.com\/index.php\/wp-json\/wp\/v2\/posts\/13934","targetHints":{"allow":["GET"]}}],"collection":[{"href":"https:\/\/marmarayerelhizmet.com\/index.php\/wp-json\/wp\/v2\/posts"}],"about":[{"href":"https:\/\/marmarayerelhizmet.com\/index.php\/wp-json\/wp\/v2\/types\/post"}],"author":[{"embeddable":true,"href":"https:\/\/marmarayerelhizmet.com\/index.php\/wp-json\/wp\/v2\/users\/3"}],"replies":[{"embeddable":true,"href":"https:\/\/marmarayerelhizmet.com\/index.php\/wp-json\/wp\/v2\/comments?post=13934"}],"version-history":[{"count":0,"href":"https:\/\/marmarayerelhizmet.com\/index.php\/wp-json\/wp\/v2\/posts\/13934\/revisions"}],"wp:featuredmedia":[{"embeddable":true,"href":"https:\/\/marmarayerelhizmet.com\/index.php\/wp-json\/wp\/v2\/media\/13936"}],"wp:attachment":[{"href":"https:\/\/marmarayerelhizmet.com\/index.php\/wp-json\/wp\/v2\/media?parent=13934"}],"wp:term":[{"taxonomy":"category","embeddable":true,"href":"https:\/\/marmarayerelhizmet.com\/index.php\/wp-json\/wp\/v2\/categories?post=13934"},{"taxonomy":"post_tag","embeddable":true,"href":"https:\/\/marmarayerelhizmet.com\/index.php\/wp-json\/wp\/v2\/tags?post=13934"}],"curies":[{"name":"wp","href":"https:\/\/api.w.org\/{rel}","templated":true}]}}