{"id":13925,"date":"2023-08-17T00:43:15","date_gmt":"2023-08-16T21:43:15","guid":{"rendered":"https:\/\/marmarayerelhizmet.com\/?p=13925"},"modified":"2023-08-17T12:45:42","modified_gmt":"2023-08-17T09:45:42","slug":"kupanin-sahibi-manchester-city","status":"publish","type":"post","link":"https:\/\/marmarayerelhizmet.com\/index.php\/2023\/08\/17\/kupanin-sahibi-manchester-city\/","title":{"rendered":"Kupan\u0131n Sahibi Manchester City"},"content":{"rendered":"<p><span style=\"font-size: 14px;\"><strong><span style=\"font-family: arial, helvetica, sans-serif;\">UEFA S\u00fcper Kupa finalinde Manchester City, normal s\u00fcresi 1-1 e\u015fitlikle sona eren ma\u00e7ta Sevilla&#8217;y\u0131 penalt\u0131 at\u0131\u015flar\u0131 sonucu 5-4 ma\u011flup ederek kupan\u0131n sahibi oldu.<br \/>\n<\/span><\/strong><\/span><br \/>\n<span style=\"font-family: arial, helvetica, sans-serif; font-size: 14px;\">UEFA \u015eampiyonlar Ligi \u015fampiyonu Manchester City ile UEFA Avrupa Ligi \u015fampiyonu Sevilla&#8217;n\u0131n kar\u015f\u0131la\u015ft\u0131\u011f\u0131 UEFA S\u00fcper Kupa Finali Yunanistan&#8217;\u0131n Atina kentinde yer alan Georgios Karaiskakis Stadyumu&#8217;nda oynand\u0131. \u0130ngiliz ekibinde sakatl\u0131klar\u0131 bulunan Kevin De Bruyne ve Bernardo Silva kar\u015f\u0131la\u015fmada yer almad\u0131. Ma\u00e7\u0131n ilk yar\u0131s\u0131nda rakip sahada pozisyonlara giren Manchester City, 25. dakikada kalesinde gol\u00fc g\u00f6rd\u00fc. Fasl\u0131 forvet Youssef En-Nesyri, ceza sahas\u0131 i\u00e7erisinde kafayla att\u0131\u011f\u0131 golle Sevilla&#8217;y\u0131 1-0 \u00f6ne ge\u00e7irdi. M\u00fccadelenin ilk yar\u0131s\u0131 bu sonu\u00e7la tamamlan\u0131rken, Manchester ekibi m\u00fccadelenin ikinci yar\u0131s\u0131nda oyun \u00fcst\u00fcnl\u00fc\u011f\u00fcn\u00fc tamamen eline ald\u0131. \u0130ngiliz ekibi, 63. dakikada 21 ya\u015f\u0131ndaki futbolcusu Cole Palmer&#8217;in gol\u00fcyle e\u015fitli\u011fi yakalad\u0131.<\/span><br \/>\n<span style=\"font-family: arial, helvetica, sans-serif; font-size: 14px;\">Sevilla&#8217;da En-Nesyri, girdi\u011fi pozisyonlarda kaleci Ederson&#8217;u ge\u00e7emezken, m\u00fcsabakan\u0131n 90 dakikas\u0131 1-1&#8217;lik e\u015fitlikle tamamland\u0131.<\/span><\/p>\n<p><span style=\"font-size: 14px;\"><strong><span style=\"font-family: arial, helvetica, sans-serif;\">\u015eampiyonu penalt\u0131lar belirledi<\/span><\/strong><\/span><br \/>\n<span style=\"font-family: arial, helvetica, sans-serif; font-size: 14px;\">Ma\u00e7 i\u00e7erisinde etkisiz bir performans g\u00f6steren Erling Haaland, penalt\u0131 at\u0131\u015f\u0131n\u0131 golle tamamlad\u0131. City&#8217;de Alvarez, Kovacic, Grealish ve Walker at\u0131\u015flar\u0131nda isabet sa\u011flarken; Sevilla&#8217;da ise Ocampos, Rafael Mir, Ivan Rakitic, Gonzalo Montiel topu filelerle bulu\u015fturdu. Son at\u0131\u015f\u0131 kullanan Nemanja Gudelj vuru\u015funda dire\u011fe tak\u0131l\u0131rken, Manchester City, rakibine 5-4&#8217;l\u00fck \u00fcst\u00fcnl\u00fck sa\u011flayarak \u015fampiyonlu\u011fa ula\u015ft\u0131.<\/span><\/p>\n<p><span style=\"font-size: 14px;\"><strong><span style=\"font-family: arial, helvetica, sans-serif;\">Guardiola rekora ortak oldu<\/span><\/strong><\/span><br \/>\n<span style=\"font-family: arial, helvetica, sans-serif; font-size: 14px;\">Kariyerinde 4. kez UEFA S\u00fcper Kupa&#8217;y\u0131 kazanan Pep Guardiola, Carlo Ancelotti&#8217;nin rekorunu egale etti. Barcelona ile 2, Bayern M\u00fcnih ile de 1 kez mutlu sona ula\u015fan \u0130spanyol teknik direkt\u00f6r, UEFA S\u00fcper Kupa \u015fampiyonlu\u011funu 4. kez elde etmeyi ba\u015fard\u0131. \u00d6te yandan, Guardiola y\u00f6netiminde Manchester City, 2022-2023 sezonunda \u015eampiyonlar Ligi&#8217;nin yan\u0131 s\u0131ra, Premier Lig ve FA Cup zaferi olmak \u00fczere sezonu 3 kupayla tamamlam\u0131\u015ft\u0131. Maviler, tarihinde ilk kez oynad\u0131\u011f\u0131 S\u00fcper Kupa finalinde \u015fampiyonluk sevinci ya\u015fad\u0131.<\/span><\/p>\n<p><span style=\"font-size: 14px;\"><strong><span style=\"font-family: arial, helvetica, sans-serif;\">Sevilla 6. kez finalde kaybetti<\/span><\/strong><\/span><br \/>\n<span style=\"font-family: arial, helvetica, sans-serif; font-size: 14px;\">Ge\u00e7ti\u011fimiz sezonun Avrupa Ligi \u015fampiyonu Sevilla, bir kez daha finalde kaybeden taraf oldu. \u0130spanyol ekibi, 2006 y\u0131l\u0131nda kazand\u0131\u011f\u0131 bu kupada, 2007, 2014, 2015, 2016 ve 2020 y\u0131llar\u0131nda finalde rakiplerine boyun e\u011ferek g\u00fcm\u00fc\u015f madalyan\u0131n sahibi oldu.<\/span><\/p>\n","protected":false},"excerpt":{"rendered":"<p>UEFA S\u00fcper Kupa finalinde Manchester City, normal s\u00fcresi 1-1 e\u015fitlikle sona eren ma\u00e7ta Sevilla&#8217;y\u0131 penalt\u0131 at\u0131\u015flar\u0131 sonucu 5-4 ma\u011flup ederek<\/p>\n","protected":false},"author":3,"featured_media":13927,"comment_status":"open","ping_status":"open","sticky":false,"template":"","format":"standard","meta":{"colormag_page_container_layout":"default_layout","colormag_page_sidebar_layout":"default_layout","footnotes":""},"categories":[1,5,9],"tags":[],"class_list":["post-13925","post","type-post","status-publish","format-standard","has-post-thumbnail","hentry","category-genel","category-gundem","category-spor"],"_links":{"self":[{"href":"https:\/\/marmarayerelhizmet.com\/index.php\/wp-json\/wp\/v2\/posts\/13925","targetHints":{"allow":["GET"]}}],"collection":[{"href":"https:\/\/marmarayerelhizmet.com\/index.php\/wp-json\/wp\/v2\/posts"}],"about":[{"href":"https:\/\/marmarayerelhizmet.com\/index.php\/wp-json\/wp\/v2\/types\/post"}],"author":[{"embeddable":true,"href":"https:\/\/marmarayerelhizmet.com\/index.php\/wp-json\/wp\/v2\/users\/3"}],"replies":[{"embeddable":true,"href":"https:\/\/marmarayerelhizmet.com\/index.php\/wp-json\/wp\/v2\/comments?post=13925"}],"version-history":[{"count":0,"href":"https:\/\/marmarayerelhizmet.com\/index.php\/wp-json\/wp\/v2\/posts\/13925\/revisions"}],"wp:featuredmedia":[{"embeddable":true,"href":"https:\/\/marmarayerelhizmet.com\/index.php\/wp-json\/wp\/v2\/media\/13927"}],"wp:attachment":[{"href":"https:\/\/marmarayerelhizmet.com\/index.php\/wp-json\/wp\/v2\/media?parent=13925"}],"wp:term":[{"taxonomy":"category","embeddable":true,"href":"https:\/\/marmarayerelhizmet.com\/index.php\/wp-json\/wp\/v2\/categories?post=13925"},{"taxonomy":"post_tag","embeddable":true,"href":"https:\/\/marmarayerelhizmet.com\/index.php\/wp-json\/wp\/v2\/tags?post=13925"}],"curies":[{"name":"wp","href":"https:\/\/api.w.org\/{rel}","templated":true}]}}