{"id":13917,"date":"2023-08-16T21:24:14","date_gmt":"2023-08-16T18:24:14","guid":{"rendered":"https:\/\/marmarayerelhizmet.com\/?p=13917"},"modified":"2023-08-16T21:24:14","modified_gmt":"2023-08-16T18:24:14","slug":"vali-sildak-veda-etti","status":"publish","type":"post","link":"https:\/\/marmarayerelhizmet.com\/index.php\/2023\/08\/16\/vali-sildak-veda-etti\/","title":{"rendered":"Vali \u015e\u0131ldak Veda Etti"},"content":{"rendered":"<p><strong><span style=\"font-family: arial, helvetica, sans-serif; font-size: 14px;\">Cumhurba\u015fkanl\u0131\u011f\u0131 Kararnamesi ile atamas\u0131 ger\u00e7ekle\u015ftirilen Vali Hasan \u015e\u0131ldak, d\u00fczenlenen t\u00f6renle yeni g\u00f6rev yeri \u015eanl\u0131urfa\u2019ya u\u011furland\u0131.<br \/>\n<\/span><\/strong><br \/>\n<span style=\"font-family: arial, helvetica, sans-serif; font-size: 14px;\">Valilik bah\u00e7esinde d\u00fczenlenen u\u011furlamaya valilik personelinin yan\u0131 s\u0131ra\u00a0Bal\u0131kesir\u2019deki sivil toplum kurulu\u015flar\u0131n\u0131n ba\u015fkan, y\u00f6netici ve \u00fcyeleri, protokol \u00fcyeleri haz\u0131r bulundu. Vali Hasan \u015e\u0131ldak, e\u015fi Fatma Nur \u015e\u0131ldak ile birlikte d\u00fczenlenen t\u00f6rende\u00a0Bal\u0131kesirlilere veda etti. \u015eanl\u0131urfa\u2019ya u\u011furlanan Vali \u015e\u0131ldak vedala\u015fma s\u0131ras\u0131nda duygu dolu anlar ya\u015fad\u0131.\u00a0Bal\u0131kesir\u2019i hi\u00e7bir zaman unutmayacaklar\u0131n\u0131 s\u00f6yleyen \u015e\u0131ldak, \u015eanl\u0131urfa\u2019da da devlete hizmet etmeye devam edece\u011fini dile getirdi.<\/span><\/p>\n<p><strong><span style=\"font-family: arial, helvetica, sans-serif; font-size: 14px;\">&#8220;T\u00fcm\u00a0Bal\u0131kesirlilere te\u015fekk\u00fcr ediyorum&#8221;<\/span><\/strong><br \/>\n<span style=\"font-family: arial, helvetica, sans-serif; font-size: 14px;\">U\u011furlama t\u00f6reninde konu\u015fan Vali \u015e\u0131ldak, g\u00f6rev s\u00fcresinde kendisine g\u00f6sterilen ilgi ve yard\u0131mdan dolay\u0131 t\u00fcm\u00a0Bal\u0131kesirlilere te\u015fekk\u00fcr etti. \u015e\u0131ldak, &#8220;Bug\u00fcn itibar\u0131yla\u00a0Bal\u0131kesir\u2019deki g\u00f6rev s\u00fcremi tamamlay\u0131p Allah\u2019\u0131n izniyle \u015eanl\u0131urfa\u2019ya do\u011fru \u015fanl\u0131 bir yolculu\u011fa \u00e7\u0131k\u0131yoruz. Say\u0131n Cumhurba\u015fkan\u0131m\u0131z\u0131n takdirleriyle burada \u00fc\u00e7 y\u0131l\u0131 a\u015fk\u0131n bir s\u00fcre dolu dolu bir g\u00f6rev s\u00fcremiz oldu. \u00c7ok g\u00fczel bir \u00e7al\u0131\u015fma ortam\u0131nda, \u00e7ok keyifli, son derece vicdan huzuruyla ayr\u0131lmam\u0131z\u0131 sa\u011flayacak \u00f6l\u00e7\u00fcde g\u00fczel i\u015flere imza atmaya \u00e7al\u0131\u015ft\u0131k. Bunu da hep birlikte yapt\u0131k. Burada bulunan, \u015fu an bizi u\u011furlamaya gelen b\u00fct\u00fcn k\u0131ymetli kurumlar\u0131m\u0131z\u0131n temsilcileri, sivil toplum kurulu\u015flar\u0131m\u0131z, vatanda\u015flar\u0131m\u0131z, siyasi partiler herkes bize destek oldu. B\u00fct\u00fcn bu \u00e7al\u0131\u015fmalar\u0131 birlikte ortaya koyduk. Ve sizler;\u00a0Bal\u0131kesir\u2019imizin \u00f6zellikle yerel medyas\u0131na ben \u00e7ok te\u015fekk\u00fcr ediyorum. Bu vesileyle b\u00fct\u00fcn vatanda\u015flar\u0131m\u0131za sizlerin vas\u0131tas\u0131yla Allaha\u0131smarlad\u0131k diyorum&#8221; ifadelerini kulland\u0131.<\/span><\/p>\n<p><strong><span style=\"font-family: arial, helvetica, sans-serif; font-size: 14px;\">&#8220;Vedalarda bir h\u00fcz\u00fcn vard\u0131r&#8221;<\/span><\/strong><br \/>\n<span style=\"font-family: arial, helvetica, sans-serif; font-size: 14px;\">Vedalarda bir h\u00fcz\u00fcn oldu\u011funu belirten Vali \u015e\u0131ldak, &#8220;Ancak bizim vedam\u0131z ayn\u0131 zamanda yeni bir ba\u015flang\u0131\u00e7. \u015eimdi bir ba\u015fka co\u011frafyada, \u00fclkemizin bir ba\u015fka g\u00fczel ve \u00f6nemli noktas\u0131nda \u015eanl\u0131urfa\u2019da, peygamberler \u015fehrinde hizmet etme onurunu ya\u015fam\u0131\u015f olaca\u011f\u0131z. Bu vesileyle haklar\u0131n\u0131z\u0131 helal edin diyorum, b\u00fct\u00fcn vatanda\u015flar\u0131m\u0131za en derin sayg\u0131lar\u0131m\u0131, sevgilerimi, bize olan tevecc\u00fchleri i\u00e7in, ho\u015fg\u00f6r\u00fcleri i\u00e7in her zaman sa\u011flad\u0131klar\u0131 yo\u011fun destek i\u00e7in te\u015fekk\u00fcrlerimi, \u015f\u00fckranlar\u0131m\u0131 sunuyorum. Onlara veda ederken\u00a0Bal\u0131kesir\u2019i, bu Kuvay\u0131 Milliye \u015fehrini hi\u00e7bir zaman unutmayaca\u011f\u0131m\u0131z\u0131, her zaman kalbimizde \u00f6zel bir yeri olaca\u011f\u0131n\u0131 ifade etmek istiyorum&#8221; diye konu\u015ftu.<\/span><br \/>\n<span style=\"font-family: arial, helvetica, sans-serif; font-size: 14px;\">Vali Hasan \u015e\u0131ldak ve e\u015fi Fatma Nur \u015e\u0131ldak konu\u015fman\u0131n ard\u0131ndan kendilerini u\u011furlamaya gelenlerle tek tek vedala\u015ft\u0131.<\/span><\/p>\n","protected":false},"excerpt":{"rendered":"<p>Cumhurba\u015fkanl\u0131\u011f\u0131 Kararnamesi ile atamas\u0131 ger\u00e7ekle\u015ftirilen Vali Hasan \u015e\u0131ldak, d\u00fczenlenen t\u00f6renle yeni g\u00f6rev yeri \u015eanl\u0131urfa\u2019ya u\u011furland\u0131. Valilik bah\u00e7esinde d\u00fczenlenen u\u011furlamaya valilik<\/p>\n","protected":false},"author":3,"featured_media":13919,"comment_status":"open","ping_status":"open","sticky":false,"template":"","format":"standard","meta":{"colormag_page_container_layout":"default_layout","colormag_page_sidebar_layout":"default_layout","footnotes":""},"categories":[1,5,8],"tags":[],"class_list":["post-13917","post","type-post","status-publish","format-standard","has-post-thumbnail","hentry","category-genel","category-gundem","category-siyaset"],"_links":{"self":[{"href":"https:\/\/marmarayerelhizmet.com\/index.php\/wp-json\/wp\/v2\/posts\/13917","targetHints":{"allow":["GET"]}}],"collection":[{"href":"https:\/\/marmarayerelhizmet.com\/index.php\/wp-json\/wp\/v2\/posts"}],"about":[{"href":"https:\/\/marmarayerelhizmet.com\/index.php\/wp-json\/wp\/v2\/types\/post"}],"author":[{"embeddable":true,"href":"https:\/\/marmarayerelhizmet.com\/index.php\/wp-json\/wp\/v2\/users\/3"}],"replies":[{"embeddable":true,"href":"https:\/\/marmarayerelhizmet.com\/index.php\/wp-json\/wp\/v2\/comments?post=13917"}],"version-history":[{"count":0,"href":"https:\/\/marmarayerelhizmet.com\/index.php\/wp-json\/wp\/v2\/posts\/13917\/revisions"}],"wp:featuredmedia":[{"embeddable":true,"href":"https:\/\/marmarayerelhizmet.com\/index.php\/wp-json\/wp\/v2\/media\/13919"}],"wp:attachment":[{"href":"https:\/\/marmarayerelhizmet.com\/index.php\/wp-json\/wp\/v2\/media?parent=13917"}],"wp:term":[{"taxonomy":"category","embeddable":true,"href":"https:\/\/marmarayerelhizmet.com\/index.php\/wp-json\/wp\/v2\/categories?post=13917"},{"taxonomy":"post_tag","embeddable":true,"href":"https:\/\/marmarayerelhizmet.com\/index.php\/wp-json\/wp\/v2\/tags?post=13917"}],"curies":[{"name":"wp","href":"https:\/\/api.w.org\/{rel}","templated":true}]}}