{"id":13913,"date":"2023-08-16T21:22:13","date_gmt":"2023-08-16T18:22:13","guid":{"rendered":"https:\/\/marmarayerelhizmet.com\/?p=13913"},"modified":"2023-08-16T21:22:13","modified_gmt":"2023-08-16T18:22:13","slug":"13913","status":"publish","type":"post","link":"https:\/\/marmarayerelhizmet.com\/index.php\/2023\/08\/16\/13913\/","title":{"rendered":""},"content":{"rendered":"<p><strong><span style=\"font-family: arial, helvetica, sans-serif; font-size: 14px;\">Sar\u0131 Hoca olarak bilinen Mehmet Ruhi Turan\u2019\u0131n vefat\u0131n\u0131n 42. y\u0131l\u0131nda Sultan Abd\u00fclhamid Han Geli\u015fim Merkezi\u2019nde bir araya gelen misafirler Sar\u0131 Hoca\u2019y\u0131 y\u00e2d etti. Alt\u0131eyl\u00fcl Belediyesi K\u00fclt\u00fcr Yay\u0131nlar\u0131 taraf\u0131ndan haz\u0131rlanan kitap Sar\u0131 Hoca\u2019n\u0131n ya\u015fam\u0131n\u0131 anlat\u0131yor.<br \/>\n<\/span><\/strong><br \/>\n<span style=\"font-family: arial, helvetica, sans-serif; font-size: 14px;\">Sar\u0131 Hocay\u0131 k\u0131saca anlatmak gerekirse; Osmanl\u0131\u2019n\u0131n son d\u00f6nemi ile Cumhuriyet\u2019in ilk d\u00f6nemine \u015fahitlik eden \u00f6nc\u00fc bir \u00e2lim. Son nefesine kadar talebe yeti\u015ftiren, okumak ve okutmaktan, \u00f6\u011frenmek ve \u00f6\u011fretmekten bir an olsun geri durmayan bir din g\u00f6revlisi. \u0130lmi ve edeb\u00ee hitab\u0131yla kitleleri kendisine hayran b\u0131rakan bir vaiz. G\u00f6n\u00fcl k\u0131rmayan, kimseyi incitmeyen, g\u00fczel huylu, g\u00fcler y\u00fczl\u00fc k\u00e2mil bir insan; Mehmet Ruhi Turan, nam\u0131di\u011fer Sar\u0131 Hoca.<\/span><br \/>\n<span style=\"font-family: arial, helvetica, sans-serif; font-size: 14px;\">Vefat\u0131n\u0131n 42. y\u0131l\u0131nda Sar\u0131 Hoca Mehmet Ruhi Turan Sultan Abd\u00fclhamid Han Geli\u015fim Merkezi&#8217;nde yap\u0131lan t\u00f6renle an\u0131ld\u0131. Kitap tan\u0131t\u0131m\u0131, s\u00f6yle\u015fi ve hat\u0131ralar\u0131n\u0131n i\u015flenip y\u00e2d edildi\u011fi etkinli\u011fe Sar\u0131 Hoca Mehmet Ruhi Turan&#8217;\u0131n o\u011flu \u015eerafettin Turan, k\u0131z\u0131 M\u00fcberra Doldur ve torunu Mehmet Ruhi Y\u0131lmaz kat\u0131l\u0131m sa\u011flad\u0131.<br \/>\n<\/span><br \/>\n<strong><span style=\"font-family: arial, helvetica, sans-serif; font-size: 14px;\">Vefat\u0131n\u0131n 42. Y\u0131l\u0131nda Sar\u0131 Hoca&#8217;n\u0131n sevenleri bir araya geldi<\/span><\/strong><br \/>\n<span style=\"font-family: arial, helvetica, sans-serif; font-size: 14px;\">Alt\u0131eyl\u00fcl Belediyesi K\u00fclt\u00fcr Yay\u0131nlar\u0131 taraf\u0131ndan bas\u0131m\u0131 yap\u0131lan &#8220;Sar\u0131 Hoca Mehmet Ruhi Turan&#8217;\u0131n kitab\u0131n\u0131n tan\u0131t\u0131m\u0131 ger\u00e7ekle\u015ftirildi. Sultan Abd\u00fclhamid Han Geli\u015fim Merkezi&#8217;nde yap\u0131lan tan\u0131t\u0131mda vefat\u0131n\u0131n 42. y\u0131l\u0131nda Sar\u0131 Hoca (Mehmet Ruhi Turan), Prof. Dr. Mehmet Bayyi\u011fit, Prof. Dr. Mehmet \u00d6zkan, Do\u00e7. Dr. Ahmet Ali \u00c7anakc\u0131; Yak\u0131nlar\u0131 \u015eerafettin Turan (o\u011flu), M\u00fcberra Doldur (K\u0131z\u0131), Mehmet Ruhi Y\u0131lmaz (Torunu), \u00f6\u011frencileri Ali Bulut ve \u0130lyas \u00c7ak\u0131r\u2019da haz\u0131r bulundu.<\/span><br \/>\n<span style=\"font-family: arial, helvetica, sans-serif; font-size: 14px;\">Sultan Abd\u00fclhamid Han Geli\u015fim Merkezi\u2019ni dolduran konuklara Sar\u0131 Hoca\u2019y\u0131 anlatmak ve g\u00fcn\u00fcm\u00fcze kadar gelen hat\u0131ralar\u0131n\u0131 ifade etmek i\u00e7in o\u011flu \u015eerafettin Turan, k\u0131z\u0131 M\u00fcberra Doldur, \u00f6\u011frencileri Ali Bulut ve \u0130lyas \u00c7ak\u0131r; Sar\u0131 Hoca\u2019n\u0131n ya\u015fam\u0131n\u0131 anlatt\u0131. Moderat\u00f6rl\u00fc\u011f\u00fcn\u00fc Prof. Dr. Mehmet Bayyi\u011fit\u2019in yapt\u0131\u011f\u0131 etkinlikte Sar\u0131 Hoca lakapl\u0131 Mehmet Ruhi Turan\u2019\u0131 kitapla\u015ft\u0131rarak Bal\u0131kesir\u2019e \u00f6nemli bir eser kazand\u0131ran ve kitab\u0131n edit\u00f6rl\u00fc\u011f\u00fcn\u00fc yapan Prof. Dr. Mehmet \u00d6zkan, Do\u00e7. Dr. Ahmet Ali \u00c7anak\u00e7\u0131\u2019ya te\u015fekk\u00fcr eden Alt\u0131eyl\u00fcl Belediye Ba\u015fkan\u0131 Hasan Avc\u0131, \u201cBug\u00fcn burada bize de\u011fer katacak bir b\u00fcy\u00fc\u011f\u00fcm\u00fcz\u00fc anman\u0131n onun i\u00e7in yap\u0131lm\u0131\u015f bu g\u00fczel eseri tan\u0131tman\u0131n mutlulu\u011funu ya\u015f\u0131yoruz. Bizlere bu de\u011ferli eseri kitapla\u015ft\u0131ran hocalar\u0131m\u0131za te\u015fekk\u00fcr ediyorum\u201d dedi.<br \/>\n<\/span><br \/>\n<strong><span style=\"font-family: arial, helvetica, sans-serif; font-size: 14px;\">Ba\u015fkan Avc\u0131: \u201cO G\u00fcn Ya\u015fanan Destanlar Bundan Sonraki Ne\u015felere aktar\u0131lmal\u0131\u201d<\/span><\/strong><br \/>\n<span style=\"font-family: arial, helvetica, sans-serif; font-size: 14px;\">Alt\u0131eyl\u00fcl Belediye Ba\u015fkan\u0131 Hasan Avc\u0131; \u201cBat\u0131l\u0131n zulm\u00fcn y\u00fcksek oldu\u011fu d\u00f6nemde sevgili Peygamberimiz d\u00fcnyay\u0131 \u015fereflendirerek \u00e2lemlerini \u00e7ok farkl\u0131 noktaya sevk ettirdi. \u0130\u015fte bizde son y\u00fcz y\u0131l\u0131 bizde b\u00f6yle ya\u015fad\u0131k. Allah demenin yasak oldu\u011fu, Kur\u2019an-\u0131 Kerim\u2019i okunan\u0131n\u0131n, okutman\u0131n yasak oldu\u011fu bir d\u00f6nemden ge\u00e7tik. Nas\u0131l devletler fetret devri fetret d\u00f6nemini ya\u015f\u0131yorsa; T\u00fcrk milleti olarak bizde fetret devri ve fetret d\u00f6nemini ya\u015fad\u0131k. O d\u00f6nemde Allah demenin yasak oldu\u011fu, \u0130slam konusunda kendini yeti\u015ftiren, \u0130slam konusunda m\u00fccadele eden \u0130slam konusunda talebeler yeti\u015ftiren kim varsa Allah onlardan raz\u0131 olsun. Sar\u0131 Hoca Hazretleri de o de\u011ferlerimizden k\u0131ymetlerimizden birisi. O m\u00fccadele verilirken o g\u00fcn ya\u015fanan destanlar bundan sonraki nesillere de aktar\u0131lmal\u0131\u201d diye konu\u015ftu.<br \/>\n<\/span><br \/>\n<strong><span style=\"font-family: arial, helvetica, sans-serif; font-size: 14px;\">Ba\u015fkan Avc\u0131: \u201cB\u00f6yle bir projede yer almaktan \u015feref duyuyorum\u201d<\/span><\/strong><br \/>\n<span style=\"font-family: arial, helvetica, sans-serif; font-size: 14px;\">Ba\u015fkan Avc\u0131 s\u00f6zlerini \u015f\u00f6yle s\u00fcrd\u00fcrd\u00fc: \u201cProf. Dr. Mehmet \u00d6zkan Hocam\u0131z ve Do\u00e7. Dr. Ahmet Ali \u00c7anak\u00e7\u0131 Hocam\u0131z, \u2018Sar\u0131 Hoca\u2019y\u0131 kitapla\u015ft\u0131r\u0131rken ciddi bir \u00e7al\u0131\u015fma yapt\u0131lar. Yap\u0131lan bu \u00e7al\u0131\u015fmayla Sar\u0131 Hoca Efendi Hazretlerini bundan sonra ki nesillere aktarma imk\u00e2n\u0131 buldular ve aktarma imk\u00e2n\u0131n\u0131 bizlere sundular. Ben Alt\u0131eyl\u00fcl Belediye Ba\u015fkan\u0131 olarak b\u00f6yle bir projenin i\u00e7erisinde yer olmaktan \u00e7ok \u015feref duyuyorum. Ge\u00e7mi\u015fte bu m\u00fccadeleyi yapm\u0131\u015f, bu m\u00fccadeleyi vermi\u015f Allah davas\u0131nda ko\u015fturmu\u015f insanlar\u0131 gelece\u011fe ta\u015f\u0131yabilmek. Gelecekte gen\u00e7lerimiz ge\u00e7mi\u015fte nas\u0131l m\u00fccadeleler yapm\u0131\u015f bunlar\u0131 okuyabilmek olmas\u0131 bizim i\u00e7in ger\u00e7ekten \u00e7ok b\u00fcy\u00fck nimet, \u00e7ok b\u00fcy\u00fck \u015fereftir, sadaka-i cariye. Bununda bir kenar\u0131nda olma f\u0131rsat\u0131 verdi\u011fi i\u00e7in Mevla\u2019ma hamd ediyorum, \u015f\u00fckrediyorum. De\u011ferli hocalar\u0131m\u0131za da bize bu teklifi getirdikleri i\u00e7in \u00e7ok te\u015fekk\u00fcr ediyorum.\u201d<\/span><\/p>\n","protected":false},"excerpt":{"rendered":"<p>Sar\u0131 Hoca olarak bilinen Mehmet Ruhi Turan\u2019\u0131n vefat\u0131n\u0131n 42. y\u0131l\u0131nda Sultan Abd\u00fclhamid Han Geli\u015fim Merkezi\u2019nde bir araya gelen misafirler Sar\u0131<\/p>\n","protected":false},"author":3,"featured_media":13915,"comment_status":"open","ping_status":"open","sticky":false,"template":"","format":"standard","meta":{"colormag_page_container_layout":"default_layout","colormag_page_sidebar_layout":"default_layout","footnotes":""},"categories":[1,5,8],"tags":[],"class_list":["post-13913","post","type-post","status-publish","format-standard","has-post-thumbnail","hentry","category-genel","category-gundem","category-siyaset"],"_links":{"self":[{"href":"https:\/\/marmarayerelhizmet.com\/index.php\/wp-json\/wp\/v2\/posts\/13913","targetHints":{"allow":["GET"]}}],"collection":[{"href":"https:\/\/marmarayerelhizmet.com\/index.php\/wp-json\/wp\/v2\/posts"}],"about":[{"href":"https:\/\/marmarayerelhizmet.com\/index.php\/wp-json\/wp\/v2\/types\/post"}],"author":[{"embeddable":true,"href":"https:\/\/marmarayerelhizmet.com\/index.php\/wp-json\/wp\/v2\/users\/3"}],"replies":[{"embeddable":true,"href":"https:\/\/marmarayerelhizmet.com\/index.php\/wp-json\/wp\/v2\/comments?post=13913"}],"version-history":[{"count":0,"href":"https:\/\/marmarayerelhizmet.com\/index.php\/wp-json\/wp\/v2\/posts\/13913\/revisions"}],"wp:featuredmedia":[{"embeddable":true,"href":"https:\/\/marmarayerelhizmet.com\/index.php\/wp-json\/wp\/v2\/media\/13915"}],"wp:attachment":[{"href":"https:\/\/marmarayerelhizmet.com\/index.php\/wp-json\/wp\/v2\/media?parent=13913"}],"wp:term":[{"taxonomy":"category","embeddable":true,"href":"https:\/\/marmarayerelhizmet.com\/index.php\/wp-json\/wp\/v2\/categories?post=13913"},{"taxonomy":"post_tag","embeddable":true,"href":"https:\/\/marmarayerelhizmet.com\/index.php\/wp-json\/wp\/v2\/tags?post=13913"}],"curies":[{"name":"wp","href":"https:\/\/api.w.org\/{rel}","templated":true}]}}