{"id":13909,"date":"2023-08-16T13:49:28","date_gmt":"2023-08-16T10:49:28","guid":{"rendered":"https:\/\/marmarayerelhizmet.com\/?p=13909"},"modified":"2023-08-16T13:49:28","modified_gmt":"2023-08-16T10:49:28","slug":"16-bin-500-konut-acil-donusturulmeli","status":"publish","type":"post","link":"https:\/\/marmarayerelhizmet.com\/index.php\/2023\/08\/16\/16-bin-500-konut-acil-donusturulmeli\/","title":{"rendered":"&#8217;16 Bin 500 Konut Acil D\u00f6n\u00fc\u015ft\u00fcr\u00fclmeli&#8217;"},"content":{"rendered":"<p><strong><span style=\"font-family: arial, helvetica, sans-serif; font-size: 14px;\">Esenler Belediye Ba\u015fkan\u0131 Mehmet Tevfik G\u00f6ksu, 17 A\u011fustos Marmara Depremi\u2019nin 24\u2019nc\u00fc y\u0131l d\u00f6n\u00fcm\u00fc dolay\u0131s\u0131yla bas\u0131n mensuplar\u0131yla bir araya geldi. \u0130l\u00e7edeki kentsel d\u00f6n\u00fc\u015f\u00fcm hakk\u0131nda konu\u015fan G\u00f6ksu, \u201cAcil d\u00f6n\u00fc\u015ft\u00fcrmemiz gereken 16 bin 500 konut var, kentsel d\u00f6n\u00fc\u015f\u00fcme kar\u015f\u0131 a\u00e7\u0131lan bin 537 davan\u0131n y\u00fczde 60\u2019\u0131 CHP, \u0130BB (\u0130stanbul B\u00fcy\u00fck\u015fehir Belediyesi) ve \u015fehir planc\u0131lar\u0131 taraf\u0131ndan a\u00e7\u0131ld\u0131\u201d dedi.<br \/>\n<\/span><\/strong><br \/>\n<span style=\"font-family: arial, helvetica, sans-serif; font-size: 14px;\">17 A\u011fustos&#8217;un 24&#8217;\u00fcnc\u00fc y\u0131l d\u00f6n\u00fcm\u00fcnde, Esenler Belediye Ba\u015fkan\u0131 Mehmet Tevfik G\u00f6ksu, il\u00e7edeki kentsel d\u00f6n\u00fc\u015f\u00fcm \u00e7al\u0131\u015fmas\u0131 ile deprem haz\u0131rl\u0131klar\u0131 hakk\u0131nda kahvalt\u0131l\u0131 bir bas\u0131n toplant\u0131s\u0131 d\u00fczenledi. Esenler Millet Bah\u00e7esindeki toplant\u0131ya bas\u0131n mensuplar\u0131, belediye birim m\u00fcd\u00fcrleri ile davetliler kat\u0131ld\u0131. Belediye Ba\u015fkan\u0131 G\u00f6ksu, a\u00e7\u0131klaman\u0131n ard\u0131ndan yap\u0131lan kentsel d\u00f6n\u00fc\u015f\u00fcm \u00e7al\u0131\u015fmalar\u0131n\u0131 bas\u0131n mensuplar\u0131yla birlikte yerinde inceledi.<\/span><\/p>\n<p><strong><span style=\"font-family: arial, helvetica, sans-serif; font-size: 14px;\">\u201c6 \u015eubat Depreminde ba\u015fvurular yo\u011funla\u015ft\u0131 ancak \u015fimdi \u00e7ok d\u00fc\u015ft\u00fc\u201d<\/span><\/strong><br \/>\n<span style=\"font-family: arial, helvetica, sans-serif; font-size: 14px;\">6 \u015eubat Depreminin hemen ard\u0131ndan binlerce ki\u015finin ba\u015fvurdu\u011fu ancak \u015fu anda ba\u015fvurunun \u00e7ok azald\u0131\u011f\u0131n\u0131 ifade eden Ba\u015fkan G\u00f6ksu, \u201cVan Depreminden sonra T\u00fcrkiye\u2019de kentsel d\u00f6n\u00fc\u015f\u00fcm ile ilgili \u00e7ok \u00f6nemli bir s\u00fcre\u00e7 ba\u015flad\u0131. Bu s\u00fcre\u00e7 ba\u015flad\u0131ktan sonra ilk b\u00fcy\u00fck hamleyi ve \u00f6nemli katk\u0131y\u0131 veren belediyelerden bir tanesi olduk. O d\u00f6nemde \u00e7ok b\u00fcy\u00fck \u00e7al\u0131\u015fmalar yapt\u0131k, evet \u00e7ok b\u00fcy\u00fck siyasi spek\u00fclasyonlar oldu. Kentsel d\u00f6n\u00fc\u015f\u00fcm yapmak \u00e7ok zor bir \u015fey. \u00d6rne\u011fin 6 \u015eubat Kahramanmara\u015f Depreminden sonra zannediyorum bizim belediyemize g\u00fcnl\u00fck m\u00fcracaat y\u00fczlerle de\u011fil, binlerle ifade ediliyordu, gelin evimizi kontrol edin, bizim eve de bak\u0131n. Fakat 6 \u015eubat gittikten sonra bu binler de\u011fil, 10\u2019lar\u0131n da alt\u0131na d\u00fc\u015ft\u00fc\u201d dedi.<\/span><\/p>\n<p><strong><span style=\"font-family: arial, helvetica, sans-serif; font-size: 14px;\">\u201cKentsel d\u00f6n\u00fc\u015f\u00fcm siyaset \u00fcst\u00fc bir mesele\u201d<\/span><\/strong><br \/>\n<span style=\"font-family: arial, helvetica, sans-serif; font-size: 14px;\">Kentsel d\u00f6n\u00fc\u015f\u00fcm\u00fcn siyaset \u00fcst\u00fc oldu\u011funu belirten Esenler Belediye Ba\u015fkan\u0131 G\u00f6ksu, \u201c\u00d6yle spek\u00fclasyonlar yap\u0131l\u0131yor ki, ya bir bak\u0131n buradaki milletin faydas\u0131na m\u0131 de\u011fil mi? \u2018Kentsel d\u00f6n\u00fc\u015f\u00fcm de\u011fil, rantsal d\u00f6n\u00fc\u015f\u00fcm,\u2019 nedir rantsal d\u00f6n\u00fc\u015f\u00fcm? Bir tane \u00f6rnek yap\u0131n da g\u00f6relim elinizde yetki var. Cumhuriyet Halk Partili \u0130stanbul B\u00fcy\u00fck\u015fehir Belediyesi Ey\u00fcpsultan\u2019da bir kentsel d\u00f6n\u00fc\u015f\u00fcm yap\u0131yor, 192 konut d\u00f6n\u00fc\u015ft\u00fcr\u00fcyor. 192 konutun d\u00f6n\u00fc\u015ft\u00fcrd\u00fc\u011f\u00fc yere 664 konut yap\u0131yor, 192 konuta kar\u015f\u0131 664 konut yap\u0131yor, bu kentsel d\u00f6n\u00fc\u015f\u00fcm oluyor. 192 hak sahibine gidiyor, geriye kalanlar m\u00fcteahhit ile K\u0130PTA\u015e\u2019a gidiyor. Bu \u2018rantsal d\u00f6n\u00fc\u015f\u00fcm olmuyor,\u2019 \u2018kentsel d\u00f6n\u00fc\u015f\u00fcm\u2019 oluyor. Beyo\u011flu Belediyesi 937 konut y\u0131kt\u0131, 937 konut yap\u0131yor \u2018rantsal d\u00f6n\u00fc\u015f\u00fcm\u2019 oluyor. Yapmay\u0131n, insanlar\u0131n hayat\u0131 sizin rozetinizden binlerce kat de\u011fil, katla \u00f6l\u00e7\u00fclmeyecek kadar daha \u00f6nemlidir\u201d diye konu\u015ftu.<\/span><\/p>\n<p><strong><span style=\"font-family: arial, helvetica, sans-serif; font-size: 14px;\">\u201cKentsel d\u00f6n\u00fc\u015f\u00fcme kar\u015f\u0131 a\u00e7\u0131lan davalar\u0131n y\u00fczde 60\u2019\u0131 CHP ve \u0130BB taraf\u0131ndan a\u00e7\u0131ld\u0131\u201d<\/span><\/strong><br \/>\n<span style=\"font-family: arial, helvetica, sans-serif; font-size: 14px;\">\u0130stanbul\u2019daki kentsel d\u00f6n\u00fc\u015f\u00fcm\u00fcn durdurulmas\u0131 i\u00e7in a\u00e7\u0131lan davalar\u0131n yakla\u015f\u0131k y\u00fczde 60\u2019n\u0131n \u0130BB ve CHP taraf\u0131ndan a\u00e7\u0131ld\u0131\u011f\u0131n\u0131 anlatan Ba\u015fkan G\u00f6ksu, \u2018\u0130stanbul\u2019da kentsel d\u00f6n\u00fc\u015f\u00fcm projelerine bin 537 dava a\u00e7\u0131lm\u0131\u015f. Bin 537 davan\u0131n yakla\u015f\u0131k y\u00fczde 60\u2019\u0131 Cumhuriyet Halk Partisi (CHP), \u0130stanbul B\u00fcy\u00fck\u015fehir Belediyesi ve \u015fehir planc\u0131lar\u0131 taraf\u0131ndan a\u00e7\u0131lm\u0131\u015f. Yapt\u0131\u011f\u0131m\u0131z en b\u00fcy\u00fck kentsel d\u00f6n\u00fc\u015f\u00fcm projesinin durdurulmas\u0131 i\u00e7in \u0130BB, CHP ve \u015fehir planc\u0131lar\u0131 tam 12 tane dava a\u00e7\u0131lm\u0131\u015f. S\u0131rf siyasi manip\u00fclasyon i\u00e7in bunu yapman\u0131n ne siyasete ne insanl\u0131\u011fa faydas\u0131 var\u201d diye anlatt\u0131.<\/span><\/p>\n<p><strong><span style=\"font-family: arial, helvetica, sans-serif; font-size: 14px;\">\u201c\u0130l\u00e7ede acil d\u00f6n\u00fc\u015fmesi gereken 16 bin 500 konut var\u201d<\/span><\/strong><br \/>\n<span style=\"font-family: arial, helvetica, sans-serif; font-size: 14px;\">Esenler\u2019de 90 konuttan 60 binin d\u00f6n\u00fc\u015ft\u00fcr\u00fcld\u00fc\u011f\u00fcn\u00fc anlatan Ba\u015fkan G\u00f6ksu, \u015fu anda da 16 bin 500 konutun acil d\u00f6n\u00fc\u015ft\u00fcr\u00fclmesi gerekti\u011fini belirterek, \u201c\u015eimdi h\u0131zl\u0131 bir \u015fekilde d\u00f6n\u00fc\u015feme devam ediyoruz. En acil d\u00f6n\u00fc\u015ft\u00fcrmemiz gereken 16 bin 500 konutumuz var, bunlar donat\u0131 alanlar\u0131 \u00fczerinde, bunlar donat\u0131 alanlar\u0131 \u00fczerinde oldu\u011fu i\u00e7in bunlar\u0131 kendileri d\u00f6n\u00fc\u015ft\u00fcrme imkan\u0131na sahip de\u011filler. Yani kendisi y\u0131ksa da yerine yapam\u0131yor, en acili bunlar\u0131 d\u00f6n\u00fc\u015ft\u00fcrmek. Bunlar\u0131 da sadece bir y\u0131l i\u00e7inde ta\u015f\u0131y\u0131p, d\u00f6n\u00fc\u015ft\u00fcrece\u011fiz. \u015eu an Esenler\u2019de ne nerde, mahalle mahalle sokak sokak neresi d\u00f6n\u00fc\u015fecek hepsi belli. 16 bin 500 konut nerde ve ne zaman d\u00f6n\u00fc\u015fecek, hepsi belli. Bunlar\u0131n i\u00e7inde 10 bin 486 konut sahibi bizimle s\u00f6zle\u015fmesini imzalam\u0131\u015f ve devam ediyor\u201d diye belirtti.<\/span><br \/>\n<span style=\"font-family: arial, helvetica, sans-serif; font-size: 14px;\">Ba\u015fkan G\u00f6ksu, konu\u015fmas\u0131n\u0131n ard\u0131ndan kentsel d\u00f6n\u00fc\u015f\u00fcm\u00fcn yap\u0131ld\u0131\u011f\u0131 alana giderek bas\u0131n mensuplar\u0131yla inceleme yapt\u0131.<\/span><\/p>\n","protected":false},"excerpt":{"rendered":"<p>Esenler Belediye Ba\u015fkan\u0131 Mehmet Tevfik G\u00f6ksu, 17 A\u011fustos Marmara Depremi\u2019nin 24\u2019nc\u00fc y\u0131l d\u00f6n\u00fcm\u00fc dolay\u0131s\u0131yla bas\u0131n mensuplar\u0131yla bir araya geldi. \u0130l\u00e7edeki<\/p>\n","protected":false},"author":3,"featured_media":13911,"comment_status":"open","ping_status":"open","sticky":false,"template":"","format":"standard","meta":{"colormag_page_container_layout":"default_layout","colormag_page_sidebar_layout":"default_layout","footnotes":""},"categories":[1,5,8],"tags":[],"class_list":["post-13909","post","type-post","status-publish","format-standard","has-post-thumbnail","hentry","category-genel","category-gundem","category-siyaset"],"_links":{"self":[{"href":"https:\/\/marmarayerelhizmet.com\/index.php\/wp-json\/wp\/v2\/posts\/13909","targetHints":{"allow":["GET"]}}],"collection":[{"href":"https:\/\/marmarayerelhizmet.com\/index.php\/wp-json\/wp\/v2\/posts"}],"about":[{"href":"https:\/\/marmarayerelhizmet.com\/index.php\/wp-json\/wp\/v2\/types\/post"}],"author":[{"embeddable":true,"href":"https:\/\/marmarayerelhizmet.com\/index.php\/wp-json\/wp\/v2\/users\/3"}],"replies":[{"embeddable":true,"href":"https:\/\/marmarayerelhizmet.com\/index.php\/wp-json\/wp\/v2\/comments?post=13909"}],"version-history":[{"count":0,"href":"https:\/\/marmarayerelhizmet.com\/index.php\/wp-json\/wp\/v2\/posts\/13909\/revisions"}],"wp:featuredmedia":[{"embeddable":true,"href":"https:\/\/marmarayerelhizmet.com\/index.php\/wp-json\/wp\/v2\/media\/13911"}],"wp:attachment":[{"href":"https:\/\/marmarayerelhizmet.com\/index.php\/wp-json\/wp\/v2\/media?parent=13909"}],"wp:term":[{"taxonomy":"category","embeddable":true,"href":"https:\/\/marmarayerelhizmet.com\/index.php\/wp-json\/wp\/v2\/categories?post=13909"},{"taxonomy":"post_tag","embeddable":true,"href":"https:\/\/marmarayerelhizmet.com\/index.php\/wp-json\/wp\/v2\/tags?post=13909"}],"curies":[{"name":"wp","href":"https:\/\/api.w.org\/{rel}","templated":true}]}}