{"id":13900,"date":"2023-08-16T11:53:58","date_gmt":"2023-08-16T08:53:58","guid":{"rendered":"https:\/\/marmarayerelhizmet.com\/?p=13900"},"modified":"2023-08-16T11:53:58","modified_gmt":"2023-08-16T08:53:58","slug":"tulutabaklarin-hikayesi-sinemaya-aktarilacak","status":"publish","type":"post","link":"https:\/\/marmarayerelhizmet.com\/index.php\/2023\/08\/16\/tulutabaklarin-hikayesi-sinemaya-aktarilacak\/","title":{"rendered":"T\u00fcl\u00fctabaklar\u0131n Hikayesi Sinemaya Aktar\u0131lacak"},"content":{"rendered":"<p><strong><span style=\"font-family: arial, helvetica, sans-serif; font-size: 14px;\">Kurtulu\u015f Sava\u015f\u0131 d\u00f6neminde Bal\u0131kesir ve b\u00f6lgesinde d\u00fc\u015fman\u0131n korkulu r\u00fcyas\u0131 haline gelen t\u00fcl\u00fctabaklar\u0131n hikayesi beyaz perdeye aktar\u0131lacak. Koyun postu giyip, at kuyru\u011fundan b\u0131y\u0131k takan; baca kurumu ile kendilerini siyaha boyay\u0131p ellerine ald\u0131klar\u0131 \u00e7an ve sopalarla kendilerine do\u011fa \u00fcst\u00fc bir varl\u0131k s\u00fcs\u00fc vererek d\u00fc\u015fmana korku salan t\u00fcl\u00fctabaklar i\u00e7in Bal\u0131kesir ve il\u00e7elerinde setler kurulacak, efsanevi hikaye seyirci ile bulu\u015facak.<br \/>\n<\/span><\/strong><br \/>\n<span style=\"font-family: arial, helvetica, sans-serif; font-size: 14px;\">Bal\u0131kesir&#8217;in kurtulu\u015f tarihi olan 6 Eyl\u00fcl&#8217;de kurtulu\u015f \u015fenliklerinde ortaya \u00e7\u0131kan t\u00fcl\u00fctabaklar\u0131n hikayesi sinema filmi olacak. Milli m\u00fccadelenin simgesel \u015fehri Bal\u0131kesir ile \u00f6zde\u015fle\u015fen t\u00fcl\u00fctabaklar i\u00e7in Bal\u0131kesir&#8217;in \u00e7e\u015fitli noktalar\u0131nda film i\u00e7in setler kurulacak ve \u00fcnl\u00fc oyuncular filmde yer alacak. \u0130\u015fgal y\u0131llar\u0131nda Bal\u0131kesir ve \u00e7evresinde y\u00fczlerini baca kurumu ile boyay\u0131p, \u00fcstlerine hayvan derisi giydikleri ve d\u00fc\u015fman birliklerini korkutup, ka\u00e7\u0131rd\u0131klar\u0131na inan\u0131lan t\u00fcl\u00fctabaklar, sinemaseverler ile bulu\u015facak. \u00d6zellikle Bal\u0131kesir&#8217;in her y\u0131l 6 Eyl\u00fcl\u2019de ger\u00e7ekle\u015fen kurtulu\u015f y\u0131l d\u00f6n\u00fcmlerinde ortaya \u00e7\u0131kan ve vatanda\u015flar\u0131 korkutan t\u00fcl\u00fctabaklar Bal\u0131kesir&#8217;in de tan\u0131t\u0131m\u0131na katk\u0131 sa\u011flayacak.<\/span><br \/>\n<span style=\"font-family: arial, helvetica, sans-serif; font-size: 14px;\">\u00dcnl\u00fc bir\u00e7ok ismin yer alaca\u011f\u0131 proje i\u00e7in saha \u00e7al\u0131\u015fmalar\u0131 devam ederken, \u00e7ekimlerin 2024 y\u0131l\u0131nda yap\u0131laca\u011f\u0131 \u00f6\u011frenildi. Filmin senaryosunu \u0130smail Doruk&#8217;un kaleme ald\u0131\u011f\u0131 \u00f6\u011frenilirken, y\u00f6netmenlik koltu\u011funda Aytekin Birkon&#8217;un oturaca\u011f\u0131 kaydedildi.<\/span><\/p>\n","protected":false},"excerpt":{"rendered":"<p>Kurtulu\u015f Sava\u015f\u0131 d\u00f6neminde Bal\u0131kesir ve b\u00f6lgesinde d\u00fc\u015fman\u0131n korkulu r\u00fcyas\u0131 haline gelen t\u00fcl\u00fctabaklar\u0131n hikayesi beyaz perdeye aktar\u0131lacak. Koyun postu giyip, at<\/p>\n","protected":false},"author":3,"featured_media":13902,"comment_status":"open","ping_status":"open","sticky":false,"template":"","format":"standard","meta":{"colormag_page_container_layout":"default_layout","colormag_page_sidebar_layout":"default_layout","footnotes":""},"categories":[1,5],"tags":[],"class_list":["post-13900","post","type-post","status-publish","format-standard","has-post-thumbnail","hentry","category-genel","category-gundem"],"_links":{"self":[{"href":"https:\/\/marmarayerelhizmet.com\/index.php\/wp-json\/wp\/v2\/posts\/13900","targetHints":{"allow":["GET"]}}],"collection":[{"href":"https:\/\/marmarayerelhizmet.com\/index.php\/wp-json\/wp\/v2\/posts"}],"about":[{"href":"https:\/\/marmarayerelhizmet.com\/index.php\/wp-json\/wp\/v2\/types\/post"}],"author":[{"embeddable":true,"href":"https:\/\/marmarayerelhizmet.com\/index.php\/wp-json\/wp\/v2\/users\/3"}],"replies":[{"embeddable":true,"href":"https:\/\/marmarayerelhizmet.com\/index.php\/wp-json\/wp\/v2\/comments?post=13900"}],"version-history":[{"count":0,"href":"https:\/\/marmarayerelhizmet.com\/index.php\/wp-json\/wp\/v2\/posts\/13900\/revisions"}],"wp:featuredmedia":[{"embeddable":true,"href":"https:\/\/marmarayerelhizmet.com\/index.php\/wp-json\/wp\/v2\/media\/13902"}],"wp:attachment":[{"href":"https:\/\/marmarayerelhizmet.com\/index.php\/wp-json\/wp\/v2\/media?parent=13900"}],"wp:term":[{"taxonomy":"category","embeddable":true,"href":"https:\/\/marmarayerelhizmet.com\/index.php\/wp-json\/wp\/v2\/categories?post=13900"},{"taxonomy":"post_tag","embeddable":true,"href":"https:\/\/marmarayerelhizmet.com\/index.php\/wp-json\/wp\/v2\/tags?post=13900"}],"curies":[{"name":"wp","href":"https:\/\/api.w.org\/{rel}","templated":true}]}}