{"id":13896,"date":"2023-08-16T11:52:15","date_gmt":"2023-08-16T08:52:15","guid":{"rendered":"https:\/\/marmarayerelhizmet.com\/?p=13896"},"modified":"2023-08-16T11:52:15","modified_gmt":"2023-08-16T08:52:15","slug":"czn-buraka-hapis-talebi","status":"publish","type":"post","link":"https:\/\/marmarayerelhizmet.com\/index.php\/2023\/08\/16\/czn-buraka-hapis-talebi\/","title":{"rendered":"CZN Burak&#8217;a Hapis Talebi"},"content":{"rendered":"<p><strong><span style=\"font-family: arial, helvetica, sans-serif; font-size: 14px;\">CZN Burak lakapl\u0131 Burak \u00d6zdemir ile babas\u0131na, \u2018Kentsel Sit Alan\u0131\u2019 i\u00e7erisinde bulunan yerde izinsiz in\u015faat yapt\u0131rd\u0131klar\u0131 iddias\u0131yla 5\u2019er y\u0131la kadar hapis talebiyle dava a\u00e7\u0131ld\u0131. Davan\u0131n ilk duru\u015fmas\u0131na Burak \u00d6zdemir kat\u0131lmazken, baba \u0130smail \u00d6zdemir savunmas\u0131nda, \u2018\u2019S\u00f6z konusu ta\u015f\u0131nmazda basit tadilatta bulundum, \u00fczerime at\u0131l\u0131 su\u00e7lamay\u0131 kabul etmiyorum\u2019\u2019 dedi.<br \/>\n<\/span><\/strong><br \/>\n<span style=\"font-family: arial, helvetica, sans-serif; font-size: 14px;\">\u0130stanbul\u2019da CZN Burak lakab\u0131yla tan\u0131nan fenomen i\u015fletmeci Muhammed Burak \u00d6zdemir ile babas\u0131 \u0130smail \u00d6zdemir\u2019in, \u2018Kentsel Sit Alan\u0131\u2019 i\u00e7erisinde bulunan yerde izinsiz in\u015faat yapt\u0131rd\u0131klar\u0131 iddias\u0131yla 5\u2019er y\u0131la kadar hapis talebiyle yarg\u0131lanmas\u0131na ba\u015fland\u0131. \u0130stanbul Asliye Ceza Mahkemesi\u2019nde g\u00f6r\u00fclen ilk duru\u015fmada tutuksuz san\u0131k \u0130smail \u00d6zdemir ile san\u0131k avukatlar\u0131 haz\u0131r bulundu. Duru\u015fmada Muhammed Burak \u00d6zdemir\u2019i ise avukat\u0131 temsil etti.<\/span><\/p>\n<p><strong><span style=\"font-family: arial, helvetica, sans-serif; font-size: 14px;\">&#8220;S\u00f6z konusu ta\u015f\u0131nmazda basit tadilatta bulundum&#8221;<\/span><\/strong><br \/>\n<span style=\"font-family: arial, helvetica, sans-serif; font-size: 14px;\">Duru\u015fmada savunma yapan san\u0131k \u0130smail \u00d6zdemir, s\u00f6z konusu ta\u015f\u0131nmaz\u0131n kendisine ait oldu\u011funu s\u00f6yleyerek, &#8220;S\u00f6z konusu ta\u015f\u0131nmazda basit tadilatta bulundum. Basit tadilat i\u015flemi i\u00e7in de belediyeden izin ald\u0131m. K\u00fclt\u00fcr ve Tabiat Varl\u0131klar\u0131 Koruma B\u00f6lge Kurulu\u2019ndan izin al\u0131nacak bir durum yoktur, bu nedenle izin almad\u0131m. \u00dczerime at\u0131l\u0131 su\u00e7lamay\u0131 kabul etmiyorum&#8221; dedi ve beraat\u0131n\u0131 talep etti.<\/span><br \/>\n<span style=\"font-family: arial, helvetica, sans-serif; font-size: 14px;\">San\u0131k Burak \u00d6zdemir\u2019in avukat\u0131 ise m\u00fcvekkilini yurt d\u0131\u015f\u0131nda oldu\u011fu i\u00e7in haz\u0131r edemedi\u011fini, ke\u015fif talebinin oldu\u011funu ve at\u0131l\u0131 su\u00e7u kabul etmediklerini s\u00f6yledi.<\/span><br \/>\n<span style=\"font-family: arial, helvetica, sans-serif; font-size: 14px;\">Duru\u015fmada g\u00f6r\u00fc\u015f\u00fc sorulan Cumhuriyet Savc\u0131s\u0131, eksik hususlar\u0131n giderilmesini talep etti.<\/span><br \/>\n<span style=\"font-family: arial, helvetica, sans-serif; font-size: 14px;\">Ara karar\u0131n\u0131 a\u00e7\u0131klayan mahkeme, san\u0131k Muhammed Burak \u00d6zdemir\u2019in avukat\u0131na m\u00fcvekkilini haz\u0131r etmesi i\u00e7in s\u00fcre verilmesine, K\u00fclt\u00fcr ve Turizm Bakanl\u0131\u011f\u0131\u2019n\u0131n kat\u0131lma talebinin de kabul\u00fcne ve eksik hususlar\u0131n giderilmesine h\u00fckmederek duru\u015fmay\u0131 erteledi.<\/span><\/p>\n<p><strong><span style=\"font-family: arial, helvetica, sans-serif; font-size: 14px;\">\u0130ddianameden<\/span><\/strong><br \/>\n<span style=\"font-family: arial, helvetica, sans-serif; font-size: 14px;\">\u0130stanbul Cumhuriyet Ba\u015fsavc\u0131l\u0131\u011f\u0131\u2019nca haz\u0131rlanan iddianamede, izinsiz in\u015faat faaliyeti yap\u0131ld\u0131\u011f\u0131na dair ihbar gelmesinin \u00fczerine \u015fikayete konu alana girilemedi\u011fi, d\u0131\u015far\u0131dan yap\u0131lan incelemede yap\u0131n\u0131n in\u015faat halinde ve uygulaman\u0131n hen\u00fcz bitirilmemi\u015f oldu\u011funun tespit edildi\u011fi kaydedildi.<\/span><br \/>\n<span style=\"font-family: arial, helvetica, sans-serif; font-size: 14px;\">Alanda yap\u0131lan \u00e7al\u0131\u015fmalara ili\u015fkin izin belgesine rastlanmad\u0131\u011f\u0131n\u0131n da belirtildi\u011fi iddianamede, s\u00f6z konusu ihbara ili\u015fkin kentsel sit alan\u0131 ve korunmas\u0131 gerekli k\u00fclt\u00fcr varl\u0131\u011f\u0131 yap\u0131 kom\u015fulu\u011funda bulunan s\u00f6z konusu ta\u015f\u0131nmazda, Kurul izni al\u0131nmadan yap\u0131lan 2019 y\u0131l\u0131 g\u00f6r\u00fcn\u00fcm\u00fcnden farkl\u0131la\u015fan uygulamalara dair ilgilileri hakk\u0131nda su\u00e7 duyurusunda bulunulmas\u0131 \u00fczerine \u015f\u00fcpheliler hakk\u0131nda soru\u015fturmaya ba\u015fland\u0131\u011f\u0131 da belirtildi.<\/span><br \/>\n<span style=\"font-family: arial, helvetica, sans-serif; font-size: 14px;\">Haz\u0131rlanan iddianamede \u015f\u00fcpheliler Muhammed Burak \u00d6zdemir ve \u0130smail \u00d6zdemir\u2019in &#8220;2863 say\u0131l\u0131 K\u00fclt\u00fcr ve Tabiat Varl\u0131klar\u0131n\u0131 Koruma Kanunu\u2019na muhalefet&#8221; su\u00e7undan 2\u2019\u015fer y\u0131ldan 5\u2019er y\u0131la kadar hapis cezas\u0131na \u00e7arpt\u0131r\u0131lmas\u0131 talep edildi.<\/span><\/p>\n","protected":false},"excerpt":{"rendered":"<p>CZN Burak lakapl\u0131 Burak \u00d6zdemir ile babas\u0131na, \u2018Kentsel Sit Alan\u0131\u2019 i\u00e7erisinde bulunan yerde izinsiz in\u015faat yapt\u0131rd\u0131klar\u0131 iddias\u0131yla 5\u2019er y\u0131la kadar<\/p>\n","protected":false},"author":3,"featured_media":13898,"comment_status":"open","ping_status":"open","sticky":false,"template":"","format":"standard","meta":{"colormag_page_container_layout":"default_layout","colormag_page_sidebar_layout":"default_layout","footnotes":""},"categories":[1,5],"tags":[],"class_list":["post-13896","post","type-post","status-publish","format-standard","has-post-thumbnail","hentry","category-genel","category-gundem"],"_links":{"self":[{"href":"https:\/\/marmarayerelhizmet.com\/index.php\/wp-json\/wp\/v2\/posts\/13896","targetHints":{"allow":["GET"]}}],"collection":[{"href":"https:\/\/marmarayerelhizmet.com\/index.php\/wp-json\/wp\/v2\/posts"}],"about":[{"href":"https:\/\/marmarayerelhizmet.com\/index.php\/wp-json\/wp\/v2\/types\/post"}],"author":[{"embeddable":true,"href":"https:\/\/marmarayerelhizmet.com\/index.php\/wp-json\/wp\/v2\/users\/3"}],"replies":[{"embeddable":true,"href":"https:\/\/marmarayerelhizmet.com\/index.php\/wp-json\/wp\/v2\/comments?post=13896"}],"version-history":[{"count":0,"href":"https:\/\/marmarayerelhizmet.com\/index.php\/wp-json\/wp\/v2\/posts\/13896\/revisions"}],"wp:featuredmedia":[{"embeddable":true,"href":"https:\/\/marmarayerelhizmet.com\/index.php\/wp-json\/wp\/v2\/media\/13898"}],"wp:attachment":[{"href":"https:\/\/marmarayerelhizmet.com\/index.php\/wp-json\/wp\/v2\/media?parent=13896"}],"wp:term":[{"taxonomy":"category","embeddable":true,"href":"https:\/\/marmarayerelhizmet.com\/index.php\/wp-json\/wp\/v2\/categories?post=13896"},{"taxonomy":"post_tag","embeddable":true,"href":"https:\/\/marmarayerelhizmet.com\/index.php\/wp-json\/wp\/v2\/tags?post=13896"}],"curies":[{"name":"wp","href":"https:\/\/api.w.org\/{rel}","templated":true}]}}