{"id":13892,"date":"2023-08-16T11:49:41","date_gmt":"2023-08-16T08:49:41","guid":{"rendered":"https:\/\/marmarayerelhizmet.com\/?p=13892"},"modified":"2023-08-16T11:49:41","modified_gmt":"2023-08-16T08:49:41","slug":"atik-kumaslar-kiyafete-donustu","status":"publish","type":"post","link":"https:\/\/marmarayerelhizmet.com\/index.php\/2023\/08\/16\/atik-kumaslar-kiyafete-donustu\/","title":{"rendered":"At\u0131k Kuma\u015flar K\u0131yafete D\u00f6n\u00fc\u015ft\u00fc"},"content":{"rendered":"<p><strong><span style=\"font-family: arial, helvetica, sans-serif; font-size: 14px;\">Y\u0131ld\u0131r\u0131m Belediyesi, s\u0131f\u0131r at\u0131k alan\u0131nda fark\u0131ndal\u0131k olu\u015fturmak i\u00e7in Let\u2019s Do \u0130t T\u00fcrkiye ile birlikte at\u0131k kuma\u015flardan tasarlanan eserlerden olu\u015fan geri d\u00f6n\u00fc\u015f\u00fcm sergisi d\u00fczenledi.<br \/>\n<\/span><\/strong><br \/>\n<span style=\"font-family: arial, helvetica, sans-serif; font-size: 14px;\">Y\u0131ld\u0131r\u0131m Belediyesi, s\u0131f\u0131r at\u0131k alan\u0131nda fark\u0131ndal\u0131k olu\u015fturmak Let\u2019s Do \u0130t T\u00fcrkiye ile birlikte geri d\u00f6n\u00fc\u015f\u00fcm sergisi d\u00fczenledi. Y\u0131ld\u0131r\u0131m K\u00fclliyesi\u2019nde \u2018SanAt\u0131k Projesi\u2019 \u00e7er\u00e7evesinde d\u00fczenlenen ve at\u0131k kuma\u015f gibi geri d\u00f6n\u00fc\u015f\u00fcm malzemelerinden tasarlanan 40 eserin g\u00f6r\u00fcc\u00fcye \u00e7\u0131kt\u0131\u011f\u0131 sergiye Y\u0131ld\u0131r\u0131m Belediye Ba\u015fkan\u0131 Oktay Y\u0131lmaz\u2019\u0131n yan\u0131 s\u0131ra Let\u2019s Do \u0130t T\u00fcrkiye Koordinat\u00f6r\u00fc Yusuf Dursun Durmu\u015f, Y\u0131ld\u0131r\u0131m \u0130l\u00e7e Emniyet M\u00fcd\u00fcr\u00fc Cumhur Kenan Boduro\u011flu ile sanatseverler kat\u0131ld\u0131. B\u00f6yle anlaml\u0131 ve \u00f6zel bir sergide bulunmaktan dolay\u0131 memnuniyetini dile getiren Y\u0131ld\u0131r\u0131m Belediye Ba\u015fkan\u0131 Oktay Y\u0131lmaz, \u201cBiz \u00e7evreyi ve do\u011fay\u0131 d\u00fcn\u00fcn miras\u0131 olarak de\u011fil, yar\u0131n\u0131n emaneti olarak de\u011ferlendiriyoruz. Bundan dolay\u0131 bu konuda fark\u0131ndal\u0131k olu\u015fturacak projeler geli\u015ftiriyor ve ger\u00e7ekle\u015ftirilen etkinliklere destek oluyoruz\u201d dedi.<\/span><br \/>\n<span style=\"font-family: arial, helvetica, sans-serif; font-size: 14px;\">Y\u0131ld\u0131r\u0131m Belediyesi\u2019nin, Cumhurba\u015fkan\u0131 Recep Tayyip Erdo\u011fan\u2019\u0131n E\u015fi Emine Erdo\u011fan \u00f6nc\u00fcl\u00fc\u011f\u00fcnde y\u00fcr\u00fct\u00fclen \u2018S\u0131f\u0131r At\u0131k\u2019 projesine etkin bir \u015fekilde destek oldu\u011funu aktaran Ba\u015fkan Y\u0131lmaz, \u201cT\u00fcrkiye\u2019de bir ilke imza atarak at\u0131k d\u00f6n\u00fc\u015f\u00fcm timi olu\u015fturduk. Pazar at\u0131klar\u0131ndan do\u011fal g\u00fcbre, yemek at\u0131klar\u0131ndan ise sokak hayvanlar\u0131 i\u00e7in mama \u00fcretiyoruz. Yine bu alanda fark\u0131ndal\u0131k olu\u015fturacak, insanlar\u0131m\u0131z\u0131n \u015fuurlanmas\u0131na katk\u0131 sa\u011flayacak bu sergiyi d\u00fczenledik. Sanat\u00e7\u0131lar\u0131m\u0131z bir ay boyunca b\u00fcy\u00fck bir \u00f6zveri ile emek harcayarak haz\u0131rlad\u0131klar\u0131 birbirinden de\u011ferli 40 eserin bulundu\u011fu sergi Y\u0131ld\u0131r\u0131m\u2019\u0131n farkl\u0131 b\u00f6lgelerinde, il\u00e7e sakinlerimizin be\u011fenisine sunulacak\u201d diye konu\u015ftu. S\u00fcrd\u00fcr\u00fclebilirli\u011fin bulu\u015ftu\u011fu bu sergiye sa\u011flad\u0131klar\u0131 destekten dolay\u0131 Y\u0131ld\u0131r\u0131m Belediyesi ve Ba\u015fkan Y\u0131lmaz\u2019a te\u015fekk\u00fcr eden s\u0131ra Let\u2019s Do \u0130t T\u00fcrkiye Koordinat\u00f6r\u00fc Yusuf Dursun Durmu\u015f da Bursal\u0131lar\u0131 sergiye davet etti.<\/span><\/p>\n","protected":false},"excerpt":{"rendered":"<p>Y\u0131ld\u0131r\u0131m Belediyesi, s\u0131f\u0131r at\u0131k alan\u0131nda fark\u0131ndal\u0131k olu\u015fturmak i\u00e7in Let\u2019s Do \u0130t T\u00fcrkiye ile birlikte at\u0131k kuma\u015flardan tasarlanan eserlerden olu\u015fan geri<\/p>\n","protected":false},"author":3,"featured_media":13894,"comment_status":"open","ping_status":"open","sticky":false,"template":"","format":"standard","meta":{"colormag_page_container_layout":"default_layout","colormag_page_sidebar_layout":"default_layout","footnotes":""},"categories":[1,5,8],"tags":[],"class_list":["post-13892","post","type-post","status-publish","format-standard","has-post-thumbnail","hentry","category-genel","category-gundem","category-siyaset"],"_links":{"self":[{"href":"https:\/\/marmarayerelhizmet.com\/index.php\/wp-json\/wp\/v2\/posts\/13892","targetHints":{"allow":["GET"]}}],"collection":[{"href":"https:\/\/marmarayerelhizmet.com\/index.php\/wp-json\/wp\/v2\/posts"}],"about":[{"href":"https:\/\/marmarayerelhizmet.com\/index.php\/wp-json\/wp\/v2\/types\/post"}],"author":[{"embeddable":true,"href":"https:\/\/marmarayerelhizmet.com\/index.php\/wp-json\/wp\/v2\/users\/3"}],"replies":[{"embeddable":true,"href":"https:\/\/marmarayerelhizmet.com\/index.php\/wp-json\/wp\/v2\/comments?post=13892"}],"version-history":[{"count":0,"href":"https:\/\/marmarayerelhizmet.com\/index.php\/wp-json\/wp\/v2\/posts\/13892\/revisions"}],"wp:featuredmedia":[{"embeddable":true,"href":"https:\/\/marmarayerelhizmet.com\/index.php\/wp-json\/wp\/v2\/media\/13894"}],"wp:attachment":[{"href":"https:\/\/marmarayerelhizmet.com\/index.php\/wp-json\/wp\/v2\/media?parent=13892"}],"wp:term":[{"taxonomy":"category","embeddable":true,"href":"https:\/\/marmarayerelhizmet.com\/index.php\/wp-json\/wp\/v2\/categories?post=13892"},{"taxonomy":"post_tag","embeddable":true,"href":"https:\/\/marmarayerelhizmet.com\/index.php\/wp-json\/wp\/v2\/tags?post=13892"}],"curies":[{"name":"wp","href":"https:\/\/api.w.org\/{rel}","templated":true}]}}