{"id":13868,"date":"2023-08-15T20:39:10","date_gmt":"2023-08-15T17:39:10","guid":{"rendered":"https:\/\/marmarayerelhizmet.com\/?p=13868"},"modified":"2023-08-15T20:39:10","modified_gmt":"2023-08-15T17:39:10","slug":"esenlerde-eski-kiyafetler-donusuyor","status":"publish","type":"post","link":"https:\/\/marmarayerelhizmet.com\/index.php\/2023\/08\/15\/esenlerde-eski-kiyafetler-donusuyor\/","title":{"rendered":"Esenler&#8217;de Eski K\u0131yafetler D\u00f6n\u00fc\u015f\u00fcyor"},"content":{"rendered":"<p><strong><span style=\"font-family: arial, helvetica, sans-serif; font-size: 14px;\">Esenler Belediyesi\u2019nin \u00f6nc\u00fc projelerinden \u201cAt\u0131ks\u0131z Hayat\u201d hareketi \u00e7er\u00e7evesinde hayata ge\u00e7irilen \u201c\u0130kincil \u00dcretim At\u00f6lyesi\u201dnde dersler ba\u015flad\u0131. Kullan\u0131lmayan k\u0131yafetlerin i\u015flevsel \u00fcr\u00fcnlere d\u00f6n\u00fc\u015ft\u00fc\u011f\u00fc at\u00f6lyede ev han\u0131mlar\u0131 maharetlerini sergileyerek geri d\u00f6n\u00fc\u015f\u00fcme katk\u0131 sunman\u0131n mutlulu\u011funu ya\u015f\u0131yor.<br \/>\n<\/span><\/strong><br \/>\n<span style=\"font-family: arial, helvetica, sans-serif; font-size: 14px;\">Esenler Belediyesi taraf\u0131ndan hayata ge\u00e7irilen \u201cAt\u0131ks\u0131z Hayat\u201d hareketi, yeni projelerle geri d\u00f6n\u00fc\u015f\u00fcm konusunda fark\u0131ndal\u0131k olu\u015fturmaya devam ediyor. \u201cAt\u0131ks\u0131z Hayat\u201d hareketi \u00e7er\u00e7evesinde bu kez Esenler Belediyesi Sanat Evi (ESEV) b\u00fcnyesinde \u201c\u0130kincil \u00dcretim At\u00f6lyesi\u201d kuruldu. \u0130lginin bir hayli y\u00fcksek oldu\u011fu at\u00f6lyede kullan\u0131lmayan k\u0131yafetler ve daha pek \u00e7ok \u00fcr\u00fcn, kad\u0131nlar\u0131n maharetli ellerinde yepyeni eserlere d\u00f6n\u00fc\u015f\u00fcyor.<\/span><\/p>\n<p><strong><span style=\"font-family: arial, helvetica, sans-serif; font-size: 14px;\">T\u00fcketim \u00c7\u0131lg\u0131nl\u0131\u011f\u0131na \u2018Dur\u2019 Diyoruz<\/span><\/strong><br \/>\n<span style=\"font-family: arial, helvetica, sans-serif; font-size: 14px;\">Dekoratif El Sanatlar\u0131 e\u011fitmeni Nazmiye Turan, kursiyerlerin at\u00f6lyede verimli i\u015flere imza att\u0131klar\u0131n\u0131 kaydederek \u201cBurada d\u00f6n\u00fc\u015f\u00fcme katk\u0131da bulunuyoruz. Bu bizi \u00e7ok mutlu ediyor. \u015eu an han\u0131mlar kendi evlerinde kullanmad\u0131klar\u0131 ya da kullan\u0131m s\u0131k\u0131nt\u0131s\u0131 \u00e7ektikleri \u00fcr\u00fcnleri getiriyor ve burada d\u00f6n\u00fc\u015ft\u00fcr\u00fcyorlar. Bug\u00fcnk\u00fc \u00f6devimiz kot pantolon ve kot etekleri d\u00f6n\u00fc\u015ft\u00fcrmek. Bunlar\u0131 \u00f6nl\u00fck ve \u00e7antalara d\u00f6n\u00fc\u015ft\u00fcr\u00fcyoruz. Bizler daha \u00f6nceki neslimizin yani annelerimizin yapt\u0131\u011f\u0131 gibi evdeki kullanmad\u0131\u011f\u0131m\u0131z ya da eskiyen \u00fcr\u00fcnleri atmadan birilerine vermek yerine onlar\u0131 d\u00f6n\u00fc\u015ft\u00fcr\u00fcp yeniden kullan\u0131ma haz\u0131rl\u0131yoruz. Yani burada bir anlamda at\u0131ks\u0131z hayat\u0131 olu\u015fturuyoruz. G\u00fcn\u00fcm\u00fcz\u00fcn t\u00fcketim \u00e7\u0131lg\u0131nl\u0131\u011f\u0131na bir nebze de olsun \u2018dur\u2019 diyoruz. Kurs sonunda bir de sergi a\u00e7mak istiyoruz. \u0130nsanlar da neleri d\u00f6n\u00fc\u015ft\u00fcrd\u00fc\u011f\u00fcm\u00fcz\u00fc g\u00f6rerek \u015fuurlans\u0131n istiyoruz. Ayr\u0131ca ellerindekilerin k\u0131ymetini bilmelerine de vesile olmay\u0131 hedefliyoruz\u201d ifadelerini kulland\u0131.<\/span><\/p>\n<p><strong><span style=\"font-family: arial, helvetica, sans-serif; font-size: 14px;\">Aileme bu \u015fuuru a\u015f\u0131lamak istiyorum<\/span><\/strong><br \/>\n<span style=\"font-family: arial, helvetica, sans-serif; font-size: 14px;\">Kursiyer Mahmure Kara, \u201cBen zaten ESEV\u2019in kurslar\u0131na kat\u0131l\u0131yorum. Bu at\u00f6lyeyi de duyar duymaz geldim. Evimde d\u00f6n\u00fc\u015fecek \u00e7ok \u015fey var. Evdeki de\u011ferlendirebilece\u011fimiz \u00fcr\u00fcnlerden yeni bir \u015feyler \u00fcretece\u011fim. Bug\u00fcn de kottan \u00e7anta ve \u00f6nl\u00fck yapaca\u011f\u0131z. Aileme de bu bilinci a\u015f\u0131lamak istiyorum. \u00d6zellikle \u00e7ocuklar\u0131ma \u00fcr\u00fcnler yapmak istiyorum\u201d dedi.<\/span><br \/>\n<span style=\"font-family: arial, helvetica, sans-serif; font-size: 14px;\">Kursiyer Bet\u00fcl Selvi Topu ise \u015funlar\u0131 kaydetti:<\/span><br \/>\n<span style=\"font-family: arial, helvetica, sans-serif; font-size: 14px;\">\u201cGeri d\u00f6n\u00fc\u015f\u00fcme her zaman merak\u0131m vard\u0131. At\u00f6lyeyi duyunca da hemen gelmek istedim. \u0130lk defa b\u00f6yle bir at\u00f6lyeye kat\u0131ld\u0131m fakat evde d\u00f6n\u00fc\u015ft\u00fcrd\u00fc\u011f\u00fcm \u00fcr\u00fcnler vard\u0131. Bug\u00fcn de kottan \u00e7anta ve \u00f6nl\u00fck yap\u0131yoruz. Biz makrome de \u00f6\u011frendik. Dekoratif olarak kavanozlardan makrome yapmak istiyorum\u201d \u015feklinde konu\u015ftu.<\/span><\/p>\n","protected":false},"excerpt":{"rendered":"<p>Esenler Belediyesi\u2019nin \u00f6nc\u00fc projelerinden \u201cAt\u0131ks\u0131z Hayat\u201d hareketi \u00e7er\u00e7evesinde hayata ge\u00e7irilen \u201c\u0130kincil \u00dcretim At\u00f6lyesi\u201dnde dersler ba\u015flad\u0131. Kullan\u0131lmayan k\u0131yafetlerin i\u015flevsel \u00fcr\u00fcnlere d\u00f6n\u00fc\u015ft\u00fc\u011f\u00fc<\/p>\n","protected":false},"author":3,"featured_media":13870,"comment_status":"open","ping_status":"open","sticky":false,"template":"","format":"standard","meta":{"colormag_page_container_layout":"default_layout","colormag_page_sidebar_layout":"default_layout","footnotes":""},"categories":[1,5,8],"tags":[],"class_list":["post-13868","post","type-post","status-publish","format-standard","has-post-thumbnail","hentry","category-genel","category-gundem","category-siyaset"],"_links":{"self":[{"href":"https:\/\/marmarayerelhizmet.com\/index.php\/wp-json\/wp\/v2\/posts\/13868","targetHints":{"allow":["GET"]}}],"collection":[{"href":"https:\/\/marmarayerelhizmet.com\/index.php\/wp-json\/wp\/v2\/posts"}],"about":[{"href":"https:\/\/marmarayerelhizmet.com\/index.php\/wp-json\/wp\/v2\/types\/post"}],"author":[{"embeddable":true,"href":"https:\/\/marmarayerelhizmet.com\/index.php\/wp-json\/wp\/v2\/users\/3"}],"replies":[{"embeddable":true,"href":"https:\/\/marmarayerelhizmet.com\/index.php\/wp-json\/wp\/v2\/comments?post=13868"}],"version-history":[{"count":0,"href":"https:\/\/marmarayerelhizmet.com\/index.php\/wp-json\/wp\/v2\/posts\/13868\/revisions"}],"wp:featuredmedia":[{"embeddable":true,"href":"https:\/\/marmarayerelhizmet.com\/index.php\/wp-json\/wp\/v2\/media\/13870"}],"wp:attachment":[{"href":"https:\/\/marmarayerelhizmet.com\/index.php\/wp-json\/wp\/v2\/media?parent=13868"}],"wp:term":[{"taxonomy":"category","embeddable":true,"href":"https:\/\/marmarayerelhizmet.com\/index.php\/wp-json\/wp\/v2\/categories?post=13868"},{"taxonomy":"post_tag","embeddable":true,"href":"https:\/\/marmarayerelhizmet.com\/index.php\/wp-json\/wp\/v2\/tags?post=13868"}],"curies":[{"name":"wp","href":"https:\/\/api.w.org\/{rel}","templated":true}]}}