{"id":13860,"date":"2023-08-15T15:20:58","date_gmt":"2023-08-15T12:20:58","guid":{"rendered":"https:\/\/marmarayerelhizmet.com\/?p=13860"},"modified":"2023-08-15T15:20:58","modified_gmt":"2023-08-15T12:20:58","slug":"basarili-olan-519-ogrenciye-odul","status":"publish","type":"post","link":"https:\/\/marmarayerelhizmet.com\/index.php\/2023\/08\/15\/basarili-olan-519-ogrenciye-odul\/","title":{"rendered":"Ba\u015far\u0131l\u0131 Olan 519 \u00d6\u011frenciye \u00d6d\u00fcl"},"content":{"rendered":"<p><strong><span style=\"font-family: arial, helvetica, sans-serif; font-size: 14px;\">Alt\u0131eyl\u00fcl il\u00e7esinde camilerde ve m\u00fcft\u00fcl\u00fck b\u00fcnyesindeki kurslarda Kur&#8217;an-\u0131 Kerim okuman\u0131n yan\u0131nda din, vatan ve millet sevgisini, iyi ve ahlakl\u0131 bireyler olmay\u0131 da \u00f6\u011frenen \u00e7ocuklar, Alt\u0131eyl\u00fcl Belediyesi&#8217;ne ba\u011fl\u0131 Hasan Can K\u00fclt\u00fcr Merkezi&#8217;nde d\u00fczenlenen t\u00f6renle \u00f6d\u00fcllerini ald\u0131.<br \/>\n<\/span><\/strong><br \/>\n<span style=\"font-family: arial, helvetica, sans-serif; font-size: 14px;\">Alt\u0131eyl\u00fcl Belediyesi Gen\u00e7lik ve Spor M\u00fcd\u00fcrl\u00fc\u011f\u00fc ile Alt\u0131eyl\u00fcl Diyanet \u0130\u015fleri \u0130l\u00e7e M\u00fcd\u00fcrl\u00fc\u011f\u00fc ortakla\u015fa ger\u00e7ekle\u015ftirilen &#8216;Bilin\u00e7li Gen\u00e7li\u011fe Do\u011fru&#8217; projesine 4 bin 500 \u00f6\u011frenci kat\u0131l\u0131m sa\u011flad\u0131. Aralar\u0131nda ba\u015far\u0131l\u0131 olan 519 \u00f6\u011frenci Hasan Can K\u00fclt\u00fcr Merkezi&#8217;nde d\u00fczenlenen t\u00f6renle \u00f6d\u00fcllerini ald\u0131. Ba\u015far\u0131l\u0131 olan 100 \u00f6\u011frenciye bisiklet, 127 \u00f6\u011frenciye bluetooth kulakl\u0131k, 192 \u00f6\u011frenciye scooter ve 100 \u00f6\u011frenciye de \u00e7e\u015fitli hediyeler verildi.<\/span><\/p>\n<p><strong><span style=\"font-family: arial, helvetica, sans-serif; font-size: 14px;\">&#8220;Okullar\u0131n kapanmas\u0131yla \u00e7ocuklar\u0131m\u0131z Kur\u2019an-\u0131 Kerim ile tan\u0131\u015ft\u0131&#8221;<\/span><\/strong><br \/>\n<span style=\"font-family: arial, helvetica, sans-serif; font-size: 14px;\">&#8220;Bilin\u00e7li Gen\u00e7li\u011fe Do\u011fru&#8221; slogan\u0131yla Alt\u0131ey\u00fcl&#8217;de okullar\u0131n tatil olmas\u0131yla birlikte \u00e7ocuklar\u0131n dini bilgilerini geli\u015ftirmeleri i\u00e7in yaz d\u00f6nemi boyunca 4 bin 500 \u00f6\u011frencinin Kur&#8217;an kurslar\u0131nda e\u011fitim g\u00f6rd\u00fc\u011f\u00fcn\u00fc belirten Alt\u0131eyl\u00fcl Belediye Ba\u015fkan\u0131 Hasan Avc\u0131, &#8220;Belediyemiz ve Alt\u0131eyl\u00fcl Diyanet \u0130\u015fleri \u0130l\u00e7e M\u00fcft\u00fcl\u00fc\u011f\u00fc ile ortakla\u015fa ger\u00e7ekle\u015ftirilen proje i\u00e7erisinde, gelece\u011fimizin g\u00fcvencesi \u00e7ocuklar\u0131m\u0131z\u0131 y\u00fcce Kitab\u0131m\u0131z Kur\u2019an-\u0131 Kerim ve onun i\u00e7eri\u011fi ile tan\u0131\u015ft\u0131rmak, dini bilgileri do\u011fru bir \u015fekilde \u00f6\u011frenmelerini sa\u011flamak i\u00e7in okullar\u0131n kapanmas\u0131yla birlikte \u00e7al\u0131\u015fma ba\u015flatt\u0131k. Alt\u0131eyl\u00fcl&#8217;de 4 bin 500 \u00e7ocu\u011fumuz camilerimizde e\u011fitim g\u00f6rd\u00fc&#8221; dedi.<\/span><\/p>\n<p><strong><span style=\"font-family: arial, helvetica, sans-serif; font-size: 14px;\">&#8220;\u00c7ocuklar\u0131m\u0131za Kur&#8217;an-\u0131 Kerim&#8217;i \u00f6\u011freten hocalar\u0131m\u0131z\u0131 tebrik ediyorum&#8221;<\/span><\/strong><br \/>\n<span style=\"font-family: arial, helvetica, sans-serif; font-size: 14px;\">Ba\u015fkan Avc\u0131, konu\u015fmas\u0131na \u015f\u00f6yle devam etti:<\/span><br \/>\n<span style=\"font-family: arial, helvetica, sans-serif; font-size: 14px;\">&#8220;Sevgili Peygamberimiz hadisi \u015ferifinde &#8216;Kur\u2019an-\u0131 \u00f6\u011frenen ol, \u00f6\u011freten ol, bunlar\u0131 olamazsan onlar\u0131 destekleyen ol, deste\u011fe de g\u00fcc\u00fcn yetmiyorsa ise muhabbet duyan ol. Be\u015finci olma helak olursun&#8217; diyor. \u015eimdi burada bir tarafta g\u00fczel kitab\u0131m\u0131z Kur&#8217;an-\u0131 Kerim\u2019i \u00f6\u011frenen \u00e7ocuklar\u0131m\u0131z var, bir tarafta onlara g\u00fczel Kur\u2019an-\u0131 Kerim\u2019i \u00f6\u011freten hocalar\u0131m\u0131z var. Di\u011fer taraftan onlar\u0131 destekleyen ailelerimiz bulunuyor. Allah\u2019a hamd olsun ilk 4\u2019\u00fcn tamam\u0131 burada. Allah\u2019a \u00e7ok \u015f\u00fck\u00fcr ki be\u015finci k\u0131s\u0131m burada yok. Onun i\u00e7in salonda bulunan herkesi tebrik ediyorum. De\u011ferli \u00e7ocuklar\u0131m\u0131z sizler, bu millete, bu memlekete faydal\u0131 insan olacaks\u0131n\u0131z. \u00c7\u00fcnk\u00fc bu devlet \u00e7ok kutsal bir devlet, bu millet \u00e7ok m\u00fcbarek bir millet. \u00c7\u00fcnk\u00fc d\u00fcnyada mazlumlara el uzatm\u0131\u015f; bizlerden, sizlerden ba\u015fkas\u0131 yok. Onun i\u00e7in kendinizi iyi yeti\u015ftirin. Onun i\u00e7in sizler kendilerinizi yeti\u015ftirmek i\u00e7in gayret edin. Bizler de yan\u0131n\u0131zda olmaya devam edelim. Bu \u00f6d\u00fcl mekanizmas\u0131na bizi bu konuda te\u015fvik eden, &#8216;\u00e7ocuklar\u0131m\u0131za \u00e7ok b\u00fcy\u00fck destek veririz&#8217; diyen Say\u0131n Alt\u0131eyl\u00fcl Kaymakam\u0131m\u0131z Turgay Hakan Bilgin\u2019e \u00e7ok te\u015fekk\u00fcr ediyorum. Tabi bu 1,5 ayl\u0131k s\u00fcre\u00e7 i\u00e7erisinde size emek veren ba\u015far\u0131l\u0131 \u00f6\u011frencileri de kar\u015f\u0131m\u0131za getiren hocalar\u0131m\u0131za, \u0130l M\u00fcft\u00fcm\u00fcze, \u0130l\u00e7e M\u00fcft\u00fcm\u00fcze ve kendi personelimize de te\u015fekk\u00fcr ediyorum. Allah\u2019a emanet olun.&#8221;<\/span><\/p>\n<p><strong><span style=\"font-family: arial, helvetica, sans-serif; font-size: 14px;\">Kaymakam Bilgin: &#8220;Eme\u011fi ge\u00e7en herkese te\u015fekk\u00fcr ediyorum&#8221;<\/span><\/strong><br \/>\n<span style=\"font-family: arial, helvetica, sans-serif; font-size: 14px;\">Alt\u0131eyl\u00fcl Kaymakam\u0131 Turgay Hakan Bilgin de \u015funlar\u0131 s\u00f6yledi:<\/span><br \/>\n<span style=\"font-family: arial, helvetica, sans-serif; font-size: 14px;\">&#8220;Yaz Kur&#8217;an Kurslar\u0131 y\u00fcce dinimiz \u0130slam&#8217;\u0131 temel esaslar\u0131n\u0131n \u00f6\u011fretilmesi, namaz surelerinin \u00f6\u011frenmeleri, \u0130slam ahlak\u0131n\u0131, g\u00fczel davranmay\u0131, g\u00fczel d\u00fc\u015f\u00fcnmeyi, genel olarak bakt\u0131\u011f\u0131m\u0131zda hayatlar\u0131na dinimiz esaslar\u0131 do\u011frultusunda y\u00f6n vermeyi, \u00e7ok de\u011ferli k\u0131lan kurslar\u0131m\u0131z. Ger\u00e7ekten y\u00fczlerce kursumuzda binlerce \u00f6\u011frencilerimizin kat\u0131l\u0131m\u0131yla de\u011ferli hocalar\u0131m\u0131z\u0131n b\u00fcy\u00fck emekleriyle bu y\u0131lda g\u00fczel faaliyetler icra edildi. Alt\u0131eyl\u00fcl Belediye Ba\u015fkan\u0131m\u0131z Hasan Avc\u0131 da kurslar\u0131m\u0131zda ba\u015far\u0131 g\u00f6steren \u00e7ocuklar\u0131m\u0131z\u0131 \u00f6d\u00fcllendirmek i\u00e7in b\u00f6yle bir g\u00fcn tertiplediler. Kurslar\u0131m\u0131zda emeklerini esirgemeyen; \u0130l M\u00fcft\u00fcm\u00fcze, \u0130l\u00e7e M\u00fcft\u00fcm\u00fcze, k\u0131ymetli Kur&#8217;an kursu hocalar\u0131m\u0131za, imamlar\u0131m\u0131za cami g\u00f6revlerimize te\u015fekk\u00fcr ediyorum.&#8221;<\/span><\/p>\n<p><strong><span style=\"font-family: arial, helvetica, sans-serif; font-size: 14px;\">M\u00fcft\u00fc S\u00fcrge\u00e7: &#8220;Cenab-\u0131 Hak bu yolda olan evlatlar\u0131m\u0131za ba\u015far\u0131lar nasip eylesin&#8221;<\/span><\/strong><br \/>\n<span style=\"font-family: arial, helvetica, sans-serif; font-size: 14px;\">Bal\u0131kesir \u0130l M\u00fcft\u00fcs\u00fc Celal S\u00fcrge\u00e7 ise, &#8220;Kur\u2019an mucizesi 1400 y\u0131ld\u0131r devam ediyor ve k\u0131yamete kadar da devam edecektir. Bunu devam ettirmek sizlerin, bizlerin, ehli iman olan, Kur&#8217;an&#8217;a inanan bizlerin vazifesidir. Cenab-\u0131 Hak bu yolda olan evlatlar\u0131m\u0131za bu yolda ba\u015far\u0131lar nasip eylesin. Bu organizede ger\u00e7ekten ge\u00e7en y\u0131l da bu y\u0131l da Bal\u0131kesir\u2019de ve \u00e7evre illerde yap\u0131lmayan b\u00f6yle bir organize ba\u015fta say\u0131n kaymakam\u0131m\u0131z ve buna maddi destekleriyle destek veren belediye ba\u015fkan\u0131m\u0131zdan Allah raz\u0131 olsun diyorum&#8221; ifadelerini kulland\u0131.<\/span><\/p>\n","protected":false},"excerpt":{"rendered":"<p>Alt\u0131eyl\u00fcl il\u00e7esinde camilerde ve m\u00fcft\u00fcl\u00fck b\u00fcnyesindeki kurslarda Kur&#8217;an-\u0131 Kerim okuman\u0131n yan\u0131nda din, vatan ve millet sevgisini, iyi ve ahlakl\u0131 bireyler<\/p>\n","protected":false},"author":3,"featured_media":13862,"comment_status":"open","ping_status":"open","sticky":false,"template":"","format":"standard","meta":{"colormag_page_container_layout":"default_layout","colormag_page_sidebar_layout":"default_layout","footnotes":""},"categories":[45,1,5,8],"tags":[],"class_list":["post-13860","post","type-post","status-publish","format-standard","has-post-thumbnail","hentry","category-egitim","category-genel","category-gundem","category-siyaset"],"_links":{"self":[{"href":"https:\/\/marmarayerelhizmet.com\/index.php\/wp-json\/wp\/v2\/posts\/13860","targetHints":{"allow":["GET"]}}],"collection":[{"href":"https:\/\/marmarayerelhizmet.com\/index.php\/wp-json\/wp\/v2\/posts"}],"about":[{"href":"https:\/\/marmarayerelhizmet.com\/index.php\/wp-json\/wp\/v2\/types\/post"}],"author":[{"embeddable":true,"href":"https:\/\/marmarayerelhizmet.com\/index.php\/wp-json\/wp\/v2\/users\/3"}],"replies":[{"embeddable":true,"href":"https:\/\/marmarayerelhizmet.com\/index.php\/wp-json\/wp\/v2\/comments?post=13860"}],"version-history":[{"count":0,"href":"https:\/\/marmarayerelhizmet.com\/index.php\/wp-json\/wp\/v2\/posts\/13860\/revisions"}],"wp:featuredmedia":[{"embeddable":true,"href":"https:\/\/marmarayerelhizmet.com\/index.php\/wp-json\/wp\/v2\/media\/13862"}],"wp:attachment":[{"href":"https:\/\/marmarayerelhizmet.com\/index.php\/wp-json\/wp\/v2\/media?parent=13860"}],"wp:term":[{"taxonomy":"category","embeddable":true,"href":"https:\/\/marmarayerelhizmet.com\/index.php\/wp-json\/wp\/v2\/categories?post=13860"},{"taxonomy":"post_tag","embeddable":true,"href":"https:\/\/marmarayerelhizmet.com\/index.php\/wp-json\/wp\/v2\/tags?post=13860"}],"curies":[{"name":"wp","href":"https:\/\/api.w.org\/{rel}","templated":true}]}}